{"id":9838,"date":"2025-09-27T15:36:36","date_gmt":"2025-09-27T14:36:36","guid":{"rendered":"https:\/\/familjen.larsen.vc\/?p=9838"},"modified":"2025-09-27T16:07:32","modified_gmt":"2025-09-27T15:07:32","slug":"kalkbrottsloppet-2025-avklarat","status":"publish","type":"post","link":"https:\/\/familjen.larsen.vc\/?p=9838","title":{"rendered":"Kalkbrottsloppet 2025 avklarat!"},"content":{"rendered":"\n<p>Idag var det s\u00e5 dags f\u00f6r Kalkbrottsloppet. 5,4 km ner och upp i Limhamns kalkbrott.<\/p>\n\n\n\n<p>Meningen var ju att Pontus och jag skulle springa detta idag, men eftersom Pontus varit sjuk de senaste dagarna, l\u00e4mnade han \u00f6ver stafettpinnen till Elias, som gladeligen st\u00e4llde upp. (Ovetande om vilken p\u00e5frestning det skulle bli).<\/p>\n\n\n\n<figure class=\"wp-block-image size-large is-resized\"><img loading=\"lazy\" decoding=\"async\" width=\"576\" height=\"1024\" src=\"https:\/\/familjen.larsen.vc\/wp-content\/uploads\/2025\/09\/2025-09-27_IMG_2515-576x1024.jpg\" alt=\"\" class=\"wp-image-9839\" style=\"width:600px\" srcset=\"https:\/\/familjen.larsen.vc\/wp-content\/uploads\/2025\/09\/2025-09-27_IMG_2515-576x1024.jpg 576w, https:\/\/familjen.larsen.vc\/wp-content\/uploads\/2025\/09\/2025-09-27_IMG_2515-169x300.jpg 169w, https:\/\/familjen.larsen.vc\/wp-content\/uploads\/2025\/09\/2025-09-27_IMG_2515-768x1365.jpg 768w, https:\/\/familjen.larsen.vc\/wp-content\/uploads\/2025\/09\/2025-09-27_IMG_2515-864x1536.jpg 864w, https:\/\/familjen.larsen.vc\/wp-content\/uploads\/2025\/09\/2025-09-27_IMG_2515-1152x2048.jpg 1152w, https:\/\/familjen.larsen.vc\/wp-content\/uploads\/2025\/09\/2025-09-27_IMG_2515-1320x2347.jpg 1320w, https:\/\/familjen.larsen.vc\/wp-content\/uploads\/2025\/09\/2025-09-27_IMG_2515-scaled.jpg 1440w\" sizes=\"auto, (max-width: 576px) 100vw, 576px\" \/><figcaption class=\"wp-element-caption\">Elias med Pontus startnummer och J\u00f6rgen med sitt.<\/figcaption><\/figure>\n\n\n\n<p>Starten gick kl. 14:00 och Elias h\u00f6ll sig cirka 30-meter framf\u00f6r mig i stort sett hela v\u00e4gen ner i kalkbrottet, d\u00e4refter sprang jag f\u00f6rbi honom och h\u00f6ll mig d\u00e4r resten av loppet. F\u00f6rs\u00f6kte h\u00e5lla ett tempo p\u00e5 6:30, men det gick lite fortare nerf\u00f6rsbacke och en hel del saktare uppf\u00f6rsbacke!<\/p>\n\n\n\n<figure class=\"wp-block-image size-large is-resized\"><img loading=\"lazy\" decoding=\"async\" width=\"768\" height=\"1024\" src=\"https:\/\/familjen.larsen.vc\/wp-content\/uploads\/2025\/09\/2025-09-27_IMG_9337-768x1024.jpg\" alt=\"\" class=\"wp-image-9840\" style=\"width:600px\" srcset=\"https:\/\/familjen.larsen.vc\/wp-content\/uploads\/2025\/09\/2025-09-27_IMG_9337-768x1024.jpg 768w, https:\/\/familjen.larsen.vc\/wp-content\/uploads\/2025\/09\/2025-09-27_IMG_9337-225x300.jpg 225w, https:\/\/familjen.larsen.vc\/wp-content\/uploads\/2025\/09\/2025-09-27_IMG_9337-1152x1536.jpg 1152w, https:\/\/familjen.larsen.vc\/wp-content\/uploads\/2025\/09\/2025-09-27_IMG_9337-1536x2048.jpg 1536w, https:\/\/familjen.larsen.vc\/wp-content\/uploads\/2025\/09\/2025-09-27_IMG_9337-1320x1760.jpg 1320w, https:\/\/familjen.larsen.vc\/wp-content\/uploads\/2025\/09\/2025-09-27_IMG_9337-scaled.jpg 1920w\" sizes=\"auto, (max-width: 768px) 100vw, 768px\" \/><figcaption class=\"wp-element-caption\">J\u00f6rgen precis uppkommen fr\u00e5n kalkbrottet.<\/figcaption><\/figure>\n\n\n\n<figure class=\"wp-block-image size-large is-resized\"><img loading=\"lazy\" decoding=\"async\" width=\"768\" height=\"1024\" src=\"https:\/\/familjen.larsen.vc\/wp-content\/uploads\/2025\/09\/2025-09-27_IMG_9342-768x1024.jpg\" alt=\"\" class=\"wp-image-9841\" style=\"width:600px\" srcset=\"https:\/\/familjen.larsen.vc\/wp-content\/uploads\/2025\/09\/2025-09-27_IMG_9342-768x1024.jpg 768w, https:\/\/familjen.larsen.vc\/wp-content\/uploads\/2025\/09\/2025-09-27_IMG_9342-225x300.jpg 225w, https:\/\/familjen.larsen.vc\/wp-content\/uploads\/2025\/09\/2025-09-27_IMG_9342-1152x1536.jpg 1152w, https:\/\/familjen.larsen.vc\/wp-content\/uploads\/2025\/09\/2025-09-27_IMG_9342-1536x2048.jpg 1536w, https:\/\/familjen.larsen.vc\/wp-content\/uploads\/2025\/09\/2025-09-27_IMG_9342-1320x1760.jpg 1320w, https:\/\/familjen.larsen.vc\/wp-content\/uploads\/2025\/09\/2025-09-27_IMG_9342-scaled.jpg 1920w\" sizes=\"auto, (max-width: 768px) 100vw, 768px\" \/><figcaption class=\"wp-element-caption\">Elias precis uppkommer ur kalkbrottet.<\/figcaption><\/figure>\n\n\n\n<figure class=\"wp-block-image size-large is-resized\"><img loading=\"lazy\" decoding=\"async\" width=\"526\" height=\"1024\" src=\"https:\/\/familjen.larsen.vc\/wp-content\/uploads\/2025\/09\/2025-09-27_IMG_2522-526x1024.jpg\" alt=\"\" class=\"wp-image-9849\" style=\"width:600px\" srcset=\"https:\/\/familjen.larsen.vc\/wp-content\/uploads\/2025\/09\/2025-09-27_IMG_2522-526x1024.jpg 526w, https:\/\/familjen.larsen.vc\/wp-content\/uploads\/2025\/09\/2025-09-27_IMG_2522-154x300.jpg 154w, https:\/\/familjen.larsen.vc\/wp-content\/uploads\/2025\/09\/2025-09-27_IMG_2522-768x1495.jpg 768w, https:\/\/familjen.larsen.vc\/wp-content\/uploads\/2025\/09\/2025-09-27_IMG_2522-789x1536.jpg 789w, https:\/\/familjen.larsen.vc\/wp-content\/uploads\/2025\/09\/2025-09-27_IMG_2522-1052x2048.jpg 1052w, https:\/\/familjen.larsen.vc\/wp-content\/uploads\/2025\/09\/2025-09-27_IMG_2522.jpg 1179w\" sizes=\"auto, (max-width: 526px) 100vw, 526px\" \/><\/figure>\n\n\n\n<figure class=\"wp-block-image size-large is-resized\"><img loading=\"lazy\" decoding=\"async\" width=\"576\" height=\"1024\" src=\"https:\/\/familjen.larsen.vc\/wp-content\/uploads\/2025\/09\/2025-09-27_IMG_2516-576x1024.jpg\" alt=\"\" class=\"wp-image-9842\" style=\"width:600px\" srcset=\"https:\/\/familjen.larsen.vc\/wp-content\/uploads\/2025\/09\/2025-09-27_IMG_2516-576x1024.jpg 576w, https:\/\/familjen.larsen.vc\/wp-content\/uploads\/2025\/09\/2025-09-27_IMG_2516-169x300.jpg 169w, https:\/\/familjen.larsen.vc\/wp-content\/uploads\/2025\/09\/2025-09-27_IMG_2516-768x1365.jpg 768w, https:\/\/familjen.larsen.vc\/wp-content\/uploads\/2025\/09\/2025-09-27_IMG_2516-864x1536.jpg 864w, https:\/\/familjen.larsen.vc\/wp-content\/uploads\/2025\/09\/2025-09-27_IMG_2516-1152x2048.jpg 1152w, https:\/\/familjen.larsen.vc\/wp-content\/uploads\/2025\/09\/2025-09-27_IMG_2516-1320x2347.jpg 1320w, https:\/\/familjen.larsen.vc\/wp-content\/uploads\/2025\/09\/2025-09-27_IMG_2516-scaled.jpg 1440w\" sizes=\"auto, (max-width: 576px) 100vw, 576px\" \/><figcaption class=\"wp-element-caption\">Elias p\u00e5 v\u00e4g in i m\u00e5l.<\/figcaption><\/figure>\n\n\n\n<figure class=\"wp-block-video\"><video height=\"1080\" style=\"aspect-ratio: 1920 \/ 1080;\" width=\"1920\" controls src=\"https:\/\/familjen.larsen.vc\/wp-content\/uploads\/2025\/09\/2025-09-27_IMG_2517.mov\"><\/video><\/figure>\n\n\n\n<p>Sluttid f\u00f6r mig, blev 32,49 enligt min egen tidtagning, och Elias sluttid, enligt hans klocka, blev 37,35, (men han gl\u00f6mde att st\u00e4nga av tiden direkt efter m\u00e5lg\u00e5ng!). Nu \u00e5terst\u00e5r det bara att se vad v\u00e5ra officiella tider blev &#8211; \u00e5terkommer med det h\u00e4r nedan!<\/p>\n\n\n\n<figure class=\"wp-block-image size-large is-resized\"><img loading=\"lazy\" decoding=\"async\" width=\"1024\" height=\"1024\" src=\"https:\/\/familjen.larsen.vc\/wp-content\/uploads\/2025\/09\/2025-09-27_IMG_2519-1024x1024.jpg\" alt=\"\" class=\"wp-image-9844\" style=\"width:600px\" srcset=\"https:\/\/familjen.larsen.vc\/wp-content\/uploads\/2025\/09\/2025-09-27_IMG_2519-1024x1024.jpg 1024w, https:\/\/familjen.larsen.vc\/wp-content\/uploads\/2025\/09\/2025-09-27_IMG_2519-300x300.jpg 300w, https:\/\/familjen.larsen.vc\/wp-content\/uploads\/2025\/09\/2025-09-27_IMG_2519-150x150.jpg 150w, https:\/\/familjen.larsen.vc\/wp-content\/uploads\/2025\/09\/2025-09-27_IMG_2519-768x768.jpg 768w, https:\/\/familjen.larsen.vc\/wp-content\/uploads\/2025\/09\/2025-09-27_IMG_2519.jpg 1080w\" sizes=\"auto, (max-width: 1024px) 100vw, 1024px\" \/><\/figure>\n\n\n\n<figure class=\"wp-block-table\"><table><tbody><tr><td>Plats<\/td><td>Nr.<\/td><td>Namn<\/td><td>Land<\/td><td>Lag<\/td><td>Grupp<\/td><td>Sluttid<\/td><td>+ \/ &#8211; 1:a<\/td><\/tr><tr><td>268<\/td><td>56<\/td><td>J\u00f6rgen Larsen<\/td><td>SWE<\/td><td>LITS<\/td><td>M56-59<\/td><td>32:55<\/td><td>+14:13<\/td><\/tr><tr><td>382<\/td><td>57<\/td><td>Elias Larsen<\/td><td>SWE<\/td><td>LITS<\/td><td>M25-29<\/td><td>37:21<\/td><td>+18:39<\/td><\/tr><\/tbody><\/table><\/figure>\n\n\n\n<div class=\"wp-block-buttons is-layout-flex wp-block-buttons-is-layout-flex\">\n<div class=\"wp-block-button\"><a class=\"wp-block-button__link has-white-color has-midnight-gradient-background has-text-color has-background has-link-color wp-element-button\" href=\"https:\/\/live.ultimate.dk\/desktop\/front\/index.php?eventid=7178&amp;language=us&amp;ignoreuseragent=true&amp;fbclid=IwY2xjawNE1uRleHRuA2FlbQIxMQBicmlkETF6aTNNQVNtUEEwdDNrM0dzAR5ZB09EhonPdjFGdB6GDE_qm4j7VRexCxQ_K0aal_sF8xL2_sPRbWumkeTSow_aem_mAnQzSfpHuGM4HcXMySesg\" target=\"_blank\" rel=\"noreferrer noopener\"><strong>Officiella tabellen<\/strong><\/a><\/div>\n<\/div>\n","protected":false},"excerpt":{"rendered":"<p>Idag var det s\u00e5 dags f\u00f6r Kalkbrottsloppet. 5,4 km ner och upp i Limhamns kalkbrott. Meningen var ju att Pontus och jag skulle springa detta idag, men eftersom Pontus varit sjuk de senaste dagarna, l\u00e4mnade han \u00f6ver stafettpinnen till Elias, som gladeligen st\u00e4llde upp. (Ovetande om vilken p\u00e5frestning det skulle bli). Starten gick kl. 14:00 [&hellip;]<\/p>\n","protected":false},"author":1,"featured_media":4010,"comment_status":"closed","ping_status":"open","sticky":false,"template":"","format":"standard","meta":{"footnotes":""},"categories":[346,39,358],"tags":[],"class_list":["post-9838","post","type-post","status-publish","format-standard","has-post-thumbnail","hentry","category-conquer-2025","category-elias","category-kalkbrottsloppet-2025"],"_links":{"self":[{"href":"https:\/\/familjen.larsen.vc\/index.php?rest_route=\/wp\/v2\/posts\/9838","targetHints":{"allow":["GET"]}}],"collection":[{"href":"https:\/\/familjen.larsen.vc\/index.php?rest_route=\/wp\/v2\/posts"}],"about":[{"href":"https:\/\/familjen.larsen.vc\/index.php?rest_route=\/wp\/v2\/types\/post"}],"author":[{"embeddable":true,"href":"https:\/\/familjen.larsen.vc\/index.php?rest_route=\/wp\/v2\/users\/1"}],"replies":[{"embeddable":true,"href":"https:\/\/familjen.larsen.vc\/index.php?rest_route=%2Fwp%2Fv2%2Fcomments&post=9838"}],"version-history":[{"count":5,"href":"https:\/\/familjen.larsen.vc\/index.php?rest_route=\/wp\/v2\/posts\/9838\/revisions"}],"predecessor-version":[{"id":9851,"href":"https:\/\/familjen.larsen.vc\/index.php?rest_route=\/wp\/v2\/posts\/9838\/revisions\/9851"}],"wp:featuredmedia":[{"embeddable":true,"href":"https:\/\/familjen.larsen.vc\/index.php?rest_route=\/wp\/v2\/media\/4010"}],"wp:attachment":[{"href":"https:\/\/familjen.larsen.vc\/index.php?rest_route=%2Fwp%2Fv2%2Fmedia&parent=9838"}],"wp:term":[{"taxonomy":"category","embeddable":true,"href":"https:\/\/familjen.larsen.vc\/index.php?rest_route=%2Fwp%2Fv2%2Fcategories&post=9838"},{"taxonomy":"post_tag","embeddable":true,"href":"https:\/\/familjen.larsen.vc\/index.php?rest_route=%2Fwp%2Fv2%2Ftags&post=9838"}],"curies":[{"name":"wp","href":"https:\/\/api.w.org\/{rel}","templated":true}]}}