{"id":9378,"date":"2025-04-06T15:41:27","date_gmt":"2025-04-06T14:41:27","guid":{"rendered":"https:\/\/familjen.larsen.vc\/?p=9378"},"modified":"2025-04-06T15:41:27","modified_gmt":"2025-04-06T14:41:27","slug":"sasongens-forsta-golfrunda","status":"publish","type":"post","link":"https:\/\/familjen.larsen.vc\/?p=9378","title":{"rendered":"S\u00e4songens f\u00f6rsta golfrunda"},"content":{"rendered":"\n<p>Idag, s\u00f6ndagen den 6 april, var det s\u00e4songens f\u00f6rsta golfrunda f\u00f6r mig.<\/p>\n\n\n\n<p>Det blev tillsammans med Robert, Simon och Elias p\u00e5 Sofiedal.<\/p>\n\n\n\n<p>Vi startade p\u00e5 S\u00f6dra banan kl. 10:30 och startade p\u00e5 Norra banan kl. 12:30.Vi var klara vid 15:00.<\/p>\n\n\n\n<p>Det var lite kallt i bl\u00e5sten, men solen v\u00e4rmde lite n\u00e4r den var framme.<\/p>\n\n\n\n<figure class=\"wp-block-image size-large is-resized\"><a href=\"https:\/\/familjen.larsen.vc\/wp-content\/uploads\/2025\/04\/2025-04-06_IMG_1187-scaled.jpg\"><img loading=\"lazy\" decoding=\"async\" width=\"1024\" height=\"1024\" src=\"https:\/\/familjen.larsen.vc\/wp-content\/uploads\/2025\/04\/2025-04-06_IMG_1187-1024x1024.jpg\" alt=\"\" class=\"wp-image-9379\" style=\"width:600px\" srcset=\"https:\/\/familjen.larsen.vc\/wp-content\/uploads\/2025\/04\/2025-04-06_IMG_1187-1024x1024.jpg 1024w, https:\/\/familjen.larsen.vc\/wp-content\/uploads\/2025\/04\/2025-04-06_IMG_1187-300x300.jpg 300w, https:\/\/familjen.larsen.vc\/wp-content\/uploads\/2025\/04\/2025-04-06_IMG_1187-150x150.jpg 150w, https:\/\/familjen.larsen.vc\/wp-content\/uploads\/2025\/04\/2025-04-06_IMG_1187-768x768.jpg 768w, https:\/\/familjen.larsen.vc\/wp-content\/uploads\/2025\/04\/2025-04-06_IMG_1187-1536x1536.jpg 1536w, https:\/\/familjen.larsen.vc\/wp-content\/uploads\/2025\/04\/2025-04-06_IMG_1187-2048x2048.jpg 2048w, https:\/\/familjen.larsen.vc\/wp-content\/uploads\/2025\/04\/2025-04-06_IMG_1187-1320x1320.jpg 1320w\" sizes=\"auto, (max-width: 1024px) 100vw, 1024px\" \/><\/a><\/figure>\n","protected":false},"excerpt":{"rendered":"<p>Idag, s\u00f6ndagen den 6 april, var det s\u00e4songens f\u00f6rsta golfrunda f\u00f6r mig. Det blev tillsammans med Robert, Simon och Elias p\u00e5 Sofiedal. Vi startade p\u00e5 S\u00f6dra banan kl. 10:30 och startade p\u00e5 Norra banan kl. 12:30.Vi var klara vid 15:00. Det var lite kallt i bl\u00e5sten, men solen v\u00e4rmde lite n\u00e4r den var framme.<\/p>\n","protected":false},"author":1,"featured_media":7597,"comment_status":"closed","ping_status":"open","sticky":false,"template":"","format":"standard","meta":{"footnotes":""},"categories":[273],"tags":[],"class_list":["post-9378","post","type-post","status-publish","format-standard","has-post-thumbnail","hentry","category-golf"],"_links":{"self":[{"href":"https:\/\/familjen.larsen.vc\/index.php?rest_route=\/wp\/v2\/posts\/9378","targetHints":{"allow":["GET"]}}],"collection":[{"href":"https:\/\/familjen.larsen.vc\/index.php?rest_route=\/wp\/v2\/posts"}],"about":[{"href":"https:\/\/familjen.larsen.vc\/index.php?rest_route=\/wp\/v2\/types\/post"}],"author":[{"embeddable":true,"href":"https:\/\/familjen.larsen.vc\/index.php?rest_route=\/wp\/v2\/users\/1"}],"replies":[{"embeddable":true,"href":"https:\/\/familjen.larsen.vc\/index.php?rest_route=%2Fwp%2Fv2%2Fcomments&post=9378"}],"version-history":[{"count":1,"href":"https:\/\/familjen.larsen.vc\/index.php?rest_route=\/wp\/v2\/posts\/9378\/revisions"}],"predecessor-version":[{"id":9380,"href":"https:\/\/familjen.larsen.vc\/index.php?rest_route=\/wp\/v2\/posts\/9378\/revisions\/9380"}],"wp:featuredmedia":[{"embeddable":true,"href":"https:\/\/familjen.larsen.vc\/index.php?rest_route=\/wp\/v2\/media\/7597"}],"wp:attachment":[{"href":"https:\/\/familjen.larsen.vc\/index.php?rest_route=%2Fwp%2Fv2%2Fmedia&parent=9378"}],"wp:term":[{"taxonomy":"category","embeddable":true,"href":"https:\/\/familjen.larsen.vc\/index.php?rest_route=%2Fwp%2Fv2%2Fcategories&post=9378"},{"taxonomy":"post_tag","embeddable":true,"href":"https:\/\/familjen.larsen.vc\/index.php?rest_route=%2Fwp%2Fv2%2Ftags&post=9378"}],"curies":[{"name":"wp","href":"https:\/\/api.w.org\/{rel}","templated":true}]}}