{"id":9341,"date":"2025-03-16T20:53:00","date_gmt":"2025-03-16T19:53:00","guid":{"rendered":"https:\/\/familjen.larsen.vc\/?p=9341"},"modified":"2025-03-17T20:07:54","modified_gmt":"2025-03-17T19:07:54","slug":"camino-de-santiago-klar","status":"publish","type":"post","link":"https:\/\/familjen.larsen.vc\/?p=9341","title":{"rendered":"Camino de Santiago klar!"},"content":{"rendered":"\n<p>Efter ett s\u00f6ndagsbes\u00f6k av Robert &amp; Carina, med god mat och snack, tog jag och bytte om, f\u00f6r att g\u00f6ra mitt tr\u00e4ningspass p\u00e5 l\u00f6pbandet.<\/p>\n\n\n\n<p>42-minuter i tempot 6:30 avverkades i ett svettigt och varmt rum.<\/p>\n\n\n\n<figure class=\"wp-block-image size-large is-resized\"><a href=\"https:\/\/familjen.larsen.vc\/wp-content\/uploads\/2025\/03\/2025-03-16_IMG_1086.jpg\"><img loading=\"lazy\" decoding=\"async\" width=\"1024\" height=\"1024\" src=\"https:\/\/familjen.larsen.vc\/wp-content\/uploads\/2025\/03\/2025-03-16_IMG_1086-1024x1024.jpg\" alt=\"\" class=\"wp-image-9342\" style=\"width:600px\" srcset=\"https:\/\/familjen.larsen.vc\/wp-content\/uploads\/2025\/03\/2025-03-16_IMG_1086-1024x1024.jpg 1024w, https:\/\/familjen.larsen.vc\/wp-content\/uploads\/2025\/03\/2025-03-16_IMG_1086-300x300.jpg 300w, https:\/\/familjen.larsen.vc\/wp-content\/uploads\/2025\/03\/2025-03-16_IMG_1086-150x150.jpg 150w, https:\/\/familjen.larsen.vc\/wp-content\/uploads\/2025\/03\/2025-03-16_IMG_1086-768x768.jpg 768w, https:\/\/familjen.larsen.vc\/wp-content\/uploads\/2025\/03\/2025-03-16_IMG_1086.jpg 1080w\" sizes=\"auto, (max-width: 1024px) 100vw, 1024px\" \/><\/a><\/figure>\n\n\n\n<p>Efter detta pass, fick jag det sista vykortet fr\u00e5n Camino de Santiago och beskedet om att jag var klar med utmaningen.<\/p>\n\n\n\n<figure class=\"wp-block-image size-full is-resized\"><a href=\"https:\/\/familjen.larsen.vc\/wp-content\/uploads\/2025\/03\/postcard_14_CdS_20250316_774.jpg\"><img loading=\"lazy\" decoding=\"async\" width=\"832\" height=\"585\" src=\"https:\/\/familjen.larsen.vc\/wp-content\/uploads\/2025\/03\/postcard_14_CdS_20250316_774.jpg\" alt=\"\" class=\"wp-image-9343\" style=\"width:600px\" srcset=\"https:\/\/familjen.larsen.vc\/wp-content\/uploads\/2025\/03\/postcard_14_CdS_20250316_774.jpg 832w, https:\/\/familjen.larsen.vc\/wp-content\/uploads\/2025\/03\/postcard_14_CdS_20250316_774-300x211.jpg 300w, https:\/\/familjen.larsen.vc\/wp-content\/uploads\/2025\/03\/postcard_14_CdS_20250316_774-768x540.jpg 768w\" sizes=\"auto, (max-width: 832px) 100vw, 832px\" \/><\/a><\/figure>\n\n\n\n<blockquote class=\"wp-block-quote is-layout-flow wp-block-quote-is-layout-flow\">\n<p>Congratulations, you have travelled in the footsteps of the early pilgrims and the many that followed throughout the Middle Ages. A journey deep in rich history, architectural diversity and stunning landscapes.<\/p>\n\n\n\n<p>Now that you have reached the Cathedral of Santiago de Compostela, the final UNESCO site on the Camino Frances, be sure to explore its mixed Romanesque, Gothic and Baroque structure. Building began in 1075 and took 136 years to complete. It is 100m long (330ft), 70m wide (230ft) and 75m high (246ft), with a seating capacity of 1200 people.<\/p>\n\n\n\n<p>The cathedral was built atop one of Jesus&#8217; disciple&#8217;s tombs, St James the Great, and it is part of the Roman Catholic Archdiocese Santiago de Compostela. Relics of St James were discovered in 1879, and once authenticated, they were buried in the crypt beneath the altar alongside two of his disciples, St Theodorus and St Athanasius.&nbsp;<\/p>\n\n\n\n<p>Santiago de Compostela is the capital of Galicia, and the city&#8217;s old town was designated a UNESCO site in 1985. Aside from the Cathedral, some of the major sites to visit are: the neoclassical palace Pazo de Raxoi, the highly decorative baroque Abbey of San Martin Pinario, one of the world&#8217;s oldest universities still in operation University of Santiago de Compostela and the highly modern and contoured City Culture of Galicia (a complex of cultural buildings).<\/p>\n<\/blockquote>\n\n\n\n<figure class=\"wp-block-image size-large is-resized\"><a href=\"https:\/\/familjen.larsen.vc\/wp-content\/uploads\/2025\/03\/2025-03-16_caminoPrintCertificate.png\"><img loading=\"lazy\" decoding=\"async\" width=\"1024\" height=\"724\" src=\"https:\/\/familjen.larsen.vc\/wp-content\/uploads\/2025\/03\/2025-03-16_caminoPrintCertificate-1024x724.png\" alt=\"\" class=\"wp-image-9344\" style=\"width:600px\" srcset=\"https:\/\/familjen.larsen.vc\/wp-content\/uploads\/2025\/03\/2025-03-16_caminoPrintCertificate-1024x724.png 1024w, https:\/\/familjen.larsen.vc\/wp-content\/uploads\/2025\/03\/2025-03-16_caminoPrintCertificate-300x212.png 300w, https:\/\/familjen.larsen.vc\/wp-content\/uploads\/2025\/03\/2025-03-16_caminoPrintCertificate-768x543.png 768w, https:\/\/familjen.larsen.vc\/wp-content\/uploads\/2025\/03\/2025-03-16_caminoPrintCertificate-1536x1087.png 1536w, https:\/\/familjen.larsen.vc\/wp-content\/uploads\/2025\/03\/2025-03-16_caminoPrintCertificate-2048x1449.png 2048w, https:\/\/familjen.larsen.vc\/wp-content\/uploads\/2025\/03\/2025-03-16_caminoPrintCertificate-1320x934.png 1320w\" sizes=\"auto, (max-width: 1024px) 100vw, 1024px\" \/><\/a><\/figure>\n\n\n\n<p>774 km avverkade sedan l\u00f6rdagen den 13 april 2024!<\/p>\n","protected":false},"excerpt":{"rendered":"<p>Efter ett s\u00f6ndagsbes\u00f6k av Robert &amp; Carina, med god mat och snack, tog jag och bytte om, f\u00f6r att g\u00f6ra mitt tr\u00e4ningspass p\u00e5 l\u00f6pbandet. 42-minuter i tempot 6:30 avverkades i ett svettigt och varmt rum. Efter detta pass, fick jag det sista vykortet fr\u00e5n Camino de Santiago och beskedet om att jag var klar med [&hellip;]<\/p>\n","protected":false},"author":1,"featured_media":8051,"comment_status":"closed","ping_status":"open","sticky":false,"template":"","format":"standard","meta":{"footnotes":""},"categories":[281,292,346],"tags":[],"class_list":["post-9341","post","type-post","status-publish","format-standard","has-post-thumbnail","hentry","category-broloppet-2025","category-camino-de-santiago","category-conquer-2025"],"_links":{"self":[{"href":"https:\/\/familjen.larsen.vc\/index.php?rest_route=\/wp\/v2\/posts\/9341","targetHints":{"allow":["GET"]}}],"collection":[{"href":"https:\/\/familjen.larsen.vc\/index.php?rest_route=\/wp\/v2\/posts"}],"about":[{"href":"https:\/\/familjen.larsen.vc\/index.php?rest_route=\/wp\/v2\/types\/post"}],"author":[{"embeddable":true,"href":"https:\/\/familjen.larsen.vc\/index.php?rest_route=\/wp\/v2\/users\/1"}],"replies":[{"embeddable":true,"href":"https:\/\/familjen.larsen.vc\/index.php?rest_route=%2Fwp%2Fv2%2Fcomments&post=9341"}],"version-history":[{"count":1,"href":"https:\/\/familjen.larsen.vc\/index.php?rest_route=\/wp\/v2\/posts\/9341\/revisions"}],"predecessor-version":[{"id":9345,"href":"https:\/\/familjen.larsen.vc\/index.php?rest_route=\/wp\/v2\/posts\/9341\/revisions\/9345"}],"wp:featuredmedia":[{"embeddable":true,"href":"https:\/\/familjen.larsen.vc\/index.php?rest_route=\/wp\/v2\/media\/8051"}],"wp:attachment":[{"href":"https:\/\/familjen.larsen.vc\/index.php?rest_route=%2Fwp%2Fv2%2Fmedia&parent=9341"}],"wp:term":[{"taxonomy":"category","embeddable":true,"href":"https:\/\/familjen.larsen.vc\/index.php?rest_route=%2Fwp%2Fv2%2Fcategories&post=9341"},{"taxonomy":"post_tag","embeddable":true,"href":"https:\/\/familjen.larsen.vc\/index.php?rest_route=%2Fwp%2Fv2%2Ftags&post=9341"}],"curies":[{"name":"wp","href":"https:\/\/api.w.org\/{rel}","templated":true}]}}