{"id":9027,"date":"2024-12-04T09:45:00","date_gmt":"2024-12-04T08:45:00","guid":{"rendered":"https:\/\/familjen.larsen.vc\/?p=9027"},"modified":"2024-12-05T12:31:23","modified_gmt":"2024-12-05T11:31:23","slug":"anmalda-till-midnattsloppet-2025","status":"publish","type":"post","link":"https:\/\/familjen.larsen.vc\/?p=9027","title":{"rendered":"Anm\u00e4lda till Midnattsloppet 2025"},"content":{"rendered":"\n<p>Idag anm\u00e4lde jag b\u00e5de Pontus och mig sj\u00e4lv till Midnattsloppet 2025.<\/p>\n\n\n\n<p>N\u00e5got att se fram emot.<\/p>\n\n\n\n<p>Jag placerade oss i samma startgrupp: <\/p>\n\n\n\n<figure class=\"wp-block-image size-full is-resized\"><a href=\"https:\/\/familjen.larsen.vc\/wp-content\/uploads\/2024\/12\/Midnattsloppet_anmalan_Bekraftelse_2025.jpg\"><img loading=\"lazy\" decoding=\"async\" width=\"891\" height=\"681\" src=\"https:\/\/familjen.larsen.vc\/wp-content\/uploads\/2024\/12\/Midnattsloppet_anmalan_Bekraftelse_2025.jpg\" alt=\"\" class=\"wp-image-9025\" style=\"width:600px\" srcset=\"https:\/\/familjen.larsen.vc\/wp-content\/uploads\/2024\/12\/Midnattsloppet_anmalan_Bekraftelse_2025.jpg 891w, https:\/\/familjen.larsen.vc\/wp-content\/uploads\/2024\/12\/Midnattsloppet_anmalan_Bekraftelse_2025-300x229.jpg 300w, https:\/\/familjen.larsen.vc\/wp-content\/uploads\/2024\/12\/Midnattsloppet_anmalan_Bekraftelse_2025-768x587.jpg 768w\" sizes=\"auto, (max-width: 891px) 100vw, 891px\" \/><\/a><\/figure>\n\n\n\n<figure class=\"wp-block-image size-full is-resized\"><a href=\"https:\/\/familjen.larsen.vc\/wp-content\/uploads\/2024\/12\/Midnattsloppet_Kvitto_2025.jpg\"><img loading=\"lazy\" decoding=\"async\" width=\"962\" height=\"761\" src=\"https:\/\/familjen.larsen.vc\/wp-content\/uploads\/2024\/12\/Midnattsloppet_Kvitto_2025.jpg\" alt=\"\" class=\"wp-image-9026\" style=\"width:600px\" srcset=\"https:\/\/familjen.larsen.vc\/wp-content\/uploads\/2024\/12\/Midnattsloppet_Kvitto_2025.jpg 962w, https:\/\/familjen.larsen.vc\/wp-content\/uploads\/2024\/12\/Midnattsloppet_Kvitto_2025-300x237.jpg 300w, https:\/\/familjen.larsen.vc\/wp-content\/uploads\/2024\/12\/Midnattsloppet_Kvitto_2025-768x608.jpg 768w\" sizes=\"auto, (max-width: 962px) 100vw, 962px\" \/><\/a><\/figure>\n","protected":false},"excerpt":{"rendered":"<p>Idag anm\u00e4lde jag b\u00e5de Pontus och mig sj\u00e4lv till Midnattsloppet 2025. N\u00e5got att se fram emot. Jag placerade oss i samma startgrupp:<\/p>\n","protected":false},"author":1,"featured_media":8724,"comment_status":"closed","ping_status":"open","sticky":false,"template":"","format":"standard","meta":{"footnotes":""},"categories":[344],"tags":[],"class_list":["post-9027","post","type-post","status-publish","format-standard","has-post-thumbnail","hentry","category-midnattsloppet-2025"],"_links":{"self":[{"href":"https:\/\/familjen.larsen.vc\/index.php?rest_route=\/wp\/v2\/posts\/9027","targetHints":{"allow":["GET"]}}],"collection":[{"href":"https:\/\/familjen.larsen.vc\/index.php?rest_route=\/wp\/v2\/posts"}],"about":[{"href":"https:\/\/familjen.larsen.vc\/index.php?rest_route=\/wp\/v2\/types\/post"}],"author":[{"embeddable":true,"href":"https:\/\/familjen.larsen.vc\/index.php?rest_route=\/wp\/v2\/users\/1"}],"replies":[{"embeddable":true,"href":"https:\/\/familjen.larsen.vc\/index.php?rest_route=%2Fwp%2Fv2%2Fcomments&post=9027"}],"version-history":[{"count":3,"href":"https:\/\/familjen.larsen.vc\/index.php?rest_route=\/wp\/v2\/posts\/9027\/revisions"}],"predecessor-version":[{"id":9037,"href":"https:\/\/familjen.larsen.vc\/index.php?rest_route=\/wp\/v2\/posts\/9027\/revisions\/9037"}],"wp:featuredmedia":[{"embeddable":true,"href":"https:\/\/familjen.larsen.vc\/index.php?rest_route=\/wp\/v2\/media\/8724"}],"wp:attachment":[{"href":"https:\/\/familjen.larsen.vc\/index.php?rest_route=%2Fwp%2Fv2%2Fmedia&parent=9027"}],"wp:term":[{"taxonomy":"category","embeddable":true,"href":"https:\/\/familjen.larsen.vc\/index.php?rest_route=%2Fwp%2Fv2%2Fcategories&post=9027"},{"taxonomy":"post_tag","embeddable":true,"href":"https:\/\/familjen.larsen.vc\/index.php?rest_route=%2Fwp%2Fv2%2Ftags&post=9027"}],"curies":[{"name":"wp","href":"https:\/\/api.w.org\/{rel}","templated":true}]}}