{"id":9007,"date":"2024-11-23T14:23:00","date_gmt":"2024-11-23T13:23:00","guid":{"rendered":"https:\/\/familjen.larsen.vc\/?p=9007"},"modified":"2024-11-24T08:14:02","modified_gmt":"2024-11-24T07:14:02","slug":"mustaschmilen-2024-utford","status":"publish","type":"post","link":"https:\/\/familjen.larsen.vc\/?p=9007","title":{"rendered":"Mustaschmilen 2024 &#8211; utf\u00f6rd!"},"content":{"rendered":"\n<p>Dagen b\u00f6rjade med att man vaknade ganska tidigt. Dagens matchvikt m\u00e4ttes till 86,8 kg.<\/p>\n\n\n\n<p>En kopp kaffe intogs och frukost intogs kl. 08:00.<\/p>\n\n\n\n<p>Dagens f\u00f6ruts\u00e4ttningar var inte de b\u00e4sta. P.g.a. en tidigare f\u00f6rkylning, med hosta och det faktum att \u00f6gonl\u00e4karen avr\u00e5tt mig fr\u00e5n fysisk aktivitet, hade jag inf\u00f6r dagens lopp, inte kunnat tr\u00e4na de senaste veckorna. Men vem \u00e4r den som ger upp!<\/p>\n\n\n\n<p>Det byttes om till l\u00f6parkl\u00e4der, med nummerlapp och allt.<\/p>\n\n\n\n<figure class=\"wp-block-image size-large is-resized\"><a href=\"https:\/\/familjen.larsen.vc\/wp-content\/uploads\/2024\/11\/BiB_Mustaschmilen_20241123.jpg\"><img loading=\"lazy\" decoding=\"async\" width=\"1024\" height=\"771\" src=\"https:\/\/familjen.larsen.vc\/wp-content\/uploads\/2024\/11\/BiB_Mustaschmilen_20241123-1024x771.jpg\" alt=\"\" class=\"wp-image-9013\" style=\"width:600px\" srcset=\"https:\/\/familjen.larsen.vc\/wp-content\/uploads\/2024\/11\/BiB_Mustaschmilen_20241123-1024x771.jpg 1024w, https:\/\/familjen.larsen.vc\/wp-content\/uploads\/2024\/11\/BiB_Mustaschmilen_20241123-300x226.jpg 300w, https:\/\/familjen.larsen.vc\/wp-content\/uploads\/2024\/11\/BiB_Mustaschmilen_20241123-768x578.jpg 768w, https:\/\/familjen.larsen.vc\/wp-content\/uploads\/2024\/11\/BiB_Mustaschmilen_20241123-1536x1156.jpg 1536w, https:\/\/familjen.larsen.vc\/wp-content\/uploads\/2024\/11\/BiB_Mustaschmilen_20241123-2048x1542.jpg 2048w, https:\/\/familjen.larsen.vc\/wp-content\/uploads\/2024\/11\/BiB_Mustaschmilen_20241123-1320x994.jpg 1320w\" sizes=\"auto, (max-width: 1024px) 100vw, 1024px\" \/><\/a><figcaption class=\"wp-element-caption\">J\u00f6rgens BiB &#8211; Startnummerlapp<\/figcaption><\/figure>\n\n\n\n<p>10:10 satt vi i bilen och var p\u00e5 v\u00e4g till J\u00e4gersro parkering, d\u00e4r starten f\u00f6r dagens lopp var. N\u00e4r vi kom dit, hade Pontus, Elvira och Ludvig precis ocks\u00e5 kommit dit. Strax innan start, tittade \u00e4ven Stefan &amp; Sofie upp.<\/p>\n\n\n\n<figure class=\"wp-block-image size-large is-resized\"><a href=\"https:\/\/familjen.larsen.vc\/wp-content\/uploads\/2024\/11\/20241123_IMG_7119-scaled.jpg\"><img loading=\"lazy\" decoding=\"async\" width=\"768\" height=\"1024\" src=\"https:\/\/familjen.larsen.vc\/wp-content\/uploads\/2024\/11\/20241123_IMG_7119-768x1024.jpg\" alt=\"\" class=\"wp-image-9000\" style=\"width:600px\" srcset=\"https:\/\/familjen.larsen.vc\/wp-content\/uploads\/2024\/11\/20241123_IMG_7119-768x1024.jpg 768w, https:\/\/familjen.larsen.vc\/wp-content\/uploads\/2024\/11\/20241123_IMG_7119-225x300.jpg 225w, https:\/\/familjen.larsen.vc\/wp-content\/uploads\/2024\/11\/20241123_IMG_7119-1152x1536.jpg 1152w, https:\/\/familjen.larsen.vc\/wp-content\/uploads\/2024\/11\/20241123_IMG_7119-1536x2048.jpg 1536w, https:\/\/familjen.larsen.vc\/wp-content\/uploads\/2024\/11\/20241123_IMG_7119-1320x1760.jpg 1320w, https:\/\/familjen.larsen.vc\/wp-content\/uploads\/2024\/11\/20241123_IMG_7119-scaled.jpg 1920w\" sizes=\"auto, (max-width: 768px) 100vw, 768px\" \/><\/a><figcaption class=\"wp-element-caption\"><em>Dagens supportrar &#8211; Tina tog bilden.<\/em><\/figcaption><\/figure>\n\n\n\n<p>Det blev lite uppv\u00e4rmning f\u00f6re start och vi tog en bild innan loppet.<\/p>\n\n\n\n<figure class=\"wp-block-image size-large is-resized\"><a href=\"https:\/\/familjen.larsen.vc\/wp-content\/uploads\/2024\/11\/20241123_IMG_7114-scaled.jpg\"><img loading=\"lazy\" decoding=\"async\" width=\"768\" height=\"1024\" src=\"https:\/\/familjen.larsen.vc\/wp-content\/uploads\/2024\/11\/20241123_IMG_7114-768x1024.jpg\" alt=\"\" class=\"wp-image-8999\" style=\"width:600px\" srcset=\"https:\/\/familjen.larsen.vc\/wp-content\/uploads\/2024\/11\/20241123_IMG_7114-768x1024.jpg 768w, https:\/\/familjen.larsen.vc\/wp-content\/uploads\/2024\/11\/20241123_IMG_7114-225x300.jpg 225w, https:\/\/familjen.larsen.vc\/wp-content\/uploads\/2024\/11\/20241123_IMG_7114-1152x1536.jpg 1152w, https:\/\/familjen.larsen.vc\/wp-content\/uploads\/2024\/11\/20241123_IMG_7114-1536x2048.jpg 1536w, https:\/\/familjen.larsen.vc\/wp-content\/uploads\/2024\/11\/20241123_IMG_7114-1320x1760.jpg 1320w, https:\/\/familjen.larsen.vc\/wp-content\/uploads\/2024\/11\/20241123_IMG_7114-scaled.jpg 1920w\" sizes=\"auto, (max-width: 768px) 100vw, 768px\" \/><\/a><\/figure>\n\n\n\n<p>Starten gick 11:00 och man var p\u00e5 v\u00e4g runt travbanan och den slinga de m\u00e4tt ut.<\/p>\n\n\n\n<figure class=\"wp-block-image size-large is-resized\"><a href=\"https:\/\/familjen.larsen.vc\/wp-content\/uploads\/2024\/11\/20241123_IMG_0247.jpg\"><img loading=\"lazy\" decoding=\"async\" width=\"533\" height=\"1024\" src=\"https:\/\/familjen.larsen.vc\/wp-content\/uploads\/2024\/11\/20241123_IMG_0247-533x1024.jpg\" alt=\"\" class=\"wp-image-8998\" style=\"width:600px\" srcset=\"https:\/\/familjen.larsen.vc\/wp-content\/uploads\/2024\/11\/20241123_IMG_0247-533x1024.jpg 533w, https:\/\/familjen.larsen.vc\/wp-content\/uploads\/2024\/11\/20241123_IMG_0247-156x300.jpg 156w, https:\/\/familjen.larsen.vc\/wp-content\/uploads\/2024\/11\/20241123_IMG_0247-768x1474.jpg 768w, https:\/\/familjen.larsen.vc\/wp-content\/uploads\/2024\/11\/20241123_IMG_0247-800x1536.jpg 800w, https:\/\/familjen.larsen.vc\/wp-content\/uploads\/2024\/11\/20241123_IMG_0247-1067x2048.jpg 1067w, https:\/\/familjen.larsen.vc\/wp-content\/uploads\/2024\/11\/20241123_IMG_0247.jpg 1179w\" sizes=\"auto, (max-width: 533px) 100vw, 533px\" \/><\/a><\/figure>\n\n\n\n<figure class=\"wp-block-video\"><video height=\"1080\" style=\"aspect-ratio: 1920 \/ 1080;\" width=\"1920\" controls src=\"https:\/\/familjen.larsen.vc\/wp-content\/uploads\/2024\/11\/IMG_7125.mov\"><\/video><\/figure>\n\n\n\n<figure class=\"wp-block-video\"><video height=\"1080\" style=\"aspect-ratio: 1920 \/ 1080;\" width=\"1920\" controls src=\"https:\/\/familjen.larsen.vc\/wp-content\/uploads\/2024\/11\/IMG_7126.mov\"><\/video><\/figure>\n\n\n\n<p>Som vanligt, gick man ut lite f\u00f6r starkt och k\u00e4nde ganska tidigt att jag m\u00e5ste sl\u00e5 av p\u00e5 takten n\u00e5got. Redan efter 3 km, fick jag g\u00e5 lite och efter det, var det bara tungt. M\u00e5let var att klara av loppet p\u00e5 1h 20 min. Det var halt p\u00e5 m\u00e5nga st\u00e4llen, s\u00e5 man sp\u00e4nde sig en del,<\/p>\n\n\n\n<p>Efter f\u00f6rsta varvet, h\u00f6rde jag i h\u00f6gtalarna &#8221;&#8230;och h\u00e4r kommer dagens vinnare!&#8221;, jag passerade m\u00e5llinjen och sedan swishade en l\u00f6pare om mig! (Dagens vinnare!). Vilket inneb\u00e4r att jag INTE blev varvad i alla fall! \ud83d\ude09<\/p>\n\n\n\n<figure class=\"wp-block-image size-large is-resized\"><a href=\"https:\/\/familjen.larsen.vc\/wp-content\/uploads\/2024\/11\/20241123_IMG_7137-scaled.jpg\"><img loading=\"lazy\" decoding=\"async\" width=\"768\" height=\"1024\" src=\"https:\/\/familjen.larsen.vc\/wp-content\/uploads\/2024\/11\/20241123_IMG_7137-768x1024.jpg\" alt=\"\" class=\"wp-image-9002\" style=\"width:600px\" srcset=\"https:\/\/familjen.larsen.vc\/wp-content\/uploads\/2024\/11\/20241123_IMG_7137-768x1024.jpg 768w, https:\/\/familjen.larsen.vc\/wp-content\/uploads\/2024\/11\/20241123_IMG_7137-225x300.jpg 225w, https:\/\/familjen.larsen.vc\/wp-content\/uploads\/2024\/11\/20241123_IMG_7137-1152x1536.jpg 1152w, https:\/\/familjen.larsen.vc\/wp-content\/uploads\/2024\/11\/20241123_IMG_7137-1536x2048.jpg 1536w, https:\/\/familjen.larsen.vc\/wp-content\/uploads\/2024\/11\/20241123_IMG_7137-1320x1760.jpg 1320w, https:\/\/familjen.larsen.vc\/wp-content\/uploads\/2024\/11\/20241123_IMG_7137-scaled.jpg 1920w\" sizes=\"auto, (max-width: 768px) 100vw, 768px\" \/><\/a><figcaption class=\"wp-element-caption\"><em>M\u00e5lg\u00e5ng 10km<\/em><\/figcaption><\/figure>\n\n\n\n<figure class=\"wp-block-image size-large is-resized\"><a href=\"https:\/\/familjen.larsen.vc\/wp-content\/uploads\/2024\/11\/20241123_IMG_0240.jpg\"><img loading=\"lazy\" decoding=\"async\" width=\"1024\" height=\"1024\" src=\"https:\/\/familjen.larsen.vc\/wp-content\/uploads\/2024\/11\/20241123_IMG_0240-1024x1024.jpg\" alt=\"\" class=\"wp-image-8996\" style=\"width:600px\" srcset=\"https:\/\/familjen.larsen.vc\/wp-content\/uploads\/2024\/11\/20241123_IMG_0240-1024x1024.jpg 1024w, https:\/\/familjen.larsen.vc\/wp-content\/uploads\/2024\/11\/20241123_IMG_0240-300x300.jpg 300w, https:\/\/familjen.larsen.vc\/wp-content\/uploads\/2024\/11\/20241123_IMG_0240-150x150.jpg 150w, https:\/\/familjen.larsen.vc\/wp-content\/uploads\/2024\/11\/20241123_IMG_0240-768x768.jpg 768w, https:\/\/familjen.larsen.vc\/wp-content\/uploads\/2024\/11\/20241123_IMG_0240.jpg 1080w\" sizes=\"auto, (max-width: 1024px) 100vw, 1024px\" \/><\/a><figcaption class=\"wp-element-caption\"><em>Pontus och J\u00f6rgen poserar efter loppet<\/em><\/figcaption><\/figure>\n\n\n\n<figure class=\"wp-block-image size-large is-resized\"><a href=\"https:\/\/familjen.larsen.vc\/wp-content\/uploads\/2024\/11\/20241123_IMG_0244-scaled.jpg\"><img loading=\"lazy\" decoding=\"async\" width=\"768\" height=\"1024\" src=\"https:\/\/familjen.larsen.vc\/wp-content\/uploads\/2024\/11\/20241123_IMG_0244-768x1024.jpg\" alt=\"\" class=\"wp-image-8997\" style=\"width:600px\" srcset=\"https:\/\/familjen.larsen.vc\/wp-content\/uploads\/2024\/11\/20241123_IMG_0244-768x1024.jpg 768w, https:\/\/familjen.larsen.vc\/wp-content\/uploads\/2024\/11\/20241123_IMG_0244-225x300.jpg 225w, https:\/\/familjen.larsen.vc\/wp-content\/uploads\/2024\/11\/20241123_IMG_0244-1152x1536.jpg 1152w, https:\/\/familjen.larsen.vc\/wp-content\/uploads\/2024\/11\/20241123_IMG_0244-1536x2048.jpg 1536w, https:\/\/familjen.larsen.vc\/wp-content\/uploads\/2024\/11\/20241123_IMG_0244-1320x1760.jpg 1320w, https:\/\/familjen.larsen.vc\/wp-content\/uploads\/2024\/11\/20241123_IMG_0244-scaled.jpg 1920w\" sizes=\"auto, (max-width: 768px) 100vw, 768px\" \/><\/a><figcaption class=\"wp-element-caption\"><em>Ludvig och farfar Stefan gratulerar morfar J\u00f6rgen till avklarat lopp.<\/em><\/figcaption><\/figure>\n\n\n\n<p>Efter avklarat lopp, fick jag \u00e4ven en notis fr\u00e5n Runkeeper, att jag klarat av m\u00e5nadens utmaning.<\/p>\n\n\n\n<figure class=\"wp-block-image size-large is-resized\"><a href=\"https:\/\/familjen.larsen.vc\/wp-content\/uploads\/2024\/11\/20241123_IMG_0216.jpg\"><img loading=\"lazy\" decoding=\"async\" width=\"842\" height=\"1024\" src=\"https:\/\/familjen.larsen.vc\/wp-content\/uploads\/2024\/11\/20241123_IMG_0216-842x1024.jpg\" alt=\"\" class=\"wp-image-9006\" style=\"width:600px\" srcset=\"https:\/\/familjen.larsen.vc\/wp-content\/uploads\/2024\/11\/20241123_IMG_0216-842x1024.jpg 842w, https:\/\/familjen.larsen.vc\/wp-content\/uploads\/2024\/11\/20241123_IMG_0216-247x300.jpg 247w, https:\/\/familjen.larsen.vc\/wp-content\/uploads\/2024\/11\/20241123_IMG_0216-768x934.jpg 768w, https:\/\/familjen.larsen.vc\/wp-content\/uploads\/2024\/11\/20241123_IMG_0216.jpg 1179w\" sizes=\"auto, (max-width: 842px) 100vw, 842px\" \/><\/a><\/figure>\n","protected":false},"excerpt":{"rendered":"<p>Dagen b\u00f6rjade med att man vaknade ganska tidigt. Dagens matchvikt m\u00e4ttes till 86,8 kg. En kopp kaffe intogs och frukost intogs kl. 08:00. Dagens f\u00f6ruts\u00e4ttningar var inte de b\u00e4sta. P.g.a. en tidigare f\u00f6rkylning, med hosta och det faktum att \u00f6gonl\u00e4karen avr\u00e5tt mig fr\u00e5n fysisk aktivitet, hade jag inf\u00f6r dagens lopp, inte kunnat tr\u00e4na de senaste [&hellip;]<\/p>\n","protected":false},"author":1,"featured_media":8586,"comment_status":"closed","ping_status":"open","sticky":false,"template":"","format":"standard","meta":{"footnotes":""},"categories":[316],"tags":[],"class_list":["post-9007","post","type-post","status-publish","format-standard","has-post-thumbnail","hentry","category-mustaschmilen-2024"],"_links":{"self":[{"href":"https:\/\/familjen.larsen.vc\/index.php?rest_route=\/wp\/v2\/posts\/9007","targetHints":{"allow":["GET"]}}],"collection":[{"href":"https:\/\/familjen.larsen.vc\/index.php?rest_route=\/wp\/v2\/posts"}],"about":[{"href":"https:\/\/familjen.larsen.vc\/index.php?rest_route=\/wp\/v2\/types\/post"}],"author":[{"embeddable":true,"href":"https:\/\/familjen.larsen.vc\/index.php?rest_route=\/wp\/v2\/users\/1"}],"replies":[{"embeddable":true,"href":"https:\/\/familjen.larsen.vc\/index.php?rest_route=%2Fwp%2Fv2%2Fcomments&post=9007"}],"version-history":[{"count":5,"href":"https:\/\/familjen.larsen.vc\/index.php?rest_route=\/wp\/v2\/posts\/9007\/revisions"}],"predecessor-version":[{"id":9019,"href":"https:\/\/familjen.larsen.vc\/index.php?rest_route=\/wp\/v2\/posts\/9007\/revisions\/9019"}],"wp:featuredmedia":[{"embeddable":true,"href":"https:\/\/familjen.larsen.vc\/index.php?rest_route=\/wp\/v2\/media\/8586"}],"wp:attachment":[{"href":"https:\/\/familjen.larsen.vc\/index.php?rest_route=%2Fwp%2Fv2%2Fmedia&parent=9007"}],"wp:term":[{"taxonomy":"category","embeddable":true,"href":"https:\/\/familjen.larsen.vc\/index.php?rest_route=%2Fwp%2Fv2%2Fcategories&post=9007"},{"taxonomy":"post_tag","embeddable":true,"href":"https:\/\/familjen.larsen.vc\/index.php?rest_route=%2Fwp%2Fv2%2Ftags&post=9007"}],"curies":[{"name":"wp","href":"https:\/\/api.w.org\/{rel}","templated":true}]}}