{"id":8811,"date":"2024-09-07T23:50:00","date_gmt":"2024-09-07T22:50:00","guid":{"rendered":"https:\/\/familjen.larsen.vc\/?p=8811"},"modified":"2024-09-08T09:24:34","modified_gmt":"2024-09-08T08:24:34","slug":"midnattsloppet-2024-09-07","status":"publish","type":"post","link":"https:\/\/familjen.larsen.vc\/?p=8811","title":{"rendered":"Midnattsloppet &#8211; 2024-09-07"},"content":{"rendered":"\n<p>Denna l\u00f6rdag kom barn och barnbarn \u00e5terigen som en \u00f6verraskning hem till oss, f\u00f6r att forts\u00e4tta sin raid i tr\u00e4dg\u00e5rden! Emelie med barnen, Elvira och Pontus med Ludvig, och s\u00e5 f\u00f6rst\u00e5s Ellie som redan var h\u00e4r efter v\u00e5r promenad!<\/p>\n\n\n\n<p>Pontus \u00f6verraskade med att sl\u00e4nga fram sitt startkit till kv\u00e4llens Midnattslopp i Malm\u00f6! Kul!<\/p>\n\n\n\n<p>Efter avslutat tr\u00e4dg\u00e5rdsarbete och en gemensam middag, best\u00e5ende av k\u00f6ttbullar, pasta, hemgjord pizza, kr\u00e4ftor, r\u00e4kor, \u00e4gg och tillbeh\u00f6r, tog vi en bild p\u00e5 Pontus och mig, i v\u00e5r f\u00f6r kv\u00e4llen best\u00e4mda outfit.<\/p>\n\n\n\n<figure class=\"wp-block-image size-large is-resized\"><a href=\"https:\/\/familjen.larsen.vc\/wp-content\/uploads\/2024\/09\/2024-09-07_IMG_9784-scaled.jpg\"><img loading=\"lazy\" decoding=\"async\" width=\"768\" height=\"1024\" src=\"https:\/\/familjen.larsen.vc\/wp-content\/uploads\/2024\/09\/2024-09-07_IMG_9784-768x1024.jpg\" alt=\"\" class=\"wp-image-8812\" style=\"width:600px\" srcset=\"https:\/\/familjen.larsen.vc\/wp-content\/uploads\/2024\/09\/2024-09-07_IMG_9784-768x1024.jpg 768w, https:\/\/familjen.larsen.vc\/wp-content\/uploads\/2024\/09\/2024-09-07_IMG_9784-225x300.jpg 225w, https:\/\/familjen.larsen.vc\/wp-content\/uploads\/2024\/09\/2024-09-07_IMG_9784-1152x1536.jpg 1152w, https:\/\/familjen.larsen.vc\/wp-content\/uploads\/2024\/09\/2024-09-07_IMG_9784-1536x2048.jpg 1536w, https:\/\/familjen.larsen.vc\/wp-content\/uploads\/2024\/09\/2024-09-07_IMG_9784-scaled.jpg 1920w\" sizes=\"auto, (max-width: 768px) 100vw, 768px\" \/><\/a><\/figure>\n\n\n\n<p>Klockan 20:30 k\u00f6rde Ellie och Elvira in oss till Stortorget, d\u00e4r starten skulle g\u00e5 av stapeln.<\/p>\n\n\n\n<p>Pontus startade i grupp 6A, vilket var ett par minuter efter den grupp jag startade i; 5A. Min start gick kl. 21:09. 10 km skulle nu avverkas. Jag hade satt som m\u00e5l att klara av rundan p\u00e5 mellan 1h 5min till 1h 15min. \u00c4ven Madeleine och Mikael Norrman sprang loppet ikv\u00e4ll, men hade valt 5 km.<\/p>\n\n\n\n<figure class=\"wp-block-image size-large is-resized\"><a href=\"https:\/\/familjen.larsen.vc\/wp-content\/uploads\/2024\/09\/2024-09-07_IMG_9793.jpg\"><img loading=\"lazy\" decoding=\"async\" width=\"502\" height=\"1024\" src=\"https:\/\/familjen.larsen.vc\/wp-content\/uploads\/2024\/09\/2024-09-07_IMG_9793-502x1024.jpg\" alt=\"\" class=\"wp-image-8813\" style=\"width:600px\" srcset=\"https:\/\/familjen.larsen.vc\/wp-content\/uploads\/2024\/09\/2024-09-07_IMG_9793-502x1024.jpg 502w, https:\/\/familjen.larsen.vc\/wp-content\/uploads\/2024\/09\/2024-09-07_IMG_9793-147x300.jpg 147w, https:\/\/familjen.larsen.vc\/wp-content\/uploads\/2024\/09\/2024-09-07_IMG_9793-768x1567.jpg 768w, https:\/\/familjen.larsen.vc\/wp-content\/uploads\/2024\/09\/2024-09-07_IMG_9793-753x1536.jpg 753w, https:\/\/familjen.larsen.vc\/wp-content\/uploads\/2024\/09\/2024-09-07_IMG_9793-1004x2048.jpg 1004w, https:\/\/familjen.larsen.vc\/wp-content\/uploads\/2024\/09\/2024-09-07_IMG_9793.jpg 1179w\" sizes=\"auto, (max-width: 502px) 100vw, 502px\" \/><\/a><\/figure>\n\n\n\n<p>Det var kul att springa, men jobbigt! En hel del folk deltog och ibland var det tr\u00e5ngt.<\/p>\n\n\n\n<p>Efter 9 km tog det slut f\u00f6r mig, och jag fick sakta ner tempot n\u00e5got och d\u00e5 passade Pontus p\u00e5 att springa f\u00f6rbi mig! Vi tog oss i m\u00e5l kort tid efter varandra, helt slut!<\/p>\n\n\n\n<figure class=\"wp-block-image size-large is-resized\"><a href=\"https:\/\/familjen.larsen.vc\/wp-content\/uploads\/2024\/09\/2024-09-07_IMG_9336-scaled.jpg\"><img loading=\"lazy\" decoding=\"async\" width=\"768\" height=\"1024\" src=\"https:\/\/familjen.larsen.vc\/wp-content\/uploads\/2024\/09\/2024-09-07_IMG_9336-768x1024.jpg\" alt=\"\" class=\"wp-image-8814\" style=\"width:600px\" srcset=\"https:\/\/familjen.larsen.vc\/wp-content\/uploads\/2024\/09\/2024-09-07_IMG_9336-768x1024.jpg 768w, https:\/\/familjen.larsen.vc\/wp-content\/uploads\/2024\/09\/2024-09-07_IMG_9336-225x300.jpg 225w, https:\/\/familjen.larsen.vc\/wp-content\/uploads\/2024\/09\/2024-09-07_IMG_9336-1152x1536.jpg 1152w, https:\/\/familjen.larsen.vc\/wp-content\/uploads\/2024\/09\/2024-09-07_IMG_9336-1536x2048.jpg 1536w, https:\/\/familjen.larsen.vc\/wp-content\/uploads\/2024\/09\/2024-09-07_IMG_9336-scaled.jpg 1920w\" sizes=\"auto, (max-width: 768px) 100vw, 768px\" \/><\/a><figcaption class=\"wp-element-caption\"><em>Pontus och J\u00f6rgen efter avslutat Midnattslopp.<\/em><\/figcaption><\/figure>\n\n\n\n<p>S\u00e5 h\u00e4r blev resultaten f\u00f6r oss fyra:<\/p>\n\n\n\n<figure class=\"wp-block-image size-large is-resized\"><a href=\"https:\/\/familjen.larsen.vc\/wp-content\/uploads\/2024\/09\/2024-09-07_midnattsloppet_favoriters_resultat.jpg\"><img loading=\"lazy\" decoding=\"async\" width=\"674\" height=\"1024\" src=\"https:\/\/familjen.larsen.vc\/wp-content\/uploads\/2024\/09\/2024-09-07_midnattsloppet_favoriters_resultat-674x1024.jpg\" alt=\"\" class=\"wp-image-8815\" style=\"width:600px\" srcset=\"https:\/\/familjen.larsen.vc\/wp-content\/uploads\/2024\/09\/2024-09-07_midnattsloppet_favoriters_resultat-674x1024.jpg 674w, https:\/\/familjen.larsen.vc\/wp-content\/uploads\/2024\/09\/2024-09-07_midnattsloppet_favoriters_resultat-197x300.jpg 197w, https:\/\/familjen.larsen.vc\/wp-content\/uploads\/2024\/09\/2024-09-07_midnattsloppet_favoriters_resultat-768x1167.jpg 768w, https:\/\/familjen.larsen.vc\/wp-content\/uploads\/2024\/09\/2024-09-07_midnattsloppet_favoriters_resultat-1011x1536.jpg 1011w, https:\/\/familjen.larsen.vc\/wp-content\/uploads\/2024\/09\/2024-09-07_midnattsloppet_favoriters_resultat.jpg 1179w\" sizes=\"auto, (max-width: 674px) 100vw, 674px\" \/><\/a><\/figure>\n\n\n\n<p>Placeringar:<\/p>\n\n\n\n<table id=\"tablepress-25\" class=\"tablepress tablepress-id-25\">\n<thead>\n<tr class=\"row-1\">\n\t<th class=\"column-1\">Startnummer<\/th><th class=\"column-2\">Namn<\/th><th class=\"column-3\">Placering<br \/>\nTotalt<\/th><th class=\"column-4\">Placering<br \/>\nM\u00e4n \/ Kvinnor<\/th><th class=\"column-5\">Placering<br \/>\nM\u00e4n \/ Kvinnor <br \/>\n\u00c5ldersgrupp<\/th>\n<\/tr>\n<\/thead>\n<tbody class=\"row-striping row-hover\">\n<tr class=\"row-2\">\n\t<td class=\"column-1\">2819<\/td><td class=\"column-2\">Mikael Norrman<\/td><td class=\"column-3\">753<\/td><td class=\"column-4\">290<\/td><td class=\"column-5\">38<\/td>\n<\/tr>\n<tr class=\"row-3\">\n\t<td class=\"column-1\">4814<\/td><td class=\"column-2\">Madeleine Norrman<\/td><td class=\"column-3\">754<\/td><td class=\"column-4\">464<\/td><td class=\"column-5\">76<\/td>\n<\/tr>\n<tr class=\"row-4\">\n\t<td class=\"column-1\">4830<\/td><td class=\"column-2\">J\u00f6rgen Larsen<\/td><td class=\"column-3\">2112<\/td><td class=\"column-4\">1353<\/td><td class=\"column-5\">88<\/td>\n<\/tr>\n<tr class=\"row-5\">\n\t<td class=\"column-1\">5557<\/td><td class=\"column-2\">Pontus Svensson<\/td><td class=\"column-3\">1265<\/td><td class=\"column-4\">964<\/td><td class=\"column-5\">385<\/td>\n<\/tr>\n<\/tbody>\n<\/table>\n<!-- #tablepress-25 from cache -->","protected":false},"excerpt":{"rendered":"<p>Denna l\u00f6rdag kom barn och barnbarn \u00e5terigen som en \u00f6verraskning hem till oss, f\u00f6r att forts\u00e4tta sin raid i tr\u00e4dg\u00e5rden! Emelie med barnen, Elvira och Pontus med Ludvig, och s\u00e5 f\u00f6rst\u00e5s Ellie som redan var h\u00e4r efter v\u00e5r promenad! Pontus \u00f6verraskade med att sl\u00e4nga fram sitt startkit till kv\u00e4llens Midnattslopp i Malm\u00f6! Kul! Efter avslutat [&hellip;]<\/p>\n","protected":false},"author":1,"featured_media":8724,"comment_status":"closed","ping_status":"open","sticky":false,"template":"","format":"standard","meta":{"footnotes":""},"categories":[327],"tags":[],"class_list":["post-8811","post","type-post","status-publish","format-standard","has-post-thumbnail","hentry","category-midnatsloppet-2024"],"_links":{"self":[{"href":"https:\/\/familjen.larsen.vc\/index.php?rest_route=\/wp\/v2\/posts\/8811","targetHints":{"allow":["GET"]}}],"collection":[{"href":"https:\/\/familjen.larsen.vc\/index.php?rest_route=\/wp\/v2\/posts"}],"about":[{"href":"https:\/\/familjen.larsen.vc\/index.php?rest_route=\/wp\/v2\/types\/post"}],"author":[{"embeddable":true,"href":"https:\/\/familjen.larsen.vc\/index.php?rest_route=\/wp\/v2\/users\/1"}],"replies":[{"embeddable":true,"href":"https:\/\/familjen.larsen.vc\/index.php?rest_route=%2Fwp%2Fv2%2Fcomments&post=8811"}],"version-history":[{"count":2,"href":"https:\/\/familjen.larsen.vc\/index.php?rest_route=\/wp\/v2\/posts\/8811\/revisions"}],"predecessor-version":[{"id":8819,"href":"https:\/\/familjen.larsen.vc\/index.php?rest_route=\/wp\/v2\/posts\/8811\/revisions\/8819"}],"wp:featuredmedia":[{"embeddable":true,"href":"https:\/\/familjen.larsen.vc\/index.php?rest_route=\/wp\/v2\/media\/8724"}],"wp:attachment":[{"href":"https:\/\/familjen.larsen.vc\/index.php?rest_route=%2Fwp%2Fv2%2Fmedia&parent=8811"}],"wp:term":[{"taxonomy":"category","embeddable":true,"href":"https:\/\/familjen.larsen.vc\/index.php?rest_route=%2Fwp%2Fv2%2Fcategories&post=8811"},{"taxonomy":"post_tag","embeddable":true,"href":"https:\/\/familjen.larsen.vc\/index.php?rest_route=%2Fwp%2Fv2%2Ftags&post=8811"}],"curies":[{"name":"wp","href":"https:\/\/api.w.org\/{rel}","templated":true}]}}