{"id":8783,"date":"2024-09-02T19:07:00","date_gmt":"2024-09-02T18:07:00","guid":{"rendered":"https:\/\/familjen.larsen.vc\/?p=8783"},"modified":"2024-09-03T08:10:04","modified_gmt":"2024-09-03T07:10:04","slug":"milen-igen","status":"publish","type":"post","link":"https:\/\/familjen.larsen.vc\/?p=8783","title":{"rendered":"Milen igen"},"content":{"rendered":"\n<p>Idag hade jag best\u00e4mt mig f\u00f6r att ta mig ut p\u00e5 en runda f\u00f6r att testa om jag klarade av att jogga 10km.<\/p>\n\n\n\n<p>Dagen kantades av strul, med gl\u00f6mda m\u00f6ten (felplanerade) och annat, men jag gav mig ut efter jobb.<\/p>\n\n\n\n<p>V\u00e4dret var ganska humant, inte f\u00f6r varmt och inte kallt. N\u00e5got bl\u00e5sigt, men det var inget som p\u00e5verkade mig n\u00e4mv\u00e4rt.<\/p>\n\n\n\n<p>Jag tog mig f\u00f6rbi Djupadalskolan och sedan passerade jag kyrkog\u00e5rden, f\u00f6r att sedan ta mig vidare f\u00f6rbi Limhamns IP. Kom upp vid kalkbrottsgatan och tog mig in och runt kalkbrottet, f\u00f6r att sedan vika av p\u00e5 g\u00e5ngen till Bl\u00e5sebergav\u00e4gen. Den l\u00e5nga v\u00e4gen f\u00f6rbi kalkbrottet var lite jobbig, med uppf\u00f6rsbacke och lite motvind.<\/p>\n\n\n\n<p>\u00d6ver Bl\u00e5sebergabron, som ju ocks\u00e5 var uppf\u00f6r och sedan f\u00f6rbi Ollebo och hem\u00e5t l\u00e4ngs Lorensborgsgatan. \u00c4ven h\u00e4r var det mycket uppf\u00f6r, s\u00e5 tiderna blev lite s\u00e4mre \u00e4n de i starten. Tiderna var dock inget bekymmer f\u00f6r mig denna runda, d\u00e4r fokus var p\u00e5 att ta mig runt utan att stanna, eller g\u00e5.<\/p>\n\n\n\n<p>S\u00e5 blev det! Jag stannade klockan strax efter avklarad mil och promenerade resten av v\u00e4gen hem.<\/p>\n\n\n\n<p>JAG KLARADE DET!<\/p>\n\n\n\n<figure class=\"wp-block-image size-large is-resized\"><a href=\"https:\/\/familjen.larsen.vc\/wp-content\/uploads\/2024\/09\/2024-09-02_IMG_9726-scaled.jpg\"><img loading=\"lazy\" decoding=\"async\" width=\"1024\" height=\"1024\" src=\"https:\/\/familjen.larsen.vc\/wp-content\/uploads\/2024\/09\/2024-09-02_IMG_9726-1024x1024.jpg\" alt=\"\" class=\"wp-image-8784\" style=\"width:600px\" srcset=\"https:\/\/familjen.larsen.vc\/wp-content\/uploads\/2024\/09\/2024-09-02_IMG_9726-1024x1024.jpg 1024w, https:\/\/familjen.larsen.vc\/wp-content\/uploads\/2024\/09\/2024-09-02_IMG_9726-300x300.jpg 300w, https:\/\/familjen.larsen.vc\/wp-content\/uploads\/2024\/09\/2024-09-02_IMG_9726-150x150.jpg 150w, https:\/\/familjen.larsen.vc\/wp-content\/uploads\/2024\/09\/2024-09-02_IMG_9726-768x768.jpg 768w, https:\/\/familjen.larsen.vc\/wp-content\/uploads\/2024\/09\/2024-09-02_IMG_9726-1536x1536.jpg 1536w, https:\/\/familjen.larsen.vc\/wp-content\/uploads\/2024\/09\/2024-09-02_IMG_9726-2048x2048.jpg 2048w\" sizes=\"auto, (max-width: 1024px) 100vw, 1024px\" \/><\/a><\/figure>\n\n\n\n<p>Strax efter avklarad mil, fick jag reda p\u00e5 att jag klarat av 40% av str\u00e4ckan Camino de Santiago och att \u00e4nnu ett tr\u00e4d planterats.<\/p>\n\n\n\n<p><\/p>\n","protected":false},"excerpt":{"rendered":"<p>Idag hade jag best\u00e4mt mig f\u00f6r att ta mig ut p\u00e5 en runda f\u00f6r att testa om jag klarade av att jogga 10km. Dagen kantades av strul, med gl\u00f6mda m\u00f6ten (felplanerade) och annat, men jag gav mig ut efter jobb. V\u00e4dret var ganska humant, inte f\u00f6r varmt och inte kallt. N\u00e5got bl\u00e5sigt, men det var [&hellip;]<\/p>\n","protected":false},"author":1,"featured_media":7944,"comment_status":"closed","ping_status":"open","sticky":false,"template":"","format":"standard","meta":{"footnotes":""},"categories":[281,292],"tags":[],"class_list":["post-8783","post","type-post","status-publish","format-standard","has-post-thumbnail","hentry","category-broloppet-2025","category-camino-de-santiago"],"_links":{"self":[{"href":"https:\/\/familjen.larsen.vc\/index.php?rest_route=\/wp\/v2\/posts\/8783","targetHints":{"allow":["GET"]}}],"collection":[{"href":"https:\/\/familjen.larsen.vc\/index.php?rest_route=\/wp\/v2\/posts"}],"about":[{"href":"https:\/\/familjen.larsen.vc\/index.php?rest_route=\/wp\/v2\/types\/post"}],"author":[{"embeddable":true,"href":"https:\/\/familjen.larsen.vc\/index.php?rest_route=\/wp\/v2\/users\/1"}],"replies":[{"embeddable":true,"href":"https:\/\/familjen.larsen.vc\/index.php?rest_route=%2Fwp%2Fv2%2Fcomments&post=8783"}],"version-history":[{"count":3,"href":"https:\/\/familjen.larsen.vc\/index.php?rest_route=\/wp\/v2\/posts\/8783\/revisions"}],"predecessor-version":[{"id":8787,"href":"https:\/\/familjen.larsen.vc\/index.php?rest_route=\/wp\/v2\/posts\/8783\/revisions\/8787"}],"wp:featuredmedia":[{"embeddable":true,"href":"https:\/\/familjen.larsen.vc\/index.php?rest_route=\/wp\/v2\/media\/7944"}],"wp:attachment":[{"href":"https:\/\/familjen.larsen.vc\/index.php?rest_route=%2Fwp%2Fv2%2Fmedia&parent=8783"}],"wp:term":[{"taxonomy":"category","embeddable":true,"href":"https:\/\/familjen.larsen.vc\/index.php?rest_route=%2Fwp%2Fv2%2Fcategories&post=8783"},{"taxonomy":"post_tag","embeddable":true,"href":"https:\/\/familjen.larsen.vc\/index.php?rest_route=%2Fwp%2Fv2%2Ftags&post=8783"}],"curies":[{"name":"wp","href":"https:\/\/api.w.org\/{rel}","templated":true}]}}