{"id":8590,"date":"2024-08-01T11:45:00","date_gmt":"2024-08-01T10:45:00","guid":{"rendered":"https:\/\/familjen.larsen.vc\/?p=8590"},"modified":"2024-08-01T19:48:01","modified_gmt":"2024-08-01T18:48:01","slug":"sista-spacklingen-gjord","status":"publish","type":"post","link":"https:\/\/familjen.larsen.vc\/?p=8590","title":{"rendered":"Sista spacklingen gjord"},"content":{"rendered":"\n<p>Idag blev Filip klar med sista spacklingen av v\u00e4ggen i allrummet i k\u00e4llaren.<\/p>\n\n\n\n<p>Det vill s\u00e4ga, att rummet \u00e4r klart!<\/p>\n\n\n\n<p>Nu skall det bara plockas undan och st\u00e4das, sedan kan vi b\u00f6rja st\u00e4lla iordning d\u00e4r igen.<\/p>\n\n\n\n<figure class=\"wp-block-image size-large is-resized\"><a href=\"https:\/\/familjen.larsen.vc\/wp-content\/uploads\/2024\/08\/2024-08-01_IMG_9368-scaled.jpg\"><img loading=\"lazy\" decoding=\"async\" width=\"1024\" height=\"576\" src=\"https:\/\/familjen.larsen.vc\/wp-content\/uploads\/2024\/08\/2024-08-01_IMG_9368-1024x576.jpg\" alt=\"\" class=\"wp-image-8591\" style=\"width:600px\" srcset=\"https:\/\/familjen.larsen.vc\/wp-content\/uploads\/2024\/08\/2024-08-01_IMG_9368-1024x576.jpg 1024w, https:\/\/familjen.larsen.vc\/wp-content\/uploads\/2024\/08\/2024-08-01_IMG_9368-300x169.jpg 300w, https:\/\/familjen.larsen.vc\/wp-content\/uploads\/2024\/08\/2024-08-01_IMG_9368-768x432.jpg 768w, https:\/\/familjen.larsen.vc\/wp-content\/uploads\/2024\/08\/2024-08-01_IMG_9368-1536x864.jpg 1536w, https:\/\/familjen.larsen.vc\/wp-content\/uploads\/2024\/08\/2024-08-01_IMG_9368-2048x1152.jpg 2048w\" sizes=\"auto, (max-width: 1024px) 100vw, 1024px\" \/><\/a><\/figure>\n","protected":false},"excerpt":{"rendered":"<p>Idag blev Filip klar med sista spacklingen av v\u00e4ggen i allrummet i k\u00e4llaren. Det vill s\u00e4ga, att rummet \u00e4r klart! Nu skall det bara plockas undan och st\u00e4das, sedan kan vi b\u00f6rja st\u00e4lla iordning d\u00e4r igen.<\/p>\n","protected":false},"author":1,"featured_media":5161,"comment_status":"closed","ping_status":"open","sticky":false,"template":"","format":"standard","meta":{"footnotes":""},"categories":[293],"tags":[],"class_list":["post-8590","post","type-post","status-publish","format-standard","has-post-thumbnail","hentry","category-2023-12-24-vattenlacka"],"_links":{"self":[{"href":"https:\/\/familjen.larsen.vc\/index.php?rest_route=\/wp\/v2\/posts\/8590","targetHints":{"allow":["GET"]}}],"collection":[{"href":"https:\/\/familjen.larsen.vc\/index.php?rest_route=\/wp\/v2\/posts"}],"about":[{"href":"https:\/\/familjen.larsen.vc\/index.php?rest_route=\/wp\/v2\/types\/post"}],"author":[{"embeddable":true,"href":"https:\/\/familjen.larsen.vc\/index.php?rest_route=\/wp\/v2\/users\/1"}],"replies":[{"embeddable":true,"href":"https:\/\/familjen.larsen.vc\/index.php?rest_route=%2Fwp%2Fv2%2Fcomments&post=8590"}],"version-history":[{"count":1,"href":"https:\/\/familjen.larsen.vc\/index.php?rest_route=\/wp\/v2\/posts\/8590\/revisions"}],"predecessor-version":[{"id":8592,"href":"https:\/\/familjen.larsen.vc\/index.php?rest_route=\/wp\/v2\/posts\/8590\/revisions\/8592"}],"wp:featuredmedia":[{"embeddable":true,"href":"https:\/\/familjen.larsen.vc\/index.php?rest_route=\/wp\/v2\/media\/5161"}],"wp:attachment":[{"href":"https:\/\/familjen.larsen.vc\/index.php?rest_route=%2Fwp%2Fv2%2Fmedia&parent=8590"}],"wp:term":[{"taxonomy":"category","embeddable":true,"href":"https:\/\/familjen.larsen.vc\/index.php?rest_route=%2Fwp%2Fv2%2Fcategories&post=8590"},{"taxonomy":"post_tag","embeddable":true,"href":"https:\/\/familjen.larsen.vc\/index.php?rest_route=%2Fwp%2Fv2%2Ftags&post=8590"}],"curies":[{"name":"wp","href":"https:\/\/api.w.org\/{rel}","templated":true}]}}