{"id":8254,"date":"2024-04-24T08:00:00","date_gmt":"2024-04-24T07:00:00","guid":{"rendered":"https:\/\/familjen.larsen.vc\/?p=8254"},"modified":"2024-04-27T06:34:33","modified_gmt":"2024-04-27T05:34:33","slug":"en-loprunda-till-jobb","status":"publish","type":"post","link":"https:\/\/familjen.larsen.vc\/?p=8254","title":{"rendered":"En l\u00f6prunda till jobb"},"content":{"rendered":"\n<p>Idag l\u00e4mnade jag bilen p\u00e5 Bilia f\u00f6r service. D\u00e4rifr\u00e5n begav jag mig joggandes l\u00e4ngs Agnesfridsv\u00e4gen upp mot Lind\u00e4ngen, men vek av upp p\u00e5 Stenyxegatan.<\/p>\n\n\n\n<p>Sprang f\u00f6rbi och vinkade in till Arnel p\u00e5 MX-Transport och avslutade rundan utanf\u00f6r jobb.<\/p>\n\n\n\n<p>Joggade hela v\u00e4gen, men det k\u00e4ndes tufft.<\/p>\n\n\n\n<figure class=\"wp-block-image size-large is-resized\"><a href=\"https:\/\/familjen.larsen.vc\/wp-content\/uploads\/2024\/04\/2024-04-24_IMG_8727-scaled.jpg\"><img loading=\"lazy\" decoding=\"async\" width=\"1024\" height=\"1024\" src=\"https:\/\/familjen.larsen.vc\/wp-content\/uploads\/2024\/04\/2024-04-24_IMG_8727-1024x1024.jpg\" alt=\"\" class=\"wp-image-8255\" style=\"width:600px\" srcset=\"https:\/\/familjen.larsen.vc\/wp-content\/uploads\/2024\/04\/2024-04-24_IMG_8727-1024x1024.jpg 1024w, https:\/\/familjen.larsen.vc\/wp-content\/uploads\/2024\/04\/2024-04-24_IMG_8727-300x300.jpg 300w, https:\/\/familjen.larsen.vc\/wp-content\/uploads\/2024\/04\/2024-04-24_IMG_8727-150x150.jpg 150w, https:\/\/familjen.larsen.vc\/wp-content\/uploads\/2024\/04\/2024-04-24_IMG_8727-768x768.jpg 768w, https:\/\/familjen.larsen.vc\/wp-content\/uploads\/2024\/04\/2024-04-24_IMG_8727-1536x1536.jpg 1536w, https:\/\/familjen.larsen.vc\/wp-content\/uploads\/2024\/04\/2024-04-24_IMG_8727-2048x2048.jpg 2048w\" sizes=\"auto, (max-width: 1024px) 100vw, 1024px\" \/><\/a><\/figure>\n","protected":false},"excerpt":{"rendered":"<p>Idag l\u00e4mnade jag bilen p\u00e5 Bilia f\u00f6r service. D\u00e4rifr\u00e5n begav jag mig joggandes l\u00e4ngs Agnesfridsv\u00e4gen upp mot Lind\u00e4ngen, men vek av upp p\u00e5 Stenyxegatan. Sprang f\u00f6rbi och vinkade in till Arnel p\u00e5 MX-Transport och avslutade rundan utanf\u00f6r jobb. Joggade hela v\u00e4gen, men det k\u00e4ndes tufft.<\/p>\n","protected":false},"author":1,"featured_media":7944,"comment_status":"closed","ping_status":"open","sticky":false,"template":"","format":"standard","meta":{"footnotes":""},"categories":[281,292],"tags":[],"class_list":["post-8254","post","type-post","status-publish","format-standard","has-post-thumbnail","hentry","category-broloppet-2025","category-camino-de-santiago"],"_links":{"self":[{"href":"https:\/\/familjen.larsen.vc\/index.php?rest_route=\/wp\/v2\/posts\/8254","targetHints":{"allow":["GET"]}}],"collection":[{"href":"https:\/\/familjen.larsen.vc\/index.php?rest_route=\/wp\/v2\/posts"}],"about":[{"href":"https:\/\/familjen.larsen.vc\/index.php?rest_route=\/wp\/v2\/types\/post"}],"author":[{"embeddable":true,"href":"https:\/\/familjen.larsen.vc\/index.php?rest_route=\/wp\/v2\/users\/1"}],"replies":[{"embeddable":true,"href":"https:\/\/familjen.larsen.vc\/index.php?rest_route=%2Fwp%2Fv2%2Fcomments&post=8254"}],"version-history":[{"count":1,"href":"https:\/\/familjen.larsen.vc\/index.php?rest_route=\/wp\/v2\/posts\/8254\/revisions"}],"predecessor-version":[{"id":8256,"href":"https:\/\/familjen.larsen.vc\/index.php?rest_route=\/wp\/v2\/posts\/8254\/revisions\/8256"}],"wp:featuredmedia":[{"embeddable":true,"href":"https:\/\/familjen.larsen.vc\/index.php?rest_route=\/wp\/v2\/media\/7944"}],"wp:attachment":[{"href":"https:\/\/familjen.larsen.vc\/index.php?rest_route=%2Fwp%2Fv2%2Fmedia&parent=8254"}],"wp:term":[{"taxonomy":"category","embeddable":true,"href":"https:\/\/familjen.larsen.vc\/index.php?rest_route=%2Fwp%2Fv2%2Fcategories&post=8254"},{"taxonomy":"post_tag","embeddable":true,"href":"https:\/\/familjen.larsen.vc\/index.php?rest_route=%2Fwp%2Fv2%2Ftags&post=8254"}],"curies":[{"name":"wp","href":"https:\/\/api.w.org\/{rel}","templated":true}]}}