{"id":8200,"date":"2024-04-09T10:05:09","date_gmt":"2024-04-09T09:05:09","guid":{"rendered":"https:\/\/familjen.larsen.vc\/?p=8200"},"modified":"2024-04-10T08:20:36","modified_gmt":"2024-04-10T07:20:36","slug":"rivning-av-resterande-golv-allrum","status":"publish","type":"post","link":"https:\/\/familjen.larsen.vc\/?p=8200","title":{"rendered":"Rivning av resterande golv &#8211; Allrum"},"content":{"rendered":"\n<p>M\u00e5ndagen den 9 april, kom d\u00e5 &#8221;Mats&#8221; f\u00f6r att riva den sista biten av golvet i allrummet i k\u00e4llaren.<\/p>\n\n\n\n<figure class=\"wp-block-image size-large is-resized\"><img loading=\"lazy\" decoding=\"async\" width=\"1024\" height=\"576\" src=\"https:\/\/familjen.larsen.vc\/wp-content\/uploads\/2024\/04\/2024-04-05_IMG_8613-1024x576.jpg\" alt=\"\" class=\"wp-image-8203\" style=\"width:600px\" srcset=\"https:\/\/familjen.larsen.vc\/wp-content\/uploads\/2024\/04\/2024-04-05_IMG_8613-1024x576.jpg 1024w, https:\/\/familjen.larsen.vc\/wp-content\/uploads\/2024\/04\/2024-04-05_IMG_8613-300x169.jpg 300w, https:\/\/familjen.larsen.vc\/wp-content\/uploads\/2024\/04\/2024-04-05_IMG_8613-768x432.jpg 768w, https:\/\/familjen.larsen.vc\/wp-content\/uploads\/2024\/04\/2024-04-05_IMG_8613-1536x864.jpg 1536w, https:\/\/familjen.larsen.vc\/wp-content\/uploads\/2024\/04\/2024-04-05_IMG_8613-2048x1152.jpg 2048w\" sizes=\"auto, (max-width: 1024px) 100vw, 1024px\" \/><figcaption class=\"wp-element-caption\"><em>Bild fr\u00e5n elv\u00e4gg mot utg\u00e5ng &#8211; innan rivning.<\/em><\/figcaption><\/figure>\n\n\n\n<figure class=\"wp-block-image size-large is-resized\"><img loading=\"lazy\" decoding=\"async\" width=\"1024\" height=\"576\" src=\"https:\/\/familjen.larsen.vc\/wp-content\/uploads\/2024\/04\/2024-04-05_IMG_8612-1024x576.jpg\" alt=\"\" class=\"wp-image-8202\" style=\"width:600px\" srcset=\"https:\/\/familjen.larsen.vc\/wp-content\/uploads\/2024\/04\/2024-04-05_IMG_8612-1024x576.jpg 1024w, https:\/\/familjen.larsen.vc\/wp-content\/uploads\/2024\/04\/2024-04-05_IMG_8612-300x169.jpg 300w, https:\/\/familjen.larsen.vc\/wp-content\/uploads\/2024\/04\/2024-04-05_IMG_8612-768x432.jpg 768w, https:\/\/familjen.larsen.vc\/wp-content\/uploads\/2024\/04\/2024-04-05_IMG_8612-1536x864.jpg 1536w, https:\/\/familjen.larsen.vc\/wp-content\/uploads\/2024\/04\/2024-04-05_IMG_8612-2048x1152.jpg 2048w\" sizes=\"auto, (max-width: 1024px) 100vw, 1024px\" \/><figcaption class=\"wp-element-caption\"><em>Bild fr\u00e5n utg\u00e5ng mot elv\u00e4gg &#8211; innan rivning<\/em><\/figcaption><\/figure>\n\n\n\n<p>Det visade sig dock vara ganska fuktigt d\u00e4runder ocks\u00e5.<\/p>\n\n\n\n<figure class=\"wp-block-image size-large is-resized\"><img loading=\"lazy\" decoding=\"async\" width=\"1024\" height=\"576\" src=\"https:\/\/familjen.larsen.vc\/wp-content\/uploads\/2024\/04\/2024-04-09_IMG_8622-1024x576.jpg\" alt=\"\" class=\"wp-image-8205\" style=\"width:600px\" srcset=\"https:\/\/familjen.larsen.vc\/wp-content\/uploads\/2024\/04\/2024-04-09_IMG_8622-1024x576.jpg 1024w, https:\/\/familjen.larsen.vc\/wp-content\/uploads\/2024\/04\/2024-04-09_IMG_8622-300x169.jpg 300w, https:\/\/familjen.larsen.vc\/wp-content\/uploads\/2024\/04\/2024-04-09_IMG_8622-768x432.jpg 768w, https:\/\/familjen.larsen.vc\/wp-content\/uploads\/2024\/04\/2024-04-09_IMG_8622-1536x864.jpg 1536w, https:\/\/familjen.larsen.vc\/wp-content\/uploads\/2024\/04\/2024-04-09_IMG_8622-2048x1152.jpg 2048w\" sizes=\"auto, (max-width: 1024px) 100vw, 1024px\" \/><figcaption class=\"wp-element-caption\"><em>Bild tagen fr\u00e5n elv\u00e4gg mot utg\u00e5ng &#8211; efter rivning<\/em><\/figcaption><\/figure>\n\n\n\n<figure class=\"wp-block-image size-large is-resized\"><img loading=\"lazy\" decoding=\"async\" width=\"1024\" height=\"576\" src=\"https:\/\/familjen.larsen.vc\/wp-content\/uploads\/2024\/04\/2024-04-09_IMG_8621-1024x576.jpg\" alt=\"\" class=\"wp-image-8206\" style=\"width:600px\" srcset=\"https:\/\/familjen.larsen.vc\/wp-content\/uploads\/2024\/04\/2024-04-09_IMG_8621-1024x576.jpg 1024w, https:\/\/familjen.larsen.vc\/wp-content\/uploads\/2024\/04\/2024-04-09_IMG_8621-300x169.jpg 300w, https:\/\/familjen.larsen.vc\/wp-content\/uploads\/2024\/04\/2024-04-09_IMG_8621-768x432.jpg 768w, https:\/\/familjen.larsen.vc\/wp-content\/uploads\/2024\/04\/2024-04-09_IMG_8621-1536x864.jpg 1536w, https:\/\/familjen.larsen.vc\/wp-content\/uploads\/2024\/04\/2024-04-09_IMG_8621-2048x1152.jpg 2048w\" sizes=\"auto, (max-width: 1024px) 100vw, 1024px\" \/><figcaption class=\"wp-element-caption\"><em>Bild fr\u00e5n utg\u00e5ng mot elv\u00e4gg &#8211; efter rivning<\/em><\/figcaption><\/figure>\n\n\n\n<p>F\u00f6rslag l\u00e4mnades p\u00e5 att l\u00e4gga en &#8221;platon-matta&#8221; under, f\u00f6r att f\u00e5 det att andas. Offert p\u00e5 detta kommer under dagen!<\/p>\n","protected":false},"excerpt":{"rendered":"<p>M\u00e5ndagen den 9 april, kom d\u00e5 &#8221;Mats&#8221; f\u00f6r att riva den sista biten av golvet i allrummet i k\u00e4llaren. Det visade sig dock vara ganska fuktigt d\u00e4runder ocks\u00e5. F\u00f6rslag l\u00e4mnades p\u00e5 att l\u00e4gga en &#8221;platon-matta&#8221; under, f\u00f6r att f\u00e5 det att andas. Offert p\u00e5 detta kommer under dagen!<\/p>\n","protected":false},"author":1,"featured_media":5161,"comment_status":"closed","ping_status":"open","sticky":false,"template":"","format":"standard","meta":{"footnotes":""},"categories":[293],"tags":[],"class_list":["post-8200","post","type-post","status-publish","format-standard","has-post-thumbnail","hentry","category-2023-12-24-vattenlacka"],"_links":{"self":[{"href":"https:\/\/familjen.larsen.vc\/index.php?rest_route=\/wp\/v2\/posts\/8200","targetHints":{"allow":["GET"]}}],"collection":[{"href":"https:\/\/familjen.larsen.vc\/index.php?rest_route=\/wp\/v2\/posts"}],"about":[{"href":"https:\/\/familjen.larsen.vc\/index.php?rest_route=\/wp\/v2\/types\/post"}],"author":[{"embeddable":true,"href":"https:\/\/familjen.larsen.vc\/index.php?rest_route=\/wp\/v2\/users\/1"}],"replies":[{"embeddable":true,"href":"https:\/\/familjen.larsen.vc\/index.php?rest_route=%2Fwp%2Fv2%2Fcomments&post=8200"}],"version-history":[{"count":3,"href":"https:\/\/familjen.larsen.vc\/index.php?rest_route=\/wp\/v2\/posts\/8200\/revisions"}],"predecessor-version":[{"id":8209,"href":"https:\/\/familjen.larsen.vc\/index.php?rest_route=\/wp\/v2\/posts\/8200\/revisions\/8209"}],"wp:featuredmedia":[{"embeddable":true,"href":"https:\/\/familjen.larsen.vc\/index.php?rest_route=\/wp\/v2\/media\/5161"}],"wp:attachment":[{"href":"https:\/\/familjen.larsen.vc\/index.php?rest_route=%2Fwp%2Fv2%2Fmedia&parent=8200"}],"wp:term":[{"taxonomy":"category","embeddable":true,"href":"https:\/\/familjen.larsen.vc\/index.php?rest_route=%2Fwp%2Fv2%2Fcategories&post=8200"},{"taxonomy":"post_tag","embeddable":true,"href":"https:\/\/familjen.larsen.vc\/index.php?rest_route=%2Fwp%2Fv2%2Ftags&post=8200"}],"curies":[{"name":"wp","href":"https:\/\/api.w.org\/{rel}","templated":true}]}}