{"id":8195,"date":"2024-03-27T17:21:00","date_gmt":"2024-03-27T16:21:00","guid":{"rendered":"https:\/\/familjen.larsen.vc\/?p=8195"},"modified":"2024-04-03T16:26:00","modified_gmt":"2024-04-03T15:26:00","slug":"malning-av-vaggar-slutford","status":"publish","type":"post","link":"https:\/\/familjen.larsen.vc\/?p=8195","title":{"rendered":"M\u00e5lning av v\u00e4ggar slutf\u00f6rd"},"content":{"rendered":"\n<p>Idag slutf\u00f6rde m\u00e5laren jobbet med v\u00e4ggarna i b\u00e5de f\u00f6rr\u00e5det, gillestugan och allrummet i k\u00e4llaren.<\/p>\n\n\n\n<figure class=\"wp-block-image size-large is-resized\"><a href=\"https:\/\/familjen.larsen.vc\/wp-content\/uploads\/2024\/04\/2024-03-27_IMG_8572-scaled.jpg\"><img loading=\"lazy\" decoding=\"async\" width=\"1024\" height=\"576\" src=\"https:\/\/familjen.larsen.vc\/wp-content\/uploads\/2024\/04\/2024-03-27_IMG_8572-1024x576.jpg\" alt=\"\" class=\"wp-image-8179\" style=\"width:600px\" srcset=\"https:\/\/familjen.larsen.vc\/wp-content\/uploads\/2024\/04\/2024-03-27_IMG_8572-1024x576.jpg 1024w, https:\/\/familjen.larsen.vc\/wp-content\/uploads\/2024\/04\/2024-03-27_IMG_8572-300x169.jpg 300w, https:\/\/familjen.larsen.vc\/wp-content\/uploads\/2024\/04\/2024-03-27_IMG_8572-768x432.jpg 768w, https:\/\/familjen.larsen.vc\/wp-content\/uploads\/2024\/04\/2024-03-27_IMG_8572-1536x864.jpg 1536w, https:\/\/familjen.larsen.vc\/wp-content\/uploads\/2024\/04\/2024-03-27_IMG_8572-2048x1152.jpg 2048w\" sizes=\"auto, (max-width: 1024px) 100vw, 1024px\" \/><\/a><figcaption class=\"wp-element-caption\">F\u00f6rr\u00e5det<\/figcaption><\/figure>\n\n\n\n<figure class=\"wp-block-image size-large is-resized\"><a href=\"https:\/\/familjen.larsen.vc\/wp-content\/uploads\/2024\/04\/2024-03-27_IMG_8568-scaled.jpg\"><img loading=\"lazy\" decoding=\"async\" width=\"1024\" height=\"576\" src=\"https:\/\/familjen.larsen.vc\/wp-content\/uploads\/2024\/04\/2024-03-27_IMG_8568-1024x576.jpg\" alt=\"\" class=\"wp-image-8177\" style=\"width:600px\" srcset=\"https:\/\/familjen.larsen.vc\/wp-content\/uploads\/2024\/04\/2024-03-27_IMG_8568-1024x576.jpg 1024w, https:\/\/familjen.larsen.vc\/wp-content\/uploads\/2024\/04\/2024-03-27_IMG_8568-300x169.jpg 300w, https:\/\/familjen.larsen.vc\/wp-content\/uploads\/2024\/04\/2024-03-27_IMG_8568-768x432.jpg 768w, https:\/\/familjen.larsen.vc\/wp-content\/uploads\/2024\/04\/2024-03-27_IMG_8568-1536x864.jpg 1536w, https:\/\/familjen.larsen.vc\/wp-content\/uploads\/2024\/04\/2024-03-27_IMG_8568-2048x1152.jpg 2048w\" sizes=\"auto, (max-width: 1024px) 100vw, 1024px\" \/><\/a><figcaption class=\"wp-element-caption\">Gillestugan<\/figcaption><\/figure>\n\n\n\n<figure class=\"wp-block-image size-large is-resized\"><a href=\"https:\/\/familjen.larsen.vc\/wp-content\/uploads\/2024\/04\/2024-03-27_IMG_8570-scaled.jpg\"><img loading=\"lazy\" decoding=\"async\" width=\"1024\" height=\"576\" src=\"https:\/\/familjen.larsen.vc\/wp-content\/uploads\/2024\/04\/2024-03-27_IMG_8570-1024x576.jpg\" alt=\"\" class=\"wp-image-8178\" style=\"width:600px\" srcset=\"https:\/\/familjen.larsen.vc\/wp-content\/uploads\/2024\/04\/2024-03-27_IMG_8570-1024x576.jpg 1024w, https:\/\/familjen.larsen.vc\/wp-content\/uploads\/2024\/04\/2024-03-27_IMG_8570-300x169.jpg 300w, https:\/\/familjen.larsen.vc\/wp-content\/uploads\/2024\/04\/2024-03-27_IMG_8570-768x432.jpg 768w, https:\/\/familjen.larsen.vc\/wp-content\/uploads\/2024\/04\/2024-03-27_IMG_8570-1536x864.jpg 1536w, https:\/\/familjen.larsen.vc\/wp-content\/uploads\/2024\/04\/2024-03-27_IMG_8570-2048x1152.jpg 2048w\" sizes=\"auto, (max-width: 1024px) 100vw, 1024px\" \/><\/a><figcaption class=\"wp-element-caption\">Allrummet<\/figcaption><\/figure>\n","protected":false},"excerpt":{"rendered":"<p>Idag slutf\u00f6rde m\u00e5laren jobbet med v\u00e4ggarna i b\u00e5de f\u00f6rr\u00e5det, gillestugan och allrummet i k\u00e4llaren.<\/p>\n","protected":false},"author":1,"featured_media":5161,"comment_status":"closed","ping_status":"open","sticky":false,"template":"","format":"standard","meta":{"footnotes":""},"categories":[293],"tags":[],"class_list":["post-8195","post","type-post","status-publish","format-standard","has-post-thumbnail","hentry","category-2023-12-24-vattenlacka"],"_links":{"self":[{"href":"https:\/\/familjen.larsen.vc\/index.php?rest_route=\/wp\/v2\/posts\/8195","targetHints":{"allow":["GET"]}}],"collection":[{"href":"https:\/\/familjen.larsen.vc\/index.php?rest_route=\/wp\/v2\/posts"}],"about":[{"href":"https:\/\/familjen.larsen.vc\/index.php?rest_route=\/wp\/v2\/types\/post"}],"author":[{"embeddable":true,"href":"https:\/\/familjen.larsen.vc\/index.php?rest_route=\/wp\/v2\/users\/1"}],"replies":[{"embeddable":true,"href":"https:\/\/familjen.larsen.vc\/index.php?rest_route=%2Fwp%2Fv2%2Fcomments&post=8195"}],"version-history":[{"count":1,"href":"https:\/\/familjen.larsen.vc\/index.php?rest_route=\/wp\/v2\/posts\/8195\/revisions"}],"predecessor-version":[{"id":8196,"href":"https:\/\/familjen.larsen.vc\/index.php?rest_route=\/wp\/v2\/posts\/8195\/revisions\/8196"}],"wp:featuredmedia":[{"embeddable":true,"href":"https:\/\/familjen.larsen.vc\/index.php?rest_route=\/wp\/v2\/media\/5161"}],"wp:attachment":[{"href":"https:\/\/familjen.larsen.vc\/index.php?rest_route=%2Fwp%2Fv2%2Fmedia&parent=8195"}],"wp:term":[{"taxonomy":"category","embeddable":true,"href":"https:\/\/familjen.larsen.vc\/index.php?rest_route=%2Fwp%2Fv2%2Fcategories&post=8195"},{"taxonomy":"post_tag","embeddable":true,"href":"https:\/\/familjen.larsen.vc\/index.php?rest_route=%2Fwp%2Fv2%2Ftags&post=8195"}],"curies":[{"name":"wp","href":"https:\/\/api.w.org\/{rel}","templated":true}]}}