{"id":7602,"date":"2023-06-28T19:36:02","date_gmt":"2023-06-28T18:36:02","guid":{"rendered":"https:\/\/familjen.larsen.vc\/?p=7602"},"modified":"2023-06-29T16:22:40","modified_gmt":"2023-06-29T15:22:40","slug":"skon-runda-pa-sofiedal","status":"publish","type":"post","link":"https:\/\/familjen.larsen.vc\/?p=7602","title":{"rendered":"Sk\u00f6n runda p\u00e5 Sofiedal"},"content":{"rendered":"\n<p>Direkt efter jobb idag, fick man snabbt hem och byta om, f\u00f6r att sedan bli avsl\u00e4ppt av frun p\u00e5 Sofiedals golfbana.<\/p>\n\n\n\n<p>Hann sl\u00e5 ut 30-bollar och putta lite, innan Per kom.<\/p>\n\n\n\n<p>Vi startade v\u00e5r 9-h\u00e5ls runda kl. 17:20 p\u00e5 s\u00f6dra banan (de sista nio h\u00e5len) och det b\u00f6rjade ganska bra.<\/p>\n\n\n\n<p>Det var en sk\u00f6n runda, d\u00e4r solen sken, men det var inte alldeles f\u00f6r varmt. Idag var \u00e4ven f\u00f6rsta g\u00e5ngen jag spelade alla 9-h\u00e5l med samma boll! \ud83d\ude09<\/p>\n\n\n\n<figure class=\"wp-block-image size-large is-resized\"><img loading=\"lazy\" decoding=\"async\" src=\"https:\/\/familjen.larsen.vc\/wp-content\/uploads\/2023\/06\/2023-06-29_Comp-884x1024.jpg\" alt=\"\" class=\"wp-image-7603\" width=\"663\" height=\"768\" srcset=\"https:\/\/familjen.larsen.vc\/wp-content\/uploads\/2023\/06\/2023-06-29_Comp-884x1024.jpg 884w, https:\/\/familjen.larsen.vc\/wp-content\/uploads\/2023\/06\/2023-06-29_Comp-259x300.jpg 259w, https:\/\/familjen.larsen.vc\/wp-content\/uploads\/2023\/06\/2023-06-29_Comp-768x890.jpg 768w, https:\/\/familjen.larsen.vc\/wp-content\/uploads\/2023\/06\/2023-06-29_Comp-1326x1536.jpg 1326w, https:\/\/familjen.larsen.vc\/wp-content\/uploads\/2023\/06\/2023-06-29_Comp-1768x2048.jpg 1768w\" sizes=\"auto, (max-width: 663px) 100vw, 663px\" \/><\/figure>\n\n\n\n<p>Vi var klara kl. 19:15 och d\u00e5 fick vi \u00e4nd\u00e5 v\u00e4nta vid n\u00e5gra h\u00e5l p\u00e5 de som var framf\u00f6r oss.<\/p>\n\n\n\n<p>Mitt handikapp \u00f6kade till 35,3.<\/p>\n","protected":false},"excerpt":{"rendered":"<p>Direkt efter jobb idag, fick man snabbt hem och byta om, f\u00f6r att sedan bli avsl\u00e4ppt av frun p\u00e5 Sofiedals golfbana. Hann sl\u00e5 ut 30-bollar och putta lite, innan Per kom. Vi startade v\u00e5r 9-h\u00e5ls runda kl. 17:20 p\u00e5 s\u00f6dra banan (de sista nio h\u00e5len) och det b\u00f6rjade ganska bra. Det var en sk\u00f6n runda, [&hellip;]<\/p>\n","protected":false},"author":1,"featured_media":7553,"comment_status":"closed","ping_status":"open","sticky":false,"template":"","format":"standard","meta":{"footnotes":""},"categories":[273],"tags":[],"class_list":["post-7602","post","type-post","status-publish","format-standard","has-post-thumbnail","hentry","category-golf"],"_links":{"self":[{"href":"https:\/\/familjen.larsen.vc\/index.php?rest_route=\/wp\/v2\/posts\/7602","targetHints":{"allow":["GET"]}}],"collection":[{"href":"https:\/\/familjen.larsen.vc\/index.php?rest_route=\/wp\/v2\/posts"}],"about":[{"href":"https:\/\/familjen.larsen.vc\/index.php?rest_route=\/wp\/v2\/types\/post"}],"author":[{"embeddable":true,"href":"https:\/\/familjen.larsen.vc\/index.php?rest_route=\/wp\/v2\/users\/1"}],"replies":[{"embeddable":true,"href":"https:\/\/familjen.larsen.vc\/index.php?rest_route=%2Fwp%2Fv2%2Fcomments&post=7602"}],"version-history":[{"count":3,"href":"https:\/\/familjen.larsen.vc\/index.php?rest_route=\/wp\/v2\/posts\/7602\/revisions"}],"predecessor-version":[{"id":7608,"href":"https:\/\/familjen.larsen.vc\/index.php?rest_route=\/wp\/v2\/posts\/7602\/revisions\/7608"}],"wp:featuredmedia":[{"embeddable":true,"href":"https:\/\/familjen.larsen.vc\/index.php?rest_route=\/wp\/v2\/media\/7553"}],"wp:attachment":[{"href":"https:\/\/familjen.larsen.vc\/index.php?rest_route=%2Fwp%2Fv2%2Fmedia&parent=7602"}],"wp:term":[{"taxonomy":"category","embeddable":true,"href":"https:\/\/familjen.larsen.vc\/index.php?rest_route=%2Fwp%2Fv2%2Fcategories&post=7602"},{"taxonomy":"post_tag","embeddable":true,"href":"https:\/\/familjen.larsen.vc\/index.php?rest_route=%2Fwp%2Fv2%2Ftags&post=7602"}],"curies":[{"name":"wp","href":"https:\/\/api.w.org\/{rel}","templated":true}]}}