{"id":7256,"date":"2022-12-09T17:10:58","date_gmt":"2022-12-09T16:10:58","guid":{"rendered":"https:\/\/familjen.larsen.vc\/?p=7256"},"modified":"2022-12-09T21:57:02","modified_gmt":"2022-12-09T20:57:02","slug":"lucka-9","status":"publish","type":"post","link":"https:\/\/familjen.larsen.vc\/?p=7256","title":{"rendered":"Lucka 9"},"content":{"rendered":"<p>Fredag kv\u00e4ll kom hem fr\u00e5n jobb och Tina var p\u00e5 v\u00e4g till Ullared tillsammans med Elvira.<\/p>\n<p>Satte mig p\u00e5 cykeln och gjorde dagens str\u00e4cka.<\/p>\n<div id=\"attachment_7257\" style=\"width: 310px\" class=\"wp-caption aligncenter\"><a href=\"https:\/\/familjen.larsen.vc\/wp-content\/uploads\/2022\/12\/20221209_IMG_6686-scaled.jpg\"><img loading=\"lazy\" decoding=\"async\" aria-describedby=\"caption-attachment-7257\" class=\"size-medium wp-image-7257\" src=\"https:\/\/familjen.larsen.vc\/wp-content\/uploads\/2022\/12\/20221209_IMG_6686-300x300.jpg\" alt=\"\" width=\"300\" height=\"300\" srcset=\"https:\/\/familjen.larsen.vc\/wp-content\/uploads\/2022\/12\/20221209_IMG_6686-300x300.jpg 300w, https:\/\/familjen.larsen.vc\/wp-content\/uploads\/2022\/12\/20221209_IMG_6686-1024x1024.jpg 1024w, https:\/\/familjen.larsen.vc\/wp-content\/uploads\/2022\/12\/20221209_IMG_6686-150x150.jpg 150w, https:\/\/familjen.larsen.vc\/wp-content\/uploads\/2022\/12\/20221209_IMG_6686-768x768.jpg 768w, https:\/\/familjen.larsen.vc\/wp-content\/uploads\/2022\/12\/20221209_IMG_6686-1536x1536.jpg 1536w, https:\/\/familjen.larsen.vc\/wp-content\/uploads\/2022\/12\/20221209_IMG_6686-2048x2048.jpg 2048w\" sizes=\"auto, (max-width: 300px) 100vw, 300px\" \/><\/a><p id=\"caption-attachment-7257\" class=\"wp-caption-text\">Lucka 9 &#8211; 8km<\/p><\/div>\n","protected":false},"excerpt":{"rendered":"<p>Fredag kv\u00e4ll kom hem fr\u00e5n jobb och Tina var p\u00e5 v\u00e4g till Ullared tillsammans med Elvira. Satte mig p\u00e5 cykeln och gjorde dagens str\u00e4cka.<\/p>\n","protected":false},"author":1,"featured_media":6013,"comment_status":"open","ping_status":"open","sticky":false,"template":"","format":"standard","meta":{"footnotes":""},"categories":[265,122,224],"tags":[],"class_list":["post-7256","post","type-post","status-publish","format-standard","has-post-thumbnail","hentry","category-julkalenderloppet-2022","category-motion","category-raceone"],"_links":{"self":[{"href":"https:\/\/familjen.larsen.vc\/index.php?rest_route=\/wp\/v2\/posts\/7256","targetHints":{"allow":["GET"]}}],"collection":[{"href":"https:\/\/familjen.larsen.vc\/index.php?rest_route=\/wp\/v2\/posts"}],"about":[{"href":"https:\/\/familjen.larsen.vc\/index.php?rest_route=\/wp\/v2\/types\/post"}],"author":[{"embeddable":true,"href":"https:\/\/familjen.larsen.vc\/index.php?rest_route=\/wp\/v2\/users\/1"}],"replies":[{"embeddable":true,"href":"https:\/\/familjen.larsen.vc\/index.php?rest_route=%2Fwp%2Fv2%2Fcomments&post=7256"}],"version-history":[{"count":1,"href":"https:\/\/familjen.larsen.vc\/index.php?rest_route=\/wp\/v2\/posts\/7256\/revisions"}],"predecessor-version":[{"id":7258,"href":"https:\/\/familjen.larsen.vc\/index.php?rest_route=\/wp\/v2\/posts\/7256\/revisions\/7258"}],"wp:featuredmedia":[{"embeddable":true,"href":"https:\/\/familjen.larsen.vc\/index.php?rest_route=\/wp\/v2\/media\/6013"}],"wp:attachment":[{"href":"https:\/\/familjen.larsen.vc\/index.php?rest_route=%2Fwp%2Fv2%2Fmedia&parent=7256"}],"wp:term":[{"taxonomy":"category","embeddable":true,"href":"https:\/\/familjen.larsen.vc\/index.php?rest_route=%2Fwp%2Fv2%2Fcategories&post=7256"},{"taxonomy":"post_tag","embeddable":true,"href":"https:\/\/familjen.larsen.vc\/index.php?rest_route=%2Fwp%2Fv2%2Ftags&post=7256"}],"curies":[{"name":"wp","href":"https:\/\/api.w.org\/{rel}","templated":true}]}}