{"id":7141,"date":"2022-11-23T07:50:08","date_gmt":"2022-11-23T06:50:08","guid":{"rendered":"https:\/\/familjen.larsen.vc\/?p=7141"},"modified":"2022-11-25T23:11:00","modified_gmt":"2022-11-25T22:11:00","slug":"onsdagscykling","status":"publish","type":"post","link":"https:\/\/familjen.larsen.vc\/?p=7141","title":{"rendered":"Onsdagscykling"},"content":{"rendered":"<p>\u00c4nnu en morgon innan jobb, d\u00e4r jag tog en halvtimme p\u00e5 motionscykeln.<\/p>\n<p>Det blev en del km.<\/p>\n<p><a href=\"https:\/\/familjen.larsen.vc\/wp-content\/uploads\/2022\/11\/20221123_cykel_jorgen_IMG_6593.png\"><img loading=\"lazy\" decoding=\"async\" class=\"aligncenter size-medium wp-image-7142\" src=\"https:\/\/familjen.larsen.vc\/wp-content\/uploads\/2022\/11\/20221123_cykel_jorgen_IMG_6593-169x300.png\" alt=\"\" width=\"169\" height=\"300\" srcset=\"https:\/\/familjen.larsen.vc\/wp-content\/uploads\/2022\/11\/20221123_cykel_jorgen_IMG_6593-169x300.png 169w, https:\/\/familjen.larsen.vc\/wp-content\/uploads\/2022\/11\/20221123_cykel_jorgen_IMG_6593-576x1024.png 576w, https:\/\/familjen.larsen.vc\/wp-content\/uploads\/2022\/11\/20221123_cykel_jorgen_IMG_6593.png 750w\" sizes=\"auto, (max-width: 169px) 100vw, 169px\" \/><\/a><\/p>\n","protected":false},"excerpt":{"rendered":"<p>\u00c4nnu en morgon innan jobb, d\u00e4r jag tog en halvtimme p\u00e5 motionscykeln. Det blev en del km.<\/p>\n","protected":false},"author":1,"featured_media":7130,"comment_status":"open","ping_status":"open","sticky":false,"template":"","format":"standard","meta":{"footnotes":""},"categories":[233,153,117,244,122],"tags":[],"class_list":["post-7141","post","type-post","status-publish","format-standard","has-post-thumbnail","hentry","category-4-the-eye-of-sauron","category-conqueror-virtual-challenges","category-cykelrundor","category-grand-canyon","category-motion"],"_links":{"self":[{"href":"https:\/\/familjen.larsen.vc\/index.php?rest_route=\/wp\/v2\/posts\/7141","targetHints":{"allow":["GET"]}}],"collection":[{"href":"https:\/\/familjen.larsen.vc\/index.php?rest_route=\/wp\/v2\/posts"}],"about":[{"href":"https:\/\/familjen.larsen.vc\/index.php?rest_route=\/wp\/v2\/types\/post"}],"author":[{"embeddable":true,"href":"https:\/\/familjen.larsen.vc\/index.php?rest_route=\/wp\/v2\/users\/1"}],"replies":[{"embeddable":true,"href":"https:\/\/familjen.larsen.vc\/index.php?rest_route=%2Fwp%2Fv2%2Fcomments&post=7141"}],"version-history":[{"count":1,"href":"https:\/\/familjen.larsen.vc\/index.php?rest_route=\/wp\/v2\/posts\/7141\/revisions"}],"predecessor-version":[{"id":7143,"href":"https:\/\/familjen.larsen.vc\/index.php?rest_route=\/wp\/v2\/posts\/7141\/revisions\/7143"}],"wp:featuredmedia":[{"embeddable":true,"href":"https:\/\/familjen.larsen.vc\/index.php?rest_route=\/wp\/v2\/media\/7130"}],"wp:attachment":[{"href":"https:\/\/familjen.larsen.vc\/index.php?rest_route=%2Fwp%2Fv2%2Fmedia&parent=7141"}],"wp:term":[{"taxonomy":"category","embeddable":true,"href":"https:\/\/familjen.larsen.vc\/index.php?rest_route=%2Fwp%2Fv2%2Fcategories&post=7141"},{"taxonomy":"post_tag","embeddable":true,"href":"https:\/\/familjen.larsen.vc\/index.php?rest_route=%2Fwp%2Fv2%2Ftags&post=7141"}],"curies":[{"name":"wp","href":"https:\/\/api.w.org\/{rel}","templated":true}]}}