{"id":7058,"date":"2022-10-31T18:53:18","date_gmt":"2022-10-31T17:53:18","guid":{"rendered":"https:\/\/familjen.larsen.vc\/?p=7058"},"modified":"2022-11-01T15:58:33","modified_gmt":"2022-11-01T14:58:33","slug":"en-runda-pa-bulltofta-med-brorsan","status":"publish","type":"post","link":"https:\/\/familjen.larsen.vc\/?p=7058","title":{"rendered":"En runda p\u00e5 Bulltofta med brorsan"},"content":{"rendered":"<p>Robban fr\u00e5gade ig\u00e5r (s\u00f6ndag), om jag ville med ut och springa en runda p\u00e5 Bulltofta, vilket jag tackade ja till.<\/p>\n<p>S\u00e5, direkt efter jobb, byttes det om till joggingkl\u00e4der, och sedan begav man sig av mot Bulltofta.<\/p>\n<p>Vi m\u00f6ttes p\u00e5 parkeringen och begav oss ut i sp\u00e5ret med ens.<\/p>\n<p>Det blev ett ganska l\u00e5gt tempo, vilket passade oss b\u00e5da tv\u00e5 idag.<\/p>\n<div id=\"attachment_7059\" style=\"width: 310px\" class=\"wp-caption aligncenter\"><a href=\"https:\/\/familjen.larsen.vc\/wp-content\/uploads\/2022\/11\/20221031_Attachment-1.jpeg\"><img loading=\"lazy\" decoding=\"async\" aria-describedby=\"caption-attachment-7059\" class=\"size-medium wp-image-7059\" src=\"https:\/\/familjen.larsen.vc\/wp-content\/uploads\/2022\/11\/20221031_Attachment-1-300x300.jpeg\" alt=\"\" width=\"300\" height=\"300\" srcset=\"https:\/\/familjen.larsen.vc\/wp-content\/uploads\/2022\/11\/20221031_Attachment-1-300x300.jpeg 300w, https:\/\/familjen.larsen.vc\/wp-content\/uploads\/2022\/11\/20221031_Attachment-1-1024x1024.jpeg 1024w, https:\/\/familjen.larsen.vc\/wp-content\/uploads\/2022\/11\/20221031_Attachment-1-150x150.jpeg 150w, https:\/\/familjen.larsen.vc\/wp-content\/uploads\/2022\/11\/20221031_Attachment-1-768x768.jpeg 768w, https:\/\/familjen.larsen.vc\/wp-content\/uploads\/2022\/11\/20221031_Attachment-1.jpeg 1080w\" sizes=\"auto, (max-width: 300px) 100vw, 300px\" \/><\/a><p id=\"caption-attachment-7059\" class=\"wp-caption-text\">Efter rundan<\/p><\/div>\n<p>Var ganska stel i l\u00e5ren, vilket k\u00e4ndes mera efter duschen hemma! \ud83d\ude09<\/p>\n","protected":false},"excerpt":{"rendered":"<p>Robban fr\u00e5gade ig\u00e5r (s\u00f6ndag), om jag ville med ut och springa en runda p\u00e5 Bulltofta, vilket jag tackade ja till. S\u00e5, direkt efter jobb, byttes det om till joggingkl\u00e4der, och sedan begav man sig av mot Bulltofta. Vi m\u00f6ttes p\u00e5 parkeringen och begav oss ut i sp\u00e5ret med ens. Det blev ett ganska l\u00e5gt tempo, [&hellip;]<\/p>\n","protected":false},"author":1,"featured_media":6182,"comment_status":"open","ping_status":"open","sticky":false,"template":"","format":"standard","meta":{"footnotes":""},"categories":[233,153,244,115,229,122],"tags":[],"class_list":["post-7058","post","type-post","status-publish","format-standard","has-post-thumbnail","hentry","category-4-the-eye-of-sauron","category-conqueror-virtual-challenges","category-grand-canyon","category-joggingrundor","category-lord-of-the-rings","category-motion"],"_links":{"self":[{"href":"https:\/\/familjen.larsen.vc\/index.php?rest_route=\/wp\/v2\/posts\/7058","targetHints":{"allow":["GET"]}}],"collection":[{"href":"https:\/\/familjen.larsen.vc\/index.php?rest_route=\/wp\/v2\/posts"}],"about":[{"href":"https:\/\/familjen.larsen.vc\/index.php?rest_route=\/wp\/v2\/types\/post"}],"author":[{"embeddable":true,"href":"https:\/\/familjen.larsen.vc\/index.php?rest_route=\/wp\/v2\/users\/1"}],"replies":[{"embeddable":true,"href":"https:\/\/familjen.larsen.vc\/index.php?rest_route=%2Fwp%2Fv2%2Fcomments&post=7058"}],"version-history":[{"count":1,"href":"https:\/\/familjen.larsen.vc\/index.php?rest_route=\/wp\/v2\/posts\/7058\/revisions"}],"predecessor-version":[{"id":7060,"href":"https:\/\/familjen.larsen.vc\/index.php?rest_route=\/wp\/v2\/posts\/7058\/revisions\/7060"}],"wp:featuredmedia":[{"embeddable":true,"href":"https:\/\/familjen.larsen.vc\/index.php?rest_route=\/wp\/v2\/media\/6182"}],"wp:attachment":[{"href":"https:\/\/familjen.larsen.vc\/index.php?rest_route=%2Fwp%2Fv2%2Fmedia&parent=7058"}],"wp:term":[{"taxonomy":"category","embeddable":true,"href":"https:\/\/familjen.larsen.vc\/index.php?rest_route=%2Fwp%2Fv2%2Fcategories&post=7058"},{"taxonomy":"post_tag","embeddable":true,"href":"https:\/\/familjen.larsen.vc\/index.php?rest_route=%2Fwp%2Fv2%2Ftags&post=7058"}],"curies":[{"name":"wp","href":"https:\/\/api.w.org\/{rel}","templated":true}]}}