{"id":6784,"date":"2022-09-02T06:02:49","date_gmt":"2022-09-02T05:02:49","guid":{"rendered":"https:\/\/familjen.larsen.vc\/?p=6784"},"modified":"2022-09-02T06:04:48","modified_gmt":"2022-09-02T05:04:48","slug":"fredagsmorgonrunda","status":"publish","type":"post","link":"https:\/\/familjen.larsen.vc\/?p=6784","title":{"rendered":"Fredagsmorgonrunda"},"content":{"rendered":"<p>Vaknade ganska tidigt denna morgon, f\u00f6rmodligen eftersom jag gick och la mig tidigt ig\u00e5r: 22:50.<\/p>\n<p>Gick upp och drog p\u00e5 mig kl\u00e4derna jag plockat fram redan kv\u00e4llen innan. Det blev en extra l\u00e5ng\u00e4rmad tr\u00f6ja under &#8221;Route 66&#8221; tr\u00f6jan idag, eftersom v\u00e4derappen visade p\u00e5 10 grader!<\/p>\n<p>Tog det ganska lugnt, vilket visas p\u00e5 b\u00e5de splitsen och p\u00e5 sluttiden, men det k\u00e4ndes helt ok och jag var inte helt slut n\u00e4r jag var klar.<\/p>\n<div id=\"attachment_6785\" style=\"width: 291px\" class=\"wp-caption aligncenter\"><a href=\"https:\/\/familjen.larsen.vc\/wp-content\/uploads\/2022\/09\/20220902_IMG_6124-scaled.jpg\"><img loading=\"lazy\" decoding=\"async\" aria-describedby=\"caption-attachment-6785\" class=\"size-medium wp-image-6785\" src=\"https:\/\/familjen.larsen.vc\/wp-content\/uploads\/2022\/09\/20220902_IMG_6124-281x300.jpg\" alt=\"\" width=\"281\" height=\"300\" srcset=\"https:\/\/familjen.larsen.vc\/wp-content\/uploads\/2022\/09\/20220902_IMG_6124-281x300.jpg 281w, https:\/\/familjen.larsen.vc\/wp-content\/uploads\/2022\/09\/20220902_IMG_6124-961x1024.jpg 961w, https:\/\/familjen.larsen.vc\/wp-content\/uploads\/2022\/09\/20220902_IMG_6124-768x819.jpg 768w, https:\/\/familjen.larsen.vc\/wp-content\/uploads\/2022\/09\/20220902_IMG_6124-1441x1536.jpg 1441w, https:\/\/familjen.larsen.vc\/wp-content\/uploads\/2022\/09\/20220902_IMG_6124-1921x2048.jpg 1921w\" sizes=\"auto, (max-width: 281px) 100vw, 281px\" \/><\/a><p id=\"caption-attachment-6785\" class=\"wp-caption-text\">Collage<\/p><\/div>\n<p>Jag fick \u00e4ven det \u00e5ttonde vykortet, eftersom jag passerat 133 km.<\/p>\n<div id=\"attachment_6788\" style=\"width: 310px\" class=\"wp-caption aligncenter\"><a href=\"https:\/\/familjen.larsen.vc\/wp-content\/uploads\/2022\/09\/postcard_8_GC_20220902_133.jpg\"><img loading=\"lazy\" decoding=\"async\" aria-describedby=\"caption-attachment-6788\" class=\"size-medium wp-image-6788\" src=\"https:\/\/familjen.larsen.vc\/wp-content\/uploads\/2022\/09\/postcard_8_GC_20220902_133-300x211.jpg\" alt=\"\" width=\"300\" height=\"211\" srcset=\"https:\/\/familjen.larsen.vc\/wp-content\/uploads\/2022\/09\/postcard_8_GC_20220902_133-300x211.jpg 300w, https:\/\/familjen.larsen.vc\/wp-content\/uploads\/2022\/09\/postcard_8_GC_20220902_133-768x540.jpg 768w, https:\/\/familjen.larsen.vc\/wp-content\/uploads\/2022\/09\/postcard_8_GC_20220902_133.jpg 832w\" sizes=\"auto, (max-width: 300px) 100vw, 300px\" \/><\/a><p id=\"caption-attachment-6788\" class=\"wp-caption-text\">\u00c5ttonde vykortet<\/p><\/div>\n","protected":false},"excerpt":{"rendered":"<p>Vaknade ganska tidigt denna morgon, f\u00f6rmodligen eftersom jag gick och la mig tidigt ig\u00e5r: 22:50. Gick upp och drog p\u00e5 mig kl\u00e4derna jag plockat fram redan kv\u00e4llen innan. Det blev en extra l\u00e5ng\u00e4rmad tr\u00f6ja under &#8221;Route 66&#8221; tr\u00f6jan idag, eftersom v\u00e4derappen visade p\u00e5 10 grader! Tog det ganska lugnt, vilket visas p\u00e5 b\u00e5de splitsen och [&hellip;]<\/p>\n","protected":false},"author":1,"featured_media":6539,"comment_status":"open","ping_status":"open","sticky":false,"template":"","format":"standard","meta":{"footnotes":""},"categories":[153,244,115,122,114],"tags":[],"class_list":["post-6784","post","type-post","status-publish","format-standard","has-post-thumbnail","hentry","category-conqueror-virtual-challenges","category-grand-canyon","category-joggingrundor","category-motion","category-runkeeper"],"_links":{"self":[{"href":"https:\/\/familjen.larsen.vc\/index.php?rest_route=\/wp\/v2\/posts\/6784","targetHints":{"allow":["GET"]}}],"collection":[{"href":"https:\/\/familjen.larsen.vc\/index.php?rest_route=\/wp\/v2\/posts"}],"about":[{"href":"https:\/\/familjen.larsen.vc\/index.php?rest_route=\/wp\/v2\/types\/post"}],"author":[{"embeddable":true,"href":"https:\/\/familjen.larsen.vc\/index.php?rest_route=\/wp\/v2\/users\/1"}],"replies":[{"embeddable":true,"href":"https:\/\/familjen.larsen.vc\/index.php?rest_route=%2Fwp%2Fv2%2Fcomments&post=6784"}],"version-history":[{"count":3,"href":"https:\/\/familjen.larsen.vc\/index.php?rest_route=\/wp\/v2\/posts\/6784\/revisions"}],"predecessor-version":[{"id":6789,"href":"https:\/\/familjen.larsen.vc\/index.php?rest_route=\/wp\/v2\/posts\/6784\/revisions\/6789"}],"wp:featuredmedia":[{"embeddable":true,"href":"https:\/\/familjen.larsen.vc\/index.php?rest_route=\/wp\/v2\/media\/6539"}],"wp:attachment":[{"href":"https:\/\/familjen.larsen.vc\/index.php?rest_route=%2Fwp%2Fv2%2Fmedia&parent=6784"}],"wp:term":[{"taxonomy":"category","embeddable":true,"href":"https:\/\/familjen.larsen.vc\/index.php?rest_route=%2Fwp%2Fv2%2Fcategories&post=6784"},{"taxonomy":"post_tag","embeddable":true,"href":"https:\/\/familjen.larsen.vc\/index.php?rest_route=%2Fwp%2Fv2%2Ftags&post=6784"}],"curies":[{"name":"wp","href":"https:\/\/api.w.org\/{rel}","templated":true}]}}