{"id":6258,"date":"2022-04-25T18:40:01","date_gmt":"2022-04-25T17:40:01","guid":{"rendered":"https:\/\/familjen.larsen.vc\/?p=6258"},"modified":"2022-05-22T19:45:16","modified_gmt":"2022-05-22T18:45:16","slug":"felicias-outfit-anlande","status":"publish","type":"post","link":"https:\/\/familjen.larsen.vc\/?p=6258","title":{"rendered":"Felicia&#8217;s outfit anl\u00e4nde!"},"content":{"rendered":"<p>Idag anl\u00e4nde Felicia&#8217;s kl\u00e4der, vilka var best\u00e4llda via WISH.<\/p>\n<p>S\u00e5 fort hon varit h\u00e4r och h\u00e4lsat p\u00e5, kommer det att publiceras en bild.<\/p>\n<p>D\u00e5 var \u00e4ntligen allt p\u00e5 plats och Felicia har provat p\u00e5 sin utstyrsel.<\/p>\n<div id=\"attachment_6448\" style=\"width: 210px\" class=\"wp-caption aligncenter\"><a href=\"https:\/\/familjen.larsen.vc\/wp-content\/uploads\/2022\/05\/IMG_5798-scaled.jpg\"><img loading=\"lazy\" decoding=\"async\" aria-describedby=\"caption-attachment-6448\" class=\"size-medium wp-image-6448\" src=\"https:\/\/familjen.larsen.vc\/wp-content\/uploads\/2022\/05\/IMG_5798-200x300.jpg\" alt=\"\" width=\"200\" height=\"300\" srcset=\"https:\/\/familjen.larsen.vc\/wp-content\/uploads\/2022\/05\/IMG_5798-200x300.jpg 200w, https:\/\/familjen.larsen.vc\/wp-content\/uploads\/2022\/05\/IMG_5798-683x1024.jpg 683w, https:\/\/familjen.larsen.vc\/wp-content\/uploads\/2022\/05\/IMG_5798-768x1152.jpg 768w, https:\/\/familjen.larsen.vc\/wp-content\/uploads\/2022\/05\/IMG_5798-1024x1536.jpg 1024w, https:\/\/familjen.larsen.vc\/wp-content\/uploads\/2022\/05\/IMG_5798-1365x2048.jpg 1365w, https:\/\/familjen.larsen.vc\/wp-content\/uploads\/2022\/05\/IMG_5798-scaled.jpg 1707w\" sizes=\"auto, (max-width: 200px) 100vw, 200px\" \/><\/a><p id=\"caption-attachment-6448\" class=\"wp-caption-text\">Bild tagen 2022-05-22<\/p><\/div>\n","protected":false},"excerpt":{"rendered":"<p>Idag anl\u00e4nde Felicia&#8217;s kl\u00e4der, vilka var best\u00e4llda via WISH. S\u00e5 fort hon varit h\u00e4r och h\u00e4lsat p\u00e5, kommer det att publiceras en bild. D\u00e5 var \u00e4ntligen allt p\u00e5 plats och Felicia har provat p\u00e5 sin utstyrsel.<\/p>\n","protected":false},"author":1,"featured_media":5506,"comment_status":"open","ping_status":"open","sticky":false,"template":"","format":"standard","meta":{"footnotes":""},"categories":[64,16,213,200,95,197],"tags":[],"class_list":["post-6258","post","type-post","status-publish","format-standard","has-post-thumbnail","hentry","category-barnbarnen","category-barnens-bravader","category-kasperteater","category-egna-upptradanden","category-felicia","category-forestallningar"],"_links":{"self":[{"href":"https:\/\/familjen.larsen.vc\/index.php?rest_route=\/wp\/v2\/posts\/6258","targetHints":{"allow":["GET"]}}],"collection":[{"href":"https:\/\/familjen.larsen.vc\/index.php?rest_route=\/wp\/v2\/posts"}],"about":[{"href":"https:\/\/familjen.larsen.vc\/index.php?rest_route=\/wp\/v2\/types\/post"}],"author":[{"embeddable":true,"href":"https:\/\/familjen.larsen.vc\/index.php?rest_route=\/wp\/v2\/users\/1"}],"replies":[{"embeddable":true,"href":"https:\/\/familjen.larsen.vc\/index.php?rest_route=%2Fwp%2Fv2%2Fcomments&post=6258"}],"version-history":[{"count":3,"href":"https:\/\/familjen.larsen.vc\/index.php?rest_route=\/wp\/v2\/posts\/6258\/revisions"}],"predecessor-version":[{"id":6450,"href":"https:\/\/familjen.larsen.vc\/index.php?rest_route=\/wp\/v2\/posts\/6258\/revisions\/6450"}],"wp:featuredmedia":[{"embeddable":true,"href":"https:\/\/familjen.larsen.vc\/index.php?rest_route=\/wp\/v2\/media\/5506"}],"wp:attachment":[{"href":"https:\/\/familjen.larsen.vc\/index.php?rest_route=%2Fwp%2Fv2%2Fmedia&parent=6258"}],"wp:term":[{"taxonomy":"category","embeddable":true,"href":"https:\/\/familjen.larsen.vc\/index.php?rest_route=%2Fwp%2Fv2%2Fcategories&post=6258"},{"taxonomy":"post_tag","embeddable":true,"href":"https:\/\/familjen.larsen.vc\/index.php?rest_route=%2Fwp%2Fv2%2Ftags&post=6258"}],"curies":[{"name":"wp","href":"https:\/\/api.w.org\/{rel}","templated":true}]}}