{"id":6193,"date":"2022-03-13T16:41:57","date_gmt":"2022-03-13T15:41:57","guid":{"rendered":"https:\/\/familjen.larsen.vc\/?p=6193"},"modified":"2022-11-13T09:50:31","modified_gmt":"2022-11-13T08:50:31","slug":"garmin-utmarkelse-2022-03-13","status":"publish","type":"post","link":"https:\/\/familjen.larsen.vc\/?p=6193","title":{"rendered":"Garmin utm\u00e4rkelse 2022-03-13"},"content":{"rendered":"<p>&#8221;Registrera en l\u00f6paktivitet p\u00e5 5km mellan 11-13 mars.&#8221;<\/p>\n<div id=\"attachment_6194\" style=\"width: 229px\" class=\"wp-caption aligncenter\"><a href=\"https:\/\/familjen.larsen.vc\/wp-content\/uploads\/2022\/04\/20220313_IMG_5391.jpg\"><img loading=\"lazy\" decoding=\"async\" aria-describedby=\"caption-attachment-6194\" class=\"size-medium wp-image-6194\" src=\"https:\/\/familjen.larsen.vc\/wp-content\/uploads\/2022\/04\/20220313_IMG_5391-219x300.jpg\" alt=\"\" width=\"219\" height=\"300\" srcset=\"https:\/\/familjen.larsen.vc\/wp-content\/uploads\/2022\/04\/20220313_IMG_5391-219x300.jpg 219w, https:\/\/familjen.larsen.vc\/wp-content\/uploads\/2022\/04\/20220313_IMG_5391-746x1024.jpg 746w, https:\/\/familjen.larsen.vc\/wp-content\/uploads\/2022\/04\/20220313_IMG_5391.jpg 750w\" sizes=\"auto, (max-width: 219px) 100vw, 219px\" \/><\/a><p id=\"caption-attachment-6194\" class=\"wp-caption-text\">Garminutm\u00e4rkelse 5km en helg i mars<\/p><\/div>\n","protected":false},"excerpt":{"rendered":"<p>&#8221;Registrera en l\u00f6paktivitet p\u00e5 5km mellan 11-13 mars.&#8221;<\/p>\n","protected":false},"author":1,"featured_media":6900,"comment_status":"open","ping_status":"open","sticky":false,"template":"","format":"standard","meta":{"footnotes":""},"categories":[227,122,226],"tags":[],"class_list":["post-6193","post","type-post","status-publish","format-standard","has-post-thumbnail","hentry","category-garmin","category-motion","category-utmarkelser"],"_links":{"self":[{"href":"https:\/\/familjen.larsen.vc\/index.php?rest_route=\/wp\/v2\/posts\/6193","targetHints":{"allow":["GET"]}}],"collection":[{"href":"https:\/\/familjen.larsen.vc\/index.php?rest_route=\/wp\/v2\/posts"}],"about":[{"href":"https:\/\/familjen.larsen.vc\/index.php?rest_route=\/wp\/v2\/types\/post"}],"author":[{"embeddable":true,"href":"https:\/\/familjen.larsen.vc\/index.php?rest_route=\/wp\/v2\/users\/1"}],"replies":[{"embeddable":true,"href":"https:\/\/familjen.larsen.vc\/index.php?rest_route=%2Fwp%2Fv2%2Fcomments&post=6193"}],"version-history":[{"count":1,"href":"https:\/\/familjen.larsen.vc\/index.php?rest_route=\/wp\/v2\/posts\/6193\/revisions"}],"predecessor-version":[{"id":6195,"href":"https:\/\/familjen.larsen.vc\/index.php?rest_route=\/wp\/v2\/posts\/6193\/revisions\/6195"}],"wp:featuredmedia":[{"embeddable":true,"href":"https:\/\/familjen.larsen.vc\/index.php?rest_route=\/wp\/v2\/media\/6900"}],"wp:attachment":[{"href":"https:\/\/familjen.larsen.vc\/index.php?rest_route=%2Fwp%2Fv2%2Fmedia&parent=6193"}],"wp:term":[{"taxonomy":"category","embeddable":true,"href":"https:\/\/familjen.larsen.vc\/index.php?rest_route=%2Fwp%2Fv2%2Fcategories&post=6193"},{"taxonomy":"post_tag","embeddable":true,"href":"https:\/\/familjen.larsen.vc\/index.php?rest_route=%2Fwp%2Fv2%2Ftags&post=6193"}],"curies":[{"name":"wp","href":"https:\/\/api.w.org\/{rel}","templated":true}]}}