{"id":6044,"date":"2022-03-05T11:51:54","date_gmt":"2022-03-05T10:51:54","guid":{"rendered":"https:\/\/familjen.larsen.vc\/?p=6044"},"modified":"2022-03-05T11:51:54","modified_gmt":"2022-03-05T10:51:54","slug":"5k-run-5k-walk","status":"publish","type":"post","link":"https:\/\/familjen.larsen.vc\/?p=6044","title":{"rendered":"5k run &#038; 5k walk"},"content":{"rendered":"<p>Idag hade jag best\u00e4mt mig f\u00f6r att f\u00f6rs\u00f6ka ta mig runt den l\u00e5nga Elinelundsrundan, vilken \u00e4r drygt 10 km.<\/p>\n<p>Tanken var att jag skulle jogga de fem f\u00f6rsta kilometerna och sedan promenera de sista.<\/p>\n<p>V\u00e4dret var fint, med solen som just g\u00e5tt upp, men det var kallt, ca: -1C.<\/p>\n<p>Det k\u00e4ndes bra de f\u00f6rsta fem, b\u00e5de andning och ben k\u00e4ndes OK, vilket kan bero p\u00e5 tempot jag h\u00f6ll &#8211; runt 6-min\/km.<\/p>\n<div id=\"attachment_6045\" style=\"width: 282px\" class=\"wp-caption aligncenter\"><a href=\"https:\/\/familjen.larsen.vc\/wp-content\/uploads\/2022\/03\/20220305_IMG_5364.jpg\"><img loading=\"lazy\" decoding=\"async\" aria-describedby=\"caption-attachment-6045\" class=\"size-medium wp-image-6045\" src=\"https:\/\/familjen.larsen.vc\/wp-content\/uploads\/2022\/03\/20220305_IMG_5364-272x300.jpg\" alt=\"\" width=\"272\" height=\"300\" srcset=\"https:\/\/familjen.larsen.vc\/wp-content\/uploads\/2022\/03\/20220305_IMG_5364-272x300.jpg 272w, https:\/\/familjen.larsen.vc\/wp-content\/uploads\/2022\/03\/20220305_IMG_5364.jpg 750w\" sizes=\"auto, (max-width: 272px) 100vw, 272px\" \/><\/a><p id=\"caption-attachment-6045\" class=\"wp-caption-text\">Splits under joggingdelen<\/p><\/div>\n<p>Det blev 5.03 km jogging, innan jag stannade klockan och startade den igen p\u00e5 G\u00e5ng.<\/p>\n<div id=\"attachment_6046\" style=\"width: 310px\" class=\"wp-caption aligncenter\"><a href=\"https:\/\/familjen.larsen.vc\/wp-content\/uploads\/2022\/03\/20220305_IMG_5365.png\"><img loading=\"lazy\" decoding=\"async\" aria-describedby=\"caption-attachment-6046\" class=\"size-medium wp-image-6046\" src=\"https:\/\/familjen.larsen.vc\/wp-content\/uploads\/2022\/03\/20220305_IMG_5365-300x300.png\" alt=\"\" width=\"300\" height=\"300\" srcset=\"https:\/\/familjen.larsen.vc\/wp-content\/uploads\/2022\/03\/20220305_IMG_5365-300x300.png 300w, https:\/\/familjen.larsen.vc\/wp-content\/uploads\/2022\/03\/20220305_IMG_5365-150x150.png 150w, https:\/\/familjen.larsen.vc\/wp-content\/uploads\/2022\/03\/20220305_IMG_5365.png 726w\" sizes=\"auto, (max-width: 300px) 100vw, 300px\" \/><\/a><p id=\"caption-attachment-6046\" class=\"wp-caption-text\">Joggingstr\u00e4cka &amp; tid<\/p><\/div>\n<p>Joggingrundan s\u00e5g s\u00e5ledes ut s\u00e5 h\u00e4r:<\/p>\n<div id=\"attachment_6047\" style=\"width: 197px\" class=\"wp-caption aligncenter\"><a href=\"https:\/\/familjen.larsen.vc\/wp-content\/uploads\/2022\/03\/20220305_IMG_5366.jpg\"><img loading=\"lazy\" decoding=\"async\" aria-describedby=\"caption-attachment-6047\" class=\"size-medium wp-image-6047\" src=\"https:\/\/familjen.larsen.vc\/wp-content\/uploads\/2022\/03\/20220305_IMG_5366-187x300.jpg\" alt=\"\" width=\"187\" height=\"300\" srcset=\"https:\/\/familjen.larsen.vc\/wp-content\/uploads\/2022\/03\/20220305_IMG_5366-187x300.jpg 187w, https:\/\/familjen.larsen.vc\/wp-content\/uploads\/2022\/03\/20220305_IMG_5366-637x1024.jpg 637w, https:\/\/familjen.larsen.vc\/wp-content\/uploads\/2022\/03\/20220305_IMG_5366.jpg 750w\" sizes=\"auto, (max-width: 187px) 100vw, 187px\" \/><\/a><p id=\"caption-attachment-6047\" class=\"wp-caption-text\">Joggingkarta<\/p><\/div>\n<p>Efter joggingdelen, b\u00f6rjade jag promenera, men joggade \u00e4nd\u00e5 en del, d\u00e5 det k\u00e4ndes OK.<\/p>\n<p>Fick lite k\u00e4nningar i v\u00e4nster baksida l\u00e5r, s\u00e5 tog det v\u00e4ldigt f\u00f6rsiktigt.<\/p>\n<p>Promenadkartan fortsatte fr\u00e5n d\u00e4r jag slutade jogga, tills jag kom hem.<\/p>\n<div id=\"attachment_6048\" style=\"width: 198px\" class=\"wp-caption aligncenter\"><a href=\"https:\/\/familjen.larsen.vc\/wp-content\/uploads\/2022\/03\/20220305_IMG_5367.jpg\"><img loading=\"lazy\" decoding=\"async\" aria-describedby=\"caption-attachment-6048\" class=\"size-medium wp-image-6048\" src=\"https:\/\/familjen.larsen.vc\/wp-content\/uploads\/2022\/03\/20220305_IMG_5367-188x300.jpg\" alt=\"\" width=\"188\" height=\"300\" srcset=\"https:\/\/familjen.larsen.vc\/wp-content\/uploads\/2022\/03\/20220305_IMG_5367-188x300.jpg 188w, https:\/\/familjen.larsen.vc\/wp-content\/uploads\/2022\/03\/20220305_IMG_5367-641x1024.jpg 641w, https:\/\/familjen.larsen.vc\/wp-content\/uploads\/2022\/03\/20220305_IMG_5367.jpg 750w\" sizes=\"auto, (max-width: 188px) 100vw, 188px\" \/><\/a><p id=\"caption-attachment-6048\" class=\"wp-caption-text\">Promenadstr\u00e4ckan.<\/p><\/div>\n<p>I och med de sista fem kilometerna av promenad, fick jag m\u00e5nadens &#8221;badge&#8221; f\u00f6r avklarad utmaning: Promenera minst 5km en helg i mars.<\/p>\n<div id=\"attachment_6049\" style=\"width: 226px\" class=\"wp-caption aligncenter\"><a href=\"https:\/\/familjen.larsen.vc\/wp-content\/uploads\/2022\/03\/20220305_IMG_5368.jpg\"><img loading=\"lazy\" decoding=\"async\" aria-describedby=\"caption-attachment-6049\" class=\"size-medium wp-image-6049\" src=\"https:\/\/familjen.larsen.vc\/wp-content\/uploads\/2022\/03\/20220305_IMG_5368-216x300.jpg\" alt=\"\" width=\"216\" height=\"300\" srcset=\"https:\/\/familjen.larsen.vc\/wp-content\/uploads\/2022\/03\/20220305_IMG_5368-216x300.jpg 216w, https:\/\/familjen.larsen.vc\/wp-content\/uploads\/2022\/03\/20220305_IMG_5368-738x1024.jpg 738w, https:\/\/familjen.larsen.vc\/wp-content\/uploads\/2022\/03\/20220305_IMG_5368.jpg 750w\" sizes=\"auto, (max-width: 216px) 100vw, 216px\" \/><\/a><p id=\"caption-attachment-6049\" class=\"wp-caption-text\">Garmin m\u00e4rke<\/p><\/div>\n","protected":false},"excerpt":{"rendered":"<p>Idag hade jag best\u00e4mt mig f\u00f6r att f\u00f6rs\u00f6ka ta mig runt den l\u00e5nga Elinelundsrundan, vilken \u00e4r drygt 10 km. Tanken var att jag skulle jogga de fem f\u00f6rsta kilometerna och sedan promenera de sista. V\u00e4dret var fint, med solen som just g\u00e5tt upp, men det var kallt, ca: -1C. Det k\u00e4ndes bra de f\u00f6rsta fem, [&hellip;]<\/p>\n","protected":false},"author":1,"featured_media":5721,"comment_status":"open","ping_status":"open","sticky":false,"template":"","format":"standard","meta":{"footnotes":""},"categories":[208,153,115,122,116,114],"tags":[],"class_list":["post-6044","post","type-post","status-publish","format-standard","has-post-thumbnail","hentry","category-conquer-2022","category-conqueror-virtual-challenges","category-joggingrundor","category-motion","category-promenader","category-runkeeper"],"_links":{"self":[{"href":"https:\/\/familjen.larsen.vc\/index.php?rest_route=\/wp\/v2\/posts\/6044","targetHints":{"allow":["GET"]}}],"collection":[{"href":"https:\/\/familjen.larsen.vc\/index.php?rest_route=\/wp\/v2\/posts"}],"about":[{"href":"https:\/\/familjen.larsen.vc\/index.php?rest_route=\/wp\/v2\/types\/post"}],"author":[{"embeddable":true,"href":"https:\/\/familjen.larsen.vc\/index.php?rest_route=\/wp\/v2\/users\/1"}],"replies":[{"embeddable":true,"href":"https:\/\/familjen.larsen.vc\/index.php?rest_route=%2Fwp%2Fv2%2Fcomments&post=6044"}],"version-history":[{"count":1,"href":"https:\/\/familjen.larsen.vc\/index.php?rest_route=\/wp\/v2\/posts\/6044\/revisions"}],"predecessor-version":[{"id":6050,"href":"https:\/\/familjen.larsen.vc\/index.php?rest_route=\/wp\/v2\/posts\/6044\/revisions\/6050"}],"wp:featuredmedia":[{"embeddable":true,"href":"https:\/\/familjen.larsen.vc\/index.php?rest_route=\/wp\/v2\/media\/5721"}],"wp:attachment":[{"href":"https:\/\/familjen.larsen.vc\/index.php?rest_route=%2Fwp%2Fv2%2Fmedia&parent=6044"}],"wp:term":[{"taxonomy":"category","embeddable":true,"href":"https:\/\/familjen.larsen.vc\/index.php?rest_route=%2Fwp%2Fv2%2Fcategories&post=6044"},{"taxonomy":"post_tag","embeddable":true,"href":"https:\/\/familjen.larsen.vc\/index.php?rest_route=%2Fwp%2Fv2%2Ftags&post=6044"}],"curies":[{"name":"wp","href":"https:\/\/api.w.org\/{rel}","templated":true}]}}