{"id":6032,"date":"2022-03-01T06:32:43","date_gmt":"2022-03-01T05:32:43","guid":{"rendered":"https:\/\/familjen.larsen.vc\/?p=6032"},"modified":"2022-03-01T07:18:56","modified_gmt":"2022-03-01T06:18:56","slug":"tidig-tisdagsmorgon-traning","status":"publish","type":"post","link":"https:\/\/familjen.larsen.vc\/?p=6032","title":{"rendered":"Tidig Tisdagsmorgon Tr\u00e4ning"},"content":{"rendered":"<p>\u00c4ntligen vann viljan mot kroppen!<\/p>\n<p>I alla fall n\u00e4r det g\u00e4ller att ta sig upp fr\u00e5n s\u00e4ngen, byta om och bege sig ut f\u00f6r att jogga.<\/p>\n<p>Vaknade f\u00f6rst vid 3-tiden, men tyckte att det var lite v\u00e4l tidigt att g\u00e5 upp, s\u00e5 jag v\u00e4nde p\u00e5 mig och somnade om.<\/p>\n<p>Kl. 05:15 vaknade jag igen, och det var d\u00e5 kampen b\u00f6rjade. Viljan vann, och en kvart senare var jag ute, fullt p\u00e5kl\u00e4dd och startade min Garminklocka.<\/p>\n<p>Denna morgon blev det h\u00f6gervarv p\u00e5 korta Elinelundsrundan, vilket gav lite motvind i b\u00f6rjan, d\u00e4r det var uppf\u00f6rsbacke.<\/p>\n<p>H\u00f6ll \u00e4nd\u00e5 ganska j\u00e4mnt tempo hela rundan. H\u00f6rlurarna hackade igen, men repade sig efter 3:e kilometern.<\/p>\n<div id=\"attachment_6031\" style=\"width: 197px\" class=\"wp-caption aligncenter\"><a href=\"https:\/\/familjen.larsen.vc\/wp-content\/uploads\/2022\/03\/20220301_IMG_5348.jpg\"><img loading=\"lazy\" decoding=\"async\" aria-describedby=\"caption-attachment-6031\" class=\"wp-image-6031 size-medium\" src=\"https:\/\/familjen.larsen.vc\/wp-content\/uploads\/2022\/03\/20220301_IMG_5348-187x300.jpg\" alt=\"\" width=\"187\" height=\"300\" srcset=\"https:\/\/familjen.larsen.vc\/wp-content\/uploads\/2022\/03\/20220301_IMG_5348-187x300.jpg 187w, https:\/\/familjen.larsen.vc\/wp-content\/uploads\/2022\/03\/20220301_IMG_5348-637x1024.jpg 637w, https:\/\/familjen.larsen.vc\/wp-content\/uploads\/2022\/03\/20220301_IMG_5348.jpg 750w\" sizes=\"auto, (max-width: 187px) 100vw, 187px\" \/><\/a><p id=\"caption-attachment-6031\" class=\"wp-caption-text\">Korta Elinelundsrundan H\u00f6gervarv<\/p><\/div>\n<p>Splitsen var inte godk\u00e4nda, men det k\u00e4ndes i benen, att jag beh\u00f6ver tr\u00e4na; mest i \u00f6verbenen.<\/p>\n<div id=\"attachment_6028\" style=\"width: 237px\" class=\"wp-caption aligncenter\"><a href=\"https:\/\/familjen.larsen.vc\/wp-content\/uploads\/2022\/03\/20220301_IMG_5351.jpg\"><img loading=\"lazy\" decoding=\"async\" aria-describedby=\"caption-attachment-6028\" class=\"size-medium wp-image-6028\" src=\"https:\/\/familjen.larsen.vc\/wp-content\/uploads\/2022\/03\/20220301_IMG_5351-227x300.jpg\" alt=\"\" width=\"227\" height=\"300\" srcset=\"https:\/\/familjen.larsen.vc\/wp-content\/uploads\/2022\/03\/20220301_IMG_5351-227x300.jpg 227w, https:\/\/familjen.larsen.vc\/wp-content\/uploads\/2022\/03\/20220301_IMG_5351.jpg 750w\" sizes=\"auto, (max-width: 227px) 100vw, 227px\" \/><\/a><p id=\"caption-attachment-6028\" class=\"wp-caption-text\">Splits 2022-03-01<\/p><\/div>\n<p>Det blev till slut 5,53 km, eftersom jag sprang hela v\u00e4gen hem &#8211; ingen t\u00e4vling p\u00e5 5 km h\u00e4r inte! \ud83d\ude09<\/p>\n<p>F\u00f6rsta rundan denna m\u00e5naden, s\u00e5 vi f\u00e5r se hur m\u00e5nga km det blir i mars.<\/p>\n<p>&nbsp;<\/p>\n<div id=\"attachment_6029\" style=\"width: 310px\" class=\"wp-caption aligncenter\"><a href=\"https:\/\/familjen.larsen.vc\/wp-content\/uploads\/2022\/03\/20220301_IMG_5350.png\"><img loading=\"lazy\" decoding=\"async\" aria-describedby=\"caption-attachment-6029\" class=\"size-medium wp-image-6029\" src=\"https:\/\/familjen.larsen.vc\/wp-content\/uploads\/2022\/03\/20220301_IMG_5350-300x300.png\" alt=\"\" width=\"300\" height=\"300\" srcset=\"https:\/\/familjen.larsen.vc\/wp-content\/uploads\/2022\/03\/20220301_IMG_5350-300x300.png 300w, https:\/\/familjen.larsen.vc\/wp-content\/uploads\/2022\/03\/20220301_IMG_5350-150x150.png 150w, https:\/\/familjen.larsen.vc\/wp-content\/uploads\/2022\/03\/20220301_IMG_5350.png 726w\" sizes=\"auto, (max-width: 300px) 100vw, 300px\" \/><\/a><p id=\"caption-attachment-6029\" class=\"wp-caption-text\">Runkeeper info<\/p><\/div>\n<div id=\"attachment_6030\" style=\"width: 217px\" class=\"wp-caption aligncenter\"><a href=\"https:\/\/familjen.larsen.vc\/wp-content\/uploads\/2022\/03\/20220301_IMG_5349.jpg\"><img loading=\"lazy\" decoding=\"async\" aria-describedby=\"caption-attachment-6030\" class=\"size-medium wp-image-6030\" src=\"https:\/\/familjen.larsen.vc\/wp-content\/uploads\/2022\/03\/20220301_IMG_5349-207x300.jpg\" alt=\"\" width=\"207\" height=\"300\" srcset=\"https:\/\/familjen.larsen.vc\/wp-content\/uploads\/2022\/03\/20220301_IMG_5349-207x300.jpg 207w, https:\/\/familjen.larsen.vc\/wp-content\/uploads\/2022\/03\/20220301_IMG_5349-707x1024.jpg 707w, https:\/\/familjen.larsen.vc\/wp-content\/uploads\/2022\/03\/20220301_IMG_5349.jpg 750w\" sizes=\"auto, (max-width: 207px) 100vw, 207px\" \/><\/a><p id=\"caption-attachment-6030\" class=\"wp-caption-text\">Garmin info<\/p><\/div>\n","protected":false},"excerpt":{"rendered":"<p>\u00c4ntligen vann viljan mot kroppen! I alla fall n\u00e4r det g\u00e4ller att ta sig upp fr\u00e5n s\u00e4ngen, byta om och bege sig ut f\u00f6r att jogga. Vaknade f\u00f6rst vid 3-tiden, men tyckte att det var lite v\u00e4l tidigt att g\u00e5 upp, s\u00e5 jag v\u00e4nde p\u00e5 mig och somnade om. Kl. 05:15 vaknade jag igen, och [&hellip;]<\/p>\n","protected":false},"author":1,"featured_media":5721,"comment_status":"open","ping_status":"open","sticky":false,"template":"","format":"standard","meta":{"footnotes":""},"categories":[208,153,115,122,114],"tags":[],"class_list":["post-6032","post","type-post","status-publish","format-standard","has-post-thumbnail","hentry","category-conquer-2022","category-conqueror-virtual-challenges","category-joggingrundor","category-motion","category-runkeeper"],"_links":{"self":[{"href":"https:\/\/familjen.larsen.vc\/index.php?rest_route=\/wp\/v2\/posts\/6032","targetHints":{"allow":["GET"]}}],"collection":[{"href":"https:\/\/familjen.larsen.vc\/index.php?rest_route=\/wp\/v2\/posts"}],"about":[{"href":"https:\/\/familjen.larsen.vc\/index.php?rest_route=\/wp\/v2\/types\/post"}],"author":[{"embeddable":true,"href":"https:\/\/familjen.larsen.vc\/index.php?rest_route=\/wp\/v2\/users\/1"}],"replies":[{"embeddable":true,"href":"https:\/\/familjen.larsen.vc\/index.php?rest_route=%2Fwp%2Fv2%2Fcomments&post=6032"}],"version-history":[{"count":1,"href":"https:\/\/familjen.larsen.vc\/index.php?rest_route=\/wp\/v2\/posts\/6032\/revisions"}],"predecessor-version":[{"id":6033,"href":"https:\/\/familjen.larsen.vc\/index.php?rest_route=\/wp\/v2\/posts\/6032\/revisions\/6033"}],"wp:featuredmedia":[{"embeddable":true,"href":"https:\/\/familjen.larsen.vc\/index.php?rest_route=\/wp\/v2\/media\/5721"}],"wp:attachment":[{"href":"https:\/\/familjen.larsen.vc\/index.php?rest_route=%2Fwp%2Fv2%2Fmedia&parent=6032"}],"wp:term":[{"taxonomy":"category","embeddable":true,"href":"https:\/\/familjen.larsen.vc\/index.php?rest_route=%2Fwp%2Fv2%2Fcategories&post=6032"},{"taxonomy":"post_tag","embeddable":true,"href":"https:\/\/familjen.larsen.vc\/index.php?rest_route=%2Fwp%2Fv2%2Ftags&post=6032"}],"curies":[{"name":"wp","href":"https:\/\/api.w.org\/{rel}","templated":true}]}}