{"id":5651,"date":"2021-11-22T19:19:54","date_gmt":"2021-11-22T18:19:54","guid":{"rendered":"https:\/\/familjen.larsen.vc\/?p=5651"},"modified":"2021-11-22T19:19:54","modified_gmt":"2021-11-22T18:19:54","slug":"magnus-10k-sist-ut-i-ekiden-2021","status":"publish","type":"post","link":"https:\/\/familjen.larsen.vc\/?p=5651","title":{"rendered":"Magnus 10k sist ut i Ekiden 2021"},"content":{"rendered":"<p>Magnus var sist ut i v\u00e5rt lag, att utf\u00f6ra sina 10 km.<\/p>\n<p>Detta gjorde han p\u00e5 absolut sista dagen i t\u00e4vlingen.<\/p>\n<p>Kl. 17:16 satte han ig\u00e5ng, och k\u00e4mpade hela v\u00e4gen runt med ett ont kn\u00e4.<\/p>\n<p>All heder till honom f\u00f6r det.<\/p>\n<p><a href=\"https:\/\/familjen.larsen.vc\/wp-content\/uploads\/2021\/11\/20211122_IMG_5151.jpg\"><img loading=\"lazy\" decoding=\"async\" class=\"aligncenter size-medium wp-image-5652\" src=\"https:\/\/familjen.larsen.vc\/wp-content\/uploads\/2021\/11\/20211122_IMG_5151-255x300.jpg\" alt=\"\" width=\"255\" height=\"300\" srcset=\"https:\/\/familjen.larsen.vc\/wp-content\/uploads\/2021\/11\/20211122_IMG_5151-255x300.jpg 255w, https:\/\/familjen.larsen.vc\/wp-content\/uploads\/2021\/11\/20211122_IMG_5151.jpg 750w\" sizes=\"auto, (max-width: 255px) 100vw, 255px\" \/><\/a><\/p>\n<p>De 10 km gjorde han p\u00e5 tiden: 1h 23m 05s.<\/p>\n<p>Nu avvaktar vi v\u00e5r slutplacering i t\u00e4vlingen. F\u00f6rv\u00e4ntningen \u00e4r att ligga bland de f\u00f6rsta 3000.<\/p>\n","protected":false},"excerpt":{"rendered":"<p>Magnus var sist ut i v\u00e5rt lag, att utf\u00f6ra sina 10 km. Detta gjorde han p\u00e5 absolut sista dagen i t\u00e4vlingen. Kl. 17:16 satte han ig\u00e5ng, och k\u00e4mpade hela v\u00e4gen runt med ett ont kn\u00e4. All heder till honom f\u00f6r det. De 10 km gjorde han p\u00e5 tiden: 1h 23m 05s. Nu avvaktar vi v\u00e5r [&hellip;]<\/p>\n","protected":false},"author":1,"featured_media":5543,"comment_status":"open","ping_status":"open","sticky":false,"template":"","format":"standard","meta":{"footnotes":""},"categories":[203,202,122],"tags":[],"class_list":["post-5651","post","type-post","status-publish","format-standard","has-post-thumbnail","hentry","category-asics-ekiden","category-ekiden-challenge-2021","category-motion"],"_links":{"self":[{"href":"https:\/\/familjen.larsen.vc\/index.php?rest_route=\/wp\/v2\/posts\/5651","targetHints":{"allow":["GET"]}}],"collection":[{"href":"https:\/\/familjen.larsen.vc\/index.php?rest_route=\/wp\/v2\/posts"}],"about":[{"href":"https:\/\/familjen.larsen.vc\/index.php?rest_route=\/wp\/v2\/types\/post"}],"author":[{"embeddable":true,"href":"https:\/\/familjen.larsen.vc\/index.php?rest_route=\/wp\/v2\/users\/1"}],"replies":[{"embeddable":true,"href":"https:\/\/familjen.larsen.vc\/index.php?rest_route=%2Fwp%2Fv2%2Fcomments&post=5651"}],"version-history":[{"count":1,"href":"https:\/\/familjen.larsen.vc\/index.php?rest_route=\/wp\/v2\/posts\/5651\/revisions"}],"predecessor-version":[{"id":5653,"href":"https:\/\/familjen.larsen.vc\/index.php?rest_route=\/wp\/v2\/posts\/5651\/revisions\/5653"}],"wp:featuredmedia":[{"embeddable":true,"href":"https:\/\/familjen.larsen.vc\/index.php?rest_route=\/wp\/v2\/media\/5543"}],"wp:attachment":[{"href":"https:\/\/familjen.larsen.vc\/index.php?rest_route=%2Fwp%2Fv2%2Fmedia&parent=5651"}],"wp:term":[{"taxonomy":"category","embeddable":true,"href":"https:\/\/familjen.larsen.vc\/index.php?rest_route=%2Fwp%2Fv2%2Fcategories&post=5651"},{"taxonomy":"post_tag","embeddable":true,"href":"https:\/\/familjen.larsen.vc\/index.php?rest_route=%2Fwp%2Fv2%2Ftags&post=5651"}],"curies":[{"name":"wp","href":"https:\/\/api.w.org\/{rel}","templated":true}]}}