{"id":5648,"date":"2021-11-21T13:09:04","date_gmt":"2021-11-21T12:09:04","guid":{"rendered":"https:\/\/familjen.larsen.vc\/?p=5648"},"modified":"2021-11-22T19:15:10","modified_gmt":"2021-11-22T18:15:10","slug":"simon-ut-som-5a-i-ekiden-2021","status":"publish","type":"post","link":"https:\/\/familjen.larsen.vc\/?p=5648","title":{"rendered":"Simon ut som 5:a i Ekiden 2021"},"content":{"rendered":"<p>Simon tog tag i sin runda denna soliga s\u00f6ndag.<\/p>\n<p>Han startade sin runda i K\u00e4vlinge kl. 11:50 och det var den f\u00f6rsta joggingrundan han registrerade med den nyinstallerade runkeeper appen.<\/p>\n<p><a href=\"https:\/\/familjen.larsen.vc\/wp-content\/uploads\/2021\/11\/20211121_IMG_5149.jpg\"><img loading=\"lazy\" decoding=\"async\" class=\"aligncenter size-medium wp-image-5649\" src=\"https:\/\/familjen.larsen.vc\/wp-content\/uploads\/2021\/11\/20211121_IMG_5149-253x300.jpg\" alt=\"\" width=\"253\" height=\"300\" srcset=\"https:\/\/familjen.larsen.vc\/wp-content\/uploads\/2021\/11\/20211121_IMG_5149-253x300.jpg 253w, https:\/\/familjen.larsen.vc\/wp-content\/uploads\/2021\/11\/20211121_IMG_5149.jpg 750w\" sizes=\"auto, (max-width: 253px) 100vw, 253px\" \/><\/a><\/p>\n<p>Hans 5 km registrerades p\u00e5 tiden: 29-minuter och 51-sekunder.<\/p>\n","protected":false},"excerpt":{"rendered":"<p>Simon tog tag i sin runda denna soliga s\u00f6ndag. Han startade sin runda i K\u00e4vlinge kl. 11:50 och det var den f\u00f6rsta joggingrundan han registrerade med den nyinstallerade runkeeper appen. Hans 5 km registrerades p\u00e5 tiden: 29-minuter och 51-sekunder.<\/p>\n","protected":false},"author":1,"featured_media":5543,"comment_status":"open","ping_status":"open","sticky":false,"template":"","format":"standard","meta":{"footnotes":""},"categories":[203,202,122],"tags":[],"class_list":["post-5648","post","type-post","status-publish","format-standard","has-post-thumbnail","hentry","category-asics-ekiden","category-ekiden-challenge-2021","category-motion"],"_links":{"self":[{"href":"https:\/\/familjen.larsen.vc\/index.php?rest_route=\/wp\/v2\/posts\/5648","targetHints":{"allow":["GET"]}}],"collection":[{"href":"https:\/\/familjen.larsen.vc\/index.php?rest_route=\/wp\/v2\/posts"}],"about":[{"href":"https:\/\/familjen.larsen.vc\/index.php?rest_route=\/wp\/v2\/types\/post"}],"author":[{"embeddable":true,"href":"https:\/\/familjen.larsen.vc\/index.php?rest_route=\/wp\/v2\/users\/1"}],"replies":[{"embeddable":true,"href":"https:\/\/familjen.larsen.vc\/index.php?rest_route=%2Fwp%2Fv2%2Fcomments&post=5648"}],"version-history":[{"count":1,"href":"https:\/\/familjen.larsen.vc\/index.php?rest_route=\/wp\/v2\/posts\/5648\/revisions"}],"predecessor-version":[{"id":5650,"href":"https:\/\/familjen.larsen.vc\/index.php?rest_route=\/wp\/v2\/posts\/5648\/revisions\/5650"}],"wp:featuredmedia":[{"embeddable":true,"href":"https:\/\/familjen.larsen.vc\/index.php?rest_route=\/wp\/v2\/media\/5543"}],"wp:attachment":[{"href":"https:\/\/familjen.larsen.vc\/index.php?rest_route=%2Fwp%2Fv2%2Fmedia&parent=5648"}],"wp:term":[{"taxonomy":"category","embeddable":true,"href":"https:\/\/familjen.larsen.vc\/index.php?rest_route=%2Fwp%2Fv2%2Fcategories&post=5648"},{"taxonomy":"post_tag","embeddable":true,"href":"https:\/\/familjen.larsen.vc\/index.php?rest_route=%2Fwp%2Fv2%2Ftags&post=5648"}],"curies":[{"name":"wp","href":"https:\/\/api.w.org\/{rel}","templated":true}]}}