{"id":5576,"date":"2021-11-01T11:04:13","date_gmt":"2021-11-01T10:04:13","guid":{"rendered":"https:\/\/familjen.larsen.vc\/?p=5576"},"modified":"2021-11-03T07:06:43","modified_gmt":"2021-11-03T06:06:43","slug":"forsta-anmalningarna-till-ekiden-2021","status":"publish","type":"post","link":"https:\/\/familjen.larsen.vc\/?p=5576","title":{"rendered":"F\u00f6rsta anm\u00e4lningarna till Ekiden 2021"},"content":{"rendered":"<p>Idag anm\u00e4lde sig b\u00e5de Camilla Linander och Sandra Juhler till den gemensamma lagt\u00e4vlingen &#8221;Ekiden 2021&#8221;.<\/p>\n<p>Camilla valde 7,2 km.<\/p>\n<p>Sandra valde 5 km.<\/p>\n<p>Nu \u00e5terst\u00e5r det endast att hitta tre andra intressenter, annars kan det komma att bli jobbigt! ;.)<\/p>\n<p>&nbsp;<\/p>\n","protected":false},"excerpt":{"rendered":"<p>Idag anm\u00e4lde sig b\u00e5de Camilla Linander och Sandra Juhler till den gemensamma lagt\u00e4vlingen &#8221;Ekiden 2021&#8221;. Camilla valde 7,2 km. Sandra valde 5 km. Nu \u00e5terst\u00e5r det endast att hitta tre andra intressenter, annars kan det komma att bli jobbigt! ;.) &nbsp;<\/p>\n","protected":false},"author":1,"featured_media":5543,"comment_status":"open","ping_status":"open","sticky":false,"template":"","format":"standard","meta":{"footnotes":""},"categories":[203,202,122],"tags":[],"class_list":["post-5576","post","type-post","status-publish","format-standard","has-post-thumbnail","hentry","category-asics-ekiden","category-ekiden-challenge-2021","category-motion"],"_links":{"self":[{"href":"https:\/\/familjen.larsen.vc\/index.php?rest_route=\/wp\/v2\/posts\/5576","targetHints":{"allow":["GET"]}}],"collection":[{"href":"https:\/\/familjen.larsen.vc\/index.php?rest_route=\/wp\/v2\/posts"}],"about":[{"href":"https:\/\/familjen.larsen.vc\/index.php?rest_route=\/wp\/v2\/types\/post"}],"author":[{"embeddable":true,"href":"https:\/\/familjen.larsen.vc\/index.php?rest_route=\/wp\/v2\/users\/1"}],"replies":[{"embeddable":true,"href":"https:\/\/familjen.larsen.vc\/index.php?rest_route=%2Fwp%2Fv2%2Fcomments&post=5576"}],"version-history":[{"count":1,"href":"https:\/\/familjen.larsen.vc\/index.php?rest_route=\/wp\/v2\/posts\/5576\/revisions"}],"predecessor-version":[{"id":5577,"href":"https:\/\/familjen.larsen.vc\/index.php?rest_route=\/wp\/v2\/posts\/5576\/revisions\/5577"}],"wp:featuredmedia":[{"embeddable":true,"href":"https:\/\/familjen.larsen.vc\/index.php?rest_route=\/wp\/v2\/media\/5543"}],"wp:attachment":[{"href":"https:\/\/familjen.larsen.vc\/index.php?rest_route=%2Fwp%2Fv2%2Fmedia&parent=5576"}],"wp:term":[{"taxonomy":"category","embeddable":true,"href":"https:\/\/familjen.larsen.vc\/index.php?rest_route=%2Fwp%2Fv2%2Fcategories&post=5576"},{"taxonomy":"post_tag","embeddable":true,"href":"https:\/\/familjen.larsen.vc\/index.php?rest_route=%2Fwp%2Fv2%2Ftags&post=5576"}],"curies":[{"name":"wp","href":"https:\/\/api.w.org\/{rel}","templated":true}]}}