{"id":5138,"date":"2021-07-24T06:56:03","date_gmt":"2021-07-24T05:56:03","guid":{"rendered":"https:\/\/familjen.larsen.vc\/?p=5138"},"modified":"2021-07-24T06:56:03","modified_gmt":"2021-07-24T05:56:03","slug":"dag-2-av-17-tokyo-athletes-challenge-2021","status":"publish","type":"post","link":"https:\/\/familjen.larsen.vc\/?p=5138","title":{"rendered":"Dag 2 av 17 Tokyo Athletes Challenge 2021"},"content":{"rendered":"<p>Vaknade runt 4-tiden och kom p\u00e5 att jag faktiskt inte beh\u00f6vde g\u00e5 upp, eftersom semestern b\u00f6rjat! \ud83d\ude09<\/p>\n<p>Somnade om och gick upp vid 05:15 och bytte om.<\/p>\n<p>N\u00e4r klockan slog 05:27 startades appen; och det var ljust ute.<\/p>\n<p><a href=\"https:\/\/familjen.larsen.vc\/wp-content\/uploads\/2021\/07\/20210724_IMG_4624.png\"><img loading=\"lazy\" decoding=\"async\" class=\"aligncenter size-medium wp-image-5140\" src=\"https:\/\/familjen.larsen.vc\/wp-content\/uploads\/2021\/07\/20210724_IMG_4624-300x300.png\" alt=\"\" width=\"300\" height=\"300\" srcset=\"https:\/\/familjen.larsen.vc\/wp-content\/uploads\/2021\/07\/20210724_IMG_4624-300x300.png 300w, https:\/\/familjen.larsen.vc\/wp-content\/uploads\/2021\/07\/20210724_IMG_4624-150x150.png 150w, https:\/\/familjen.larsen.vc\/wp-content\/uploads\/2021\/07\/20210724_IMG_4624.png 726w\" sizes=\"auto, (max-width: 300px) 100vw, 300px\" \/><\/a><\/p>\n<p>Testade att \u00e4ven ha appen ADIDAS ig\u00e5ng under denna runda.<\/p>\n<p>Min Fitbit var \u00e4ven ig\u00e5ng, och fungerade!<\/p>\n<p><a href=\"https:\/\/familjen.larsen.vc\/wp-content\/uploads\/2021\/07\/20210724_Fitbit.png\"><img loading=\"lazy\" decoding=\"async\" class=\"aligncenter size-medium wp-image-5141\" src=\"https:\/\/familjen.larsen.vc\/wp-content\/uploads\/2021\/07\/20210724_Fitbit-300x300.png\" alt=\"\" width=\"300\" height=\"300\" srcset=\"https:\/\/familjen.larsen.vc\/wp-content\/uploads\/2021\/07\/20210724_Fitbit-300x300.png 300w, https:\/\/familjen.larsen.vc\/wp-content\/uploads\/2021\/07\/20210724_Fitbit-1024x1024.png 1024w, https:\/\/familjen.larsen.vc\/wp-content\/uploads\/2021\/07\/20210724_Fitbit-150x150.png 150w, https:\/\/familjen.larsen.vc\/wp-content\/uploads\/2021\/07\/20210724_Fitbit-768x768.png 768w, https:\/\/familjen.larsen.vc\/wp-content\/uploads\/2021\/07\/20210724_Fitbit.png 1125w\" sizes=\"auto, (max-width: 300px) 100vw, 300px\" \/><\/a><\/p>\n<p>Eftersom jag startar apparna vid olika tillf\u00e4llen, registrerar de olika str\u00e4ckor och tider. Idag registrerade jag efter ADIDAS-appen.<\/p>\n<p><a href=\"https:\/\/familjen.larsen.vc\/wp-content\/uploads\/2021\/07\/20210724_IMG_4625.jpg\"><img loading=\"lazy\" decoding=\"async\" class=\"aligncenter size-medium wp-image-5139\" src=\"https:\/\/familjen.larsen.vc\/wp-content\/uploads\/2021\/07\/20210724_IMG_4625-300x300.jpg\" alt=\"\" width=\"300\" height=\"300\" srcset=\"https:\/\/familjen.larsen.vc\/wp-content\/uploads\/2021\/07\/20210724_IMG_4625-300x300.jpg 300w, https:\/\/familjen.larsen.vc\/wp-content\/uploads\/2021\/07\/20210724_IMG_4625-150x150.jpg 150w, https:\/\/familjen.larsen.vc\/wp-content\/uploads\/2021\/07\/20210724_IMG_4625.jpg 750w\" sizes=\"auto, (max-width: 300px) 100vw, 300px\" \/><\/a><\/p>\n<p>Har dock problem med att registreringen inte visas i VirtualRunners portalen! Har skrivit och fr\u00e5gat dem varf\u00f6r.<\/p>\n<p>I och med dagens runda, s\u00e5 \u00e5terst\u00e5r endast 2-km p\u00e5 min Mt. Fuji utmaning! Ser ut att bli klar med den i morgon \ud83d\ude42<\/p>\n","protected":false},"excerpt":{"rendered":"<p>Vaknade runt 4-tiden och kom p\u00e5 att jag faktiskt inte beh\u00f6vde g\u00e5 upp, eftersom semestern b\u00f6rjat! \ud83d\ude09 Somnade om och gick upp vid 05:15 och bytte om. N\u00e4r klockan slog 05:27 startades appen; och det var ljust ute. Testade att \u00e4ven ha appen ADIDAS ig\u00e5ng under denna runda. Min Fitbit var \u00e4ven ig\u00e5ng, och fungerade! [&hellip;]<\/p>\n","protected":false},"author":1,"featured_media":4197,"comment_status":"open","ping_status":"open","sticky":false,"template":"","format":"standard","meta":{"footnotes":""},"categories":[157,153,115,122,160,114,170,168],"tags":[],"class_list":["post-5138","post","type-post","status-publish","format-standard","has-post-thumbnail","hentry","category-conquer-2021","category-conqueror-virtual-challenges","category-joggingrundor","category-motion","category-mount-fuji","category-runkeeper","category-tokyo-challenge-2021","category-virtual-runners"],"_links":{"self":[{"href":"https:\/\/familjen.larsen.vc\/index.php?rest_route=\/wp\/v2\/posts\/5138","targetHints":{"allow":["GET"]}}],"collection":[{"href":"https:\/\/familjen.larsen.vc\/index.php?rest_route=\/wp\/v2\/posts"}],"about":[{"href":"https:\/\/familjen.larsen.vc\/index.php?rest_route=\/wp\/v2\/types\/post"}],"author":[{"embeddable":true,"href":"https:\/\/familjen.larsen.vc\/index.php?rest_route=\/wp\/v2\/users\/1"}],"replies":[{"embeddable":true,"href":"https:\/\/familjen.larsen.vc\/index.php?rest_route=%2Fwp%2Fv2%2Fcomments&post=5138"}],"version-history":[{"count":1,"href":"https:\/\/familjen.larsen.vc\/index.php?rest_route=\/wp\/v2\/posts\/5138\/revisions"}],"predecessor-version":[{"id":5142,"href":"https:\/\/familjen.larsen.vc\/index.php?rest_route=\/wp\/v2\/posts\/5138\/revisions\/5142"}],"wp:featuredmedia":[{"embeddable":true,"href":"https:\/\/familjen.larsen.vc\/index.php?rest_route=\/wp\/v2\/media\/4197"}],"wp:attachment":[{"href":"https:\/\/familjen.larsen.vc\/index.php?rest_route=%2Fwp%2Fv2%2Fmedia&parent=5138"}],"wp:term":[{"taxonomy":"category","embeddable":true,"href":"https:\/\/familjen.larsen.vc\/index.php?rest_route=%2Fwp%2Fv2%2Fcategories&post=5138"},{"taxonomy":"post_tag","embeddable":true,"href":"https:\/\/familjen.larsen.vc\/index.php?rest_route=%2Fwp%2Fv2%2Ftags&post=5138"}],"curies":[{"name":"wp","href":"https:\/\/api.w.org\/{rel}","templated":true}]}}