{"id":4924,"date":"2021-05-30T22:53:36","date_gmt":"2021-05-30T21:53:36","guid":{"rendered":"https:\/\/familjen.larsen.vc\/?p=4924"},"modified":"2021-06-10T06:00:10","modified_gmt":"2021-06-10T05:00:10","slug":"impossible-abs-30-day-challenge-dag-30","status":"publish","type":"post","link":"https:\/\/familjen.larsen.vc\/?p=4924","title":{"rendered":"Impossible ABS 30-Day Challenge \u2013 Dag 30"},"content":{"rendered":"<p>Sista dagen i denna utmaning, och jag m\u00e5ste s\u00e4ga &#8211; Det k\u00e4nns sk\u00f6nt!<\/p>\n<p>Blev lite drygt i slutet, men det \u00e4r v\u00e4l det som \u00e4r sj\u00e4lva tanken?<\/p>\n<p>Sandra b\u00f6rjade med att g\u00f6ra dag 28 och 29!<\/p>\n<h3>Dag 30:<\/h3>\n<p><a href=\"https:\/\/familjen.larsen.vc\/wp-content\/uploads\/2021\/05\/Darabee_Impossible_ABS_days_30.jpg\"><img loading=\"lazy\" decoding=\"async\" class=\"aligncenter wp-image-4879 size-thumbnail\" src=\"https:\/\/familjen.larsen.vc\/wp-content\/uploads\/2021\/05\/Darabee_Impossible_ABS_days_30-150x150.jpg\" alt=\"\" width=\"150\" height=\"150\" \/><\/a><\/p>\n<p>Lasse gjorde sitt sista n\u00e4r han kommit hem efter jobb.<\/p>\n<div id=\"attachment_4925\" style=\"width: 179px\" class=\"wp-caption aligncenter\"><a href=\"https:\/\/familjen.larsen.vc\/wp-content\/uploads\/2021\/06\/CL_30_IMG_4385.png\"><img loading=\"lazy\" decoding=\"async\" aria-describedby=\"caption-attachment-4925\" class=\"size-medium wp-image-4925\" src=\"https:\/\/familjen.larsen.vc\/wp-content\/uploads\/2021\/06\/CL_30_IMG_4385-169x300.png\" alt=\"\" width=\"169\" height=\"300\" srcset=\"https:\/\/familjen.larsen.vc\/wp-content\/uploads\/2021\/06\/CL_30_IMG_4385-169x300.png 169w, https:\/\/familjen.larsen.vc\/wp-content\/uploads\/2021\/06\/CL_30_IMG_4385-576x1024.png 576w, https:\/\/familjen.larsen.vc\/wp-content\/uploads\/2021\/06\/CL_30_IMG_4385.png 750w\" sizes=\"auto, (max-width: 169px) 100vw, 169px\" \/><\/a><p id=\"caption-attachment-4925\" class=\"wp-caption-text\">Camilla&#8217;s bild<\/p><\/div>\n<div id=\"attachment_4926\" style=\"width: 179px\" class=\"wp-caption aligncenter\"><a href=\"https:\/\/familjen.larsen.vc\/wp-content\/uploads\/2021\/06\/EN_30_IMG_4389.png\"><img loading=\"lazy\" decoding=\"async\" aria-describedby=\"caption-attachment-4926\" class=\"wp-image-4926 size-medium\" src=\"https:\/\/familjen.larsen.vc\/wp-content\/uploads\/2021\/06\/EN_30_IMG_4389-169x300.png\" alt=\"\" width=\"169\" height=\"300\" srcset=\"https:\/\/familjen.larsen.vc\/wp-content\/uploads\/2021\/06\/EN_30_IMG_4389-169x300.png 169w, https:\/\/familjen.larsen.vc\/wp-content\/uploads\/2021\/06\/EN_30_IMG_4389-576x1024.png 576w, https:\/\/familjen.larsen.vc\/wp-content\/uploads\/2021\/06\/EN_30_IMG_4389.png 750w\" sizes=\"auto, (max-width: 169px) 100vw, 169px\" \/><\/a><p id=\"caption-attachment-4926\" class=\"wp-caption-text\">Emelie&#8217;s bild<\/p><\/div>\n<div id=\"attachment_4927\" style=\"width: 179px\" class=\"wp-caption aligncenter\"><a href=\"https:\/\/familjen.larsen.vc\/wp-content\/uploads\/2021\/06\/JL_30.jpg\"><img loading=\"lazy\" decoding=\"async\" aria-describedby=\"caption-attachment-4927\" class=\"wp-image-4927 size-medium\" src=\"https:\/\/familjen.larsen.vc\/wp-content\/uploads\/2021\/06\/JL_30-169x300.jpg\" alt=\"\" width=\"169\" height=\"300\" srcset=\"https:\/\/familjen.larsen.vc\/wp-content\/uploads\/2021\/06\/JL_30-169x300.jpg 169w, https:\/\/familjen.larsen.vc\/wp-content\/uploads\/2021\/06\/JL_30.jpg 540w\" sizes=\"auto, (max-width: 169px) 100vw, 169px\" \/><\/a><p id=\"caption-attachment-4927\" class=\"wp-caption-text\">J\u00f6rgen&#8217;s bild<\/p><\/div>\n<p>&#8230;&#8230;&#8230;&#8230;<\/p>\n<p>Till\u00e4gg: Sandra gjorde sin sista dag + en extra! \ud83d\ude09 den 31\/5. Starkt jobbat!!!<\/p>\n<p>Tack f\u00f6r ert deltagande.<\/p>\n","protected":false},"excerpt":{"rendered":"<p>Sista dagen i denna utmaning, och jag m\u00e5ste s\u00e4ga &#8211; Det k\u00e4nns sk\u00f6nt! Blev lite drygt i slutet, men det \u00e4r v\u00e4l det som \u00e4r sj\u00e4lva tanken? Sandra b\u00f6rjade med att g\u00f6ra dag 28 och 29! Dag 30: Lasse gjorde sitt sista n\u00e4r han kommit hem efter jobb. &#8230;&#8230;&#8230;&#8230; Till\u00e4gg: Sandra gjorde sin sista dag [&hellip;]<\/p>\n","protected":false},"author":1,"featured_media":4367,"comment_status":"open","ping_status":"open","sticky":false,"template":"","format":"standard","meta":{"footnotes":""},"categories":[175,182,122],"tags":[],"class_list":["post-4924","post","type-post","status-publish","format-standard","has-post-thumbnail","hentry","category-darabee-motion","category-impossible-abs","category-motion"],"_links":{"self":[{"href":"https:\/\/familjen.larsen.vc\/index.php?rest_route=\/wp\/v2\/posts\/4924","targetHints":{"allow":["GET"]}}],"collection":[{"href":"https:\/\/familjen.larsen.vc\/index.php?rest_route=\/wp\/v2\/posts"}],"about":[{"href":"https:\/\/familjen.larsen.vc\/index.php?rest_route=\/wp\/v2\/types\/post"}],"author":[{"embeddable":true,"href":"https:\/\/familjen.larsen.vc\/index.php?rest_route=\/wp\/v2\/users\/1"}],"replies":[{"embeddable":true,"href":"https:\/\/familjen.larsen.vc\/index.php?rest_route=%2Fwp%2Fv2%2Fcomments&post=4924"}],"version-history":[{"count":1,"href":"https:\/\/familjen.larsen.vc\/index.php?rest_route=\/wp\/v2\/posts\/4924\/revisions"}],"predecessor-version":[{"id":4928,"href":"https:\/\/familjen.larsen.vc\/index.php?rest_route=\/wp\/v2\/posts\/4924\/revisions\/4928"}],"wp:featuredmedia":[{"embeddable":true,"href":"https:\/\/familjen.larsen.vc\/index.php?rest_route=\/wp\/v2\/media\/4367"}],"wp:attachment":[{"href":"https:\/\/familjen.larsen.vc\/index.php?rest_route=%2Fwp%2Fv2%2Fmedia&parent=4924"}],"wp:term":[{"taxonomy":"category","embeddable":true,"href":"https:\/\/familjen.larsen.vc\/index.php?rest_route=%2Fwp%2Fv2%2Fcategories&post=4924"},{"taxonomy":"post_tag","embeddable":true,"href":"https:\/\/familjen.larsen.vc\/index.php?rest_route=%2Fwp%2Fv2%2Ftags&post=4924"}],"curies":[{"name":"wp","href":"https:\/\/api.w.org\/{rel}","templated":true}]}}