{"id":4718,"date":"2021-05-05T18:40:17","date_gmt":"2021-05-05T17:40:17","guid":{"rendered":"https:\/\/familjen.larsen.vc\/?p=4718"},"modified":"2021-05-06T06:27:45","modified_gmt":"2021-05-06T05:27:45","slug":"impossible-abs-30-day-challenge-dag-5","status":"publish","type":"post","link":"https:\/\/familjen.larsen.vc\/?p=4718","title":{"rendered":"Impossible ABS 30-Day Challenge \u2013 Dag 5"},"content":{"rendered":"<p>Femte dagen i v\u00e5r utmaning och det b\u00f6rjar bli tuffare med \u00f6vningarna. Repetitionerna \u00f6kar f\u00f6r ca: varannan runda.<\/p>\n<h3>Dag 05:<\/h3>\n<p><a href=\"https:\/\/familjen.larsen.vc\/wp-content\/uploads\/2021\/05\/Darabee_Impossible_ABS_days_05.jpg\"><img loading=\"lazy\" decoding=\"async\" class=\"aligncenter size-thumbnail wp-image-4719\" src=\"https:\/\/familjen.larsen.vc\/wp-content\/uploads\/2021\/05\/Darabee_Impossible_ABS_days_05-150x150.jpg\" alt=\"\" width=\"150\" height=\"150\" \/><\/a><\/p>\n<p>Idag var Sandra uppe med tuppen och gjorde sitt redan 07:45 p\u00e5 gymmet.<\/p>\n<div id=\"attachment_4720\" style=\"width: 179px\" class=\"wp-caption aligncenter\"><a href=\"https:\/\/familjen.larsen.vc\/wp-content\/uploads\/2021\/05\/SJ_05.png\"><img loading=\"lazy\" decoding=\"async\" aria-describedby=\"caption-attachment-4720\" class=\"size-medium wp-image-4720\" src=\"https:\/\/familjen.larsen.vc\/wp-content\/uploads\/2021\/05\/SJ_05-169x300.png\" alt=\"\" width=\"169\" height=\"300\" srcset=\"https:\/\/familjen.larsen.vc\/wp-content\/uploads\/2021\/05\/SJ_05-169x300.png 169w, https:\/\/familjen.larsen.vc\/wp-content\/uploads\/2021\/05\/SJ_05-576x1024.png 576w, https:\/\/familjen.larsen.vc\/wp-content\/uploads\/2021\/05\/SJ_05-768x1365.png 768w, https:\/\/familjen.larsen.vc\/wp-content\/uploads\/2021\/05\/SJ_05-864x1536.png 864w, https:\/\/familjen.larsen.vc\/wp-content\/uploads\/2021\/05\/SJ_05.png 1080w\" sizes=\"auto, (max-width: 169px) 100vw, 169px\" \/><\/a><p id=\"caption-attachment-4720\" class=\"wp-caption-text\">Sandras rutor b\u00f6rjar visa sig.<\/p><\/div>\n<p>Efter Sandra, dr\u00f6jde det \u00e4nda till 16:30 innan Lars och J\u00f6rgen gjorde sitt, efter ett cirkelpass p\u00e5 Nordic Wellness Sv\u00e5gertorp.<\/p>\n<div id=\"attachment_4721\" style=\"width: 310px\" class=\"wp-caption aligncenter\"><a href=\"https:\/\/familjen.larsen.vc\/wp-content\/uploads\/2021\/05\/LL_05_IMG_4248-scaled.jpg\"><img loading=\"lazy\" decoding=\"async\" aria-describedby=\"caption-attachment-4721\" class=\"size-medium wp-image-4721\" src=\"https:\/\/familjen.larsen.vc\/wp-content\/uploads\/2021\/05\/LL_05_IMG_4248-300x225.jpg\" alt=\"\" width=\"300\" height=\"225\" srcset=\"https:\/\/familjen.larsen.vc\/wp-content\/uploads\/2021\/05\/LL_05_IMG_4248-300x225.jpg 300w, https:\/\/familjen.larsen.vc\/wp-content\/uploads\/2021\/05\/LL_05_IMG_4248-1024x768.jpg 1024w, https:\/\/familjen.larsen.vc\/wp-content\/uploads\/2021\/05\/LL_05_IMG_4248-768x576.jpg 768w, https:\/\/familjen.larsen.vc\/wp-content\/uploads\/2021\/05\/LL_05_IMG_4248-1536x1152.jpg 1536w, https:\/\/familjen.larsen.vc\/wp-content\/uploads\/2021\/05\/LL_05_IMG_4248-2048x1536.jpg 2048w\" sizes=\"auto, (max-width: 300px) 100vw, 300px\" \/><\/a><p id=\"caption-attachment-4721\" class=\"wp-caption-text\">Lars g\u00f6r benlyft<\/p><\/div>\n<div id=\"attachment_4722\" style=\"width: 310px\" class=\"wp-caption aligncenter\"><a href=\"https:\/\/familjen.larsen.vc\/wp-content\/uploads\/2021\/05\/JL_05_IMG_4249-scaled.jpg\"><img loading=\"lazy\" decoding=\"async\" aria-describedby=\"caption-attachment-4722\" class=\"size-medium wp-image-4722\" src=\"https:\/\/familjen.larsen.vc\/wp-content\/uploads\/2021\/05\/JL_05_IMG_4249-300x225.jpg\" alt=\"\" width=\"300\" height=\"225\" srcset=\"https:\/\/familjen.larsen.vc\/wp-content\/uploads\/2021\/05\/JL_05_IMG_4249-300x225.jpg 300w, https:\/\/familjen.larsen.vc\/wp-content\/uploads\/2021\/05\/JL_05_IMG_4249-1024x768.jpg 1024w, https:\/\/familjen.larsen.vc\/wp-content\/uploads\/2021\/05\/JL_05_IMG_4249-768x576.jpg 768w, https:\/\/familjen.larsen.vc\/wp-content\/uploads\/2021\/05\/JL_05_IMG_4249-1536x1152.jpg 1536w, https:\/\/familjen.larsen.vc\/wp-content\/uploads\/2021\/05\/JL_05_IMG_4249-2048x1536.jpg 2048w\" sizes=\"auto, (max-width: 300px) 100vw, 300px\" \/><\/a><p id=\"caption-attachment-4722\" class=\"wp-caption-text\">J\u00f6rgen g\u00f6r sidobrygga<\/p><\/div>\n<p>D\u00e4refter fick \u00e4ven Camilla gjort sitt:<\/p>\n<div id=\"attachment_4723\" style=\"width: 179px\" class=\"wp-caption aligncenter\"><a href=\"https:\/\/familjen.larsen.vc\/wp-content\/uploads\/2021\/05\/CL_05_IMG_4250.png\"><img loading=\"lazy\" decoding=\"async\" aria-describedby=\"caption-attachment-4723\" class=\"size-medium wp-image-4723\" src=\"https:\/\/familjen.larsen.vc\/wp-content\/uploads\/2021\/05\/CL_05_IMG_4250-169x300.png\" alt=\"\" width=\"169\" height=\"300\" srcset=\"https:\/\/familjen.larsen.vc\/wp-content\/uploads\/2021\/05\/CL_05_IMG_4250-169x300.png 169w, https:\/\/familjen.larsen.vc\/wp-content\/uploads\/2021\/05\/CL_05_IMG_4250-576x1024.png 576w, https:\/\/familjen.larsen.vc\/wp-content\/uploads\/2021\/05\/CL_05_IMG_4250.png 750w\" sizes=\"auto, (max-width: 169px) 100vw, 169px\" \/><\/a><p id=\"caption-attachment-4723\" class=\"wp-caption-text\">Camilla \u00e4r styv i korken.<\/p><\/div>\n<p>Kort d\u00e4refter hade \u00e4ven Emelie gjort sina \u00f6vningar.<\/p>\n<div id=\"attachment_4724\" style=\"width: 179px\" class=\"wp-caption aligncenter\"><a href=\"https:\/\/familjen.larsen.vc\/wp-content\/uploads\/2021\/05\/EN_05_IMG_4251.png\"><img loading=\"lazy\" decoding=\"async\" aria-describedby=\"caption-attachment-4724\" class=\"size-medium wp-image-4724\" src=\"https:\/\/familjen.larsen.vc\/wp-content\/uploads\/2021\/05\/EN_05_IMG_4251-169x300.png\" alt=\"\" width=\"169\" height=\"300\" srcset=\"https:\/\/familjen.larsen.vc\/wp-content\/uploads\/2021\/05\/EN_05_IMG_4251-169x300.png 169w, https:\/\/familjen.larsen.vc\/wp-content\/uploads\/2021\/05\/EN_05_IMG_4251-576x1024.png 576w, https:\/\/familjen.larsen.vc\/wp-content\/uploads\/2021\/05\/EN_05_IMG_4251.png 750w\" sizes=\"auto, (max-width: 169px) 100vw, 169px\" \/><\/a><p id=\"caption-attachment-4724\" class=\"wp-caption-text\">Emelie k\u00f6r h\u00e5rt<\/p><\/div>\n<p>\u00c4ven Mattias skickade in sin 18:35 och som vanligt v\u00e4ntar vi p\u00e5 Andreas, som s\u00e4kert gl\u00f6mt bort! \ud83d\ude09<\/p>\n<div id=\"attachment_4725\" style=\"width: 235px\" class=\"wp-caption aligncenter\"><a href=\"https:\/\/familjen.larsen.vc\/wp-content\/uploads\/2021\/05\/ML_05-scaled.jpg\"><img loading=\"lazy\" decoding=\"async\" aria-describedby=\"caption-attachment-4725\" class=\"size-medium wp-image-4725\" src=\"https:\/\/familjen.larsen.vc\/wp-content\/uploads\/2021\/05\/ML_05-225x300.jpg\" alt=\"\" width=\"225\" height=\"300\" srcset=\"https:\/\/familjen.larsen.vc\/wp-content\/uploads\/2021\/05\/ML_05-225x300.jpg 225w, https:\/\/familjen.larsen.vc\/wp-content\/uploads\/2021\/05\/ML_05-768x1024.jpg 768w, https:\/\/familjen.larsen.vc\/wp-content\/uploads\/2021\/05\/ML_05-1152x1536.jpg 1152w, https:\/\/familjen.larsen.vc\/wp-content\/uploads\/2021\/05\/ML_05-1536x2048.jpg 1536w, https:\/\/familjen.larsen.vc\/wp-content\/uploads\/2021\/05\/ML_05-scaled.jpg 1920w\" sizes=\"auto, (max-width: 225px) 100vw, 225px\" \/><\/a><p id=\"caption-attachment-4725\" class=\"wp-caption-text\">Adrian \u00f6vervakar s\u00e5 att allt g\u00e5r r\u00e4tt till<\/p><\/div>\n<p>. . . .<\/p>\n<p>Jod\u00e5, \u00e4ven Andreas meddelade att han gjort sitt, om \u00e4n sent p\u00e5 kv\u00e4llen (22:00). Men, det viktiga \u00e4r ju att det blir gjort.<\/p>\n","protected":false},"excerpt":{"rendered":"<p>Femte dagen i v\u00e5r utmaning och det b\u00f6rjar bli tuffare med \u00f6vningarna. Repetitionerna \u00f6kar f\u00f6r ca: varannan runda. Dag 05: Idag var Sandra uppe med tuppen och gjorde sitt redan 07:45 p\u00e5 gymmet. Efter Sandra, dr\u00f6jde det \u00e4nda till 16:30 innan Lars och J\u00f6rgen gjorde sitt, efter ett cirkelpass p\u00e5 Nordic Wellness Sv\u00e5gertorp. D\u00e4refter fick [&hellip;]<\/p>\n","protected":false},"author":1,"featured_media":4367,"comment_status":"open","ping_status":"open","sticky":false,"template":"","format":"standard","meta":{"footnotes":""},"categories":[175,182,122],"tags":[],"class_list":["post-4718","post","type-post","status-publish","format-standard","has-post-thumbnail","hentry","category-darabee-motion","category-impossible-abs","category-motion"],"_links":{"self":[{"href":"https:\/\/familjen.larsen.vc\/index.php?rest_route=\/wp\/v2\/posts\/4718","targetHints":{"allow":["GET"]}}],"collection":[{"href":"https:\/\/familjen.larsen.vc\/index.php?rest_route=\/wp\/v2\/posts"}],"about":[{"href":"https:\/\/familjen.larsen.vc\/index.php?rest_route=\/wp\/v2\/types\/post"}],"author":[{"embeddable":true,"href":"https:\/\/familjen.larsen.vc\/index.php?rest_route=\/wp\/v2\/users\/1"}],"replies":[{"embeddable":true,"href":"https:\/\/familjen.larsen.vc\/index.php?rest_route=%2Fwp%2Fv2%2Fcomments&post=4718"}],"version-history":[{"count":3,"href":"https:\/\/familjen.larsen.vc\/index.php?rest_route=\/wp\/v2\/posts\/4718\/revisions"}],"predecessor-version":[{"id":4737,"href":"https:\/\/familjen.larsen.vc\/index.php?rest_route=\/wp\/v2\/posts\/4718\/revisions\/4737"}],"wp:featuredmedia":[{"embeddable":true,"href":"https:\/\/familjen.larsen.vc\/index.php?rest_route=\/wp\/v2\/media\/4367"}],"wp:attachment":[{"href":"https:\/\/familjen.larsen.vc\/index.php?rest_route=%2Fwp%2Fv2%2Fmedia&parent=4718"}],"wp:term":[{"taxonomy":"category","embeddable":true,"href":"https:\/\/familjen.larsen.vc\/index.php?rest_route=%2Fwp%2Fv2%2Fcategories&post=4718"},{"taxonomy":"post_tag","embeddable":true,"href":"https:\/\/familjen.larsen.vc\/index.php?rest_route=%2Fwp%2Fv2%2Ftags&post=4718"}],"curies":[{"name":"wp","href":"https:\/\/api.w.org\/{rel}","templated":true}]}}