{"id":4550,"date":"2021-04-18T17:34:00","date_gmt":"2021-04-18T16:34:00","guid":{"rendered":"https:\/\/familjen.larsen.vc\/?p=4550"},"modified":"2021-04-18T17:34:00","modified_gmt":"2021-04-18T16:34:00","slug":"antligen-en-loprunda","status":"publish","type":"post","link":"https:\/\/familjen.larsen.vc\/?p=4550","title":{"rendered":"\u00c4ntligen en l\u00f6prunda!"},"content":{"rendered":"<p>Det tog lite tid, och det var inte med stor entusiasm jag begav mig ut p\u00e5 den f\u00f6rutbest\u00e4mda rundan p\u00e5 dryga 5 km, men till slut, efter en kort runda p\u00e5 motorcykeln, kl\u00e4dde jag om och sprang min runda.<\/p>\n<p>Jag hade best\u00e4mt mig f\u00f6r att springa utan mobilen idag, och bara anv\u00e4nda mig av min Fitbit, men kom ganska snart p\u00e5 att \u00e4ven om jag bara skulle testa att springa med fitbiten, s\u00e5 beh\u00f6vde jag mobilen f\u00f6r att kunna lyssna p\u00e5 musik.<\/p>\n<p>S\u00e5 mobilen kom med, men endast f\u00f6r att lyssna p\u00e5 musik.<\/p>\n<p>Det visade sig, att den enda appen som registrerade rundan, var Fitbit-appen. Strava som \u00e4r kopplad till den, tog ej emot rundan, s\u00e5 det blev ingen grafik p\u00e5 denna runda.<\/p>\n<p><a href=\"https:\/\/familjen.larsen.vc\/wp-content\/uploads\/2021\/04\/20210418_IMG_4136.png\"><img loading=\"lazy\" decoding=\"async\" class=\"aligncenter size-medium wp-image-4551\" src=\"https:\/\/familjen.larsen.vc\/wp-content\/uploads\/2021\/04\/20210418_IMG_4136-169x300.png\" alt=\"\" width=\"169\" height=\"300\" srcset=\"https:\/\/familjen.larsen.vc\/wp-content\/uploads\/2021\/04\/20210418_IMG_4136-169x300.png 169w, https:\/\/familjen.larsen.vc\/wp-content\/uploads\/2021\/04\/20210418_IMG_4136-576x1024.png 576w, https:\/\/familjen.larsen.vc\/wp-content\/uploads\/2021\/04\/20210418_IMG_4136.png 750w\" sizes=\"auto, (max-width: 169px) 100vw, 169px\" \/><\/a><\/p>\n<p>D\u00e4remot, s\u00e5 registrerade jag samma runda p\u00e5 Relive, s\u00e5 den kommer h\u00e4r.<\/p>\n<p>https:\/\/www.relive.cc\/view\/v8qkjEEpj36<\/p>\n","protected":false},"excerpt":{"rendered":"<p>Det tog lite tid, och det var inte med stor entusiasm jag begav mig ut p\u00e5 den f\u00f6rutbest\u00e4mda rundan p\u00e5 dryga 5 km, men till slut, efter en kort runda p\u00e5 motorcykeln, kl\u00e4dde jag om och sprang min runda. Jag hade best\u00e4mt mig f\u00f6r att springa utan mobilen idag, och bara anv\u00e4nda mig av min [&hellip;]<\/p>\n","protected":false},"author":1,"featured_media":3976,"comment_status":"open","ping_status":"open","sticky":false,"template":"","format":"standard","meta":{"footnotes":""},"categories":[157,153,122,159],"tags":[],"class_list":["post-4550","post","type-post","status-publish","format-standard","has-post-thumbnail","hentry","category-conquer-2021","category-conqueror-virtual-challenges","category-motion","category-ring-of-kerry"],"_links":{"self":[{"href":"https:\/\/familjen.larsen.vc\/index.php?rest_route=\/wp\/v2\/posts\/4550","targetHints":{"allow":["GET"]}}],"collection":[{"href":"https:\/\/familjen.larsen.vc\/index.php?rest_route=\/wp\/v2\/posts"}],"about":[{"href":"https:\/\/familjen.larsen.vc\/index.php?rest_route=\/wp\/v2\/types\/post"}],"author":[{"embeddable":true,"href":"https:\/\/familjen.larsen.vc\/index.php?rest_route=\/wp\/v2\/users\/1"}],"replies":[{"embeddable":true,"href":"https:\/\/familjen.larsen.vc\/index.php?rest_route=%2Fwp%2Fv2%2Fcomments&post=4550"}],"version-history":[{"count":1,"href":"https:\/\/familjen.larsen.vc\/index.php?rest_route=\/wp\/v2\/posts\/4550\/revisions"}],"predecessor-version":[{"id":4552,"href":"https:\/\/familjen.larsen.vc\/index.php?rest_route=\/wp\/v2\/posts\/4550\/revisions\/4552"}],"wp:featuredmedia":[{"embeddable":true,"href":"https:\/\/familjen.larsen.vc\/index.php?rest_route=\/wp\/v2\/media\/3976"}],"wp:attachment":[{"href":"https:\/\/familjen.larsen.vc\/index.php?rest_route=%2Fwp%2Fv2%2Fmedia&parent=4550"}],"wp:term":[{"taxonomy":"category","embeddable":true,"href":"https:\/\/familjen.larsen.vc\/index.php?rest_route=%2Fwp%2Fv2%2Fcategories&post=4550"},{"taxonomy":"post_tag","embeddable":true,"href":"https:\/\/familjen.larsen.vc\/index.php?rest_route=%2Fwp%2Fv2%2Ftags&post=4550"}],"curies":[{"name":"wp","href":"https:\/\/api.w.org\/{rel}","templated":true}]}}