{"id":3789,"date":"2020-07-26T23:52:43","date_gmt":"2020-07-26T22:52:43","guid":{"rendered":"http:\/\/familjen.larsen.vc\/?p=3789"},"modified":"2020-10-10T07:01:13","modified_gmt":"2020-10-10T06:01:13","slug":"ockelbo-2020-07-24-2020-07-25","status":"publish","type":"post","link":"https:\/\/familjen.larsen.vc\/?p=3789","title":{"rendered":"Ockelbo 2020-07-24 &#8211; 2020-07-25"},"content":{"rendered":"<p>Fredagen den 24 juli 2020, k\u00f6rde Per, Nina, Tina och jag i en bil, Helen och Saga i en bil, upp till Ockelbo f\u00f6r att h\u00e4lsa p\u00e5 Helen, Tina och Nina&#8217;s morbror Zoltan och Louise.<\/p>\n<p>Vi bodde p\u00e5 ett B&amp;B mitt i centrala Ockelbo, endast ett hundratal meter ifr\u00e5n d\u00e4r Zoltan och Louise&#8217;s hus l\u00e5g.<\/p>\n<p>S\u00f6ndagen den 26:e k\u00f6rde vi f\u00f6rbi och h\u00e4lsade p\u00e5 Nina och Per&#8217;s nytillskott i familjen Lille &#8221;Zimba&#8221; endast 4-veckor gammal. Efter detta bes\u00f6k begav vi oss hem\u00e5t igen.<\/p>\n<div id=\"attachment_3788\" style=\"width: 310px\" class=\"wp-caption aligncenter\"><a href=\"https:\/\/familjen.larsen.vc\/wp-content\/uploads\/2020\/10\/P1020065-scaled.jpg\"><img loading=\"lazy\" decoding=\"async\" aria-describedby=\"caption-attachment-3788\" class=\"size-medium wp-image-3788\" src=\"https:\/\/familjen.larsen.vc\/wp-content\/uploads\/2020\/10\/P1020065-300x225.jpg\" alt=\"\" width=\"300\" height=\"225\" srcset=\"https:\/\/familjen.larsen.vc\/wp-content\/uploads\/2020\/10\/P1020065-300x225.jpg 300w, https:\/\/familjen.larsen.vc\/wp-content\/uploads\/2020\/10\/P1020065-1024x768.jpg 1024w, https:\/\/familjen.larsen.vc\/wp-content\/uploads\/2020\/10\/P1020065-768x576.jpg 768w, https:\/\/familjen.larsen.vc\/wp-content\/uploads\/2020\/10\/P1020065-1536x1152.jpg 1536w, https:\/\/familjen.larsen.vc\/wp-content\/uploads\/2020\/10\/P1020065-2048x1536.jpg 2048w\" sizes=\"auto, (max-width: 300px) 100vw, 300px\" \/><\/a><p id=\"caption-attachment-3788\" class=\"wp-caption-text\">Per &amp; Saga vid Sigurdsstenen.<\/p><\/div>\n<div id=\"attachment_3787\" style=\"width: 310px\" class=\"wp-caption aligncenter\"><a href=\"https:\/\/familjen.larsen.vc\/wp-content\/uploads\/2020\/10\/P1020064-scaled.jpg\"><img loading=\"lazy\" decoding=\"async\" aria-describedby=\"caption-attachment-3787\" class=\"size-medium wp-image-3787\" src=\"https:\/\/familjen.larsen.vc\/wp-content\/uploads\/2020\/10\/P1020064-300x225.jpg\" alt=\"\" width=\"300\" height=\"225\" srcset=\"https:\/\/familjen.larsen.vc\/wp-content\/uploads\/2020\/10\/P1020064-300x225.jpg 300w, https:\/\/familjen.larsen.vc\/wp-content\/uploads\/2020\/10\/P1020064-1024x768.jpg 1024w, https:\/\/familjen.larsen.vc\/wp-content\/uploads\/2020\/10\/P1020064-768x576.jpg 768w, https:\/\/familjen.larsen.vc\/wp-content\/uploads\/2020\/10\/P1020064-1536x1152.jpg 1536w, https:\/\/familjen.larsen.vc\/wp-content\/uploads\/2020\/10\/P1020064-2048x1536.jpg 2048w\" sizes=\"auto, (max-width: 300px) 100vw, 300px\" \/><\/a><p id=\"caption-attachment-3787\" class=\"wp-caption-text\">Lite efterr\u00e4tt.<\/p><\/div>\n<div id=\"attachment_3786\" style=\"width: 310px\" class=\"wp-caption aligncenter\"><a href=\"https:\/\/familjen.larsen.vc\/wp-content\/uploads\/2020\/10\/P1020063-scaled.jpg\"><img loading=\"lazy\" decoding=\"async\" aria-describedby=\"caption-attachment-3786\" class=\"size-medium wp-image-3786\" src=\"https:\/\/familjen.larsen.vc\/wp-content\/uploads\/2020\/10\/P1020063-300x225.jpg\" alt=\"\" width=\"300\" height=\"225\" srcset=\"https:\/\/familjen.larsen.vc\/wp-content\/uploads\/2020\/10\/P1020063-300x225.jpg 300w, https:\/\/familjen.larsen.vc\/wp-content\/uploads\/2020\/10\/P1020063-1024x768.jpg 1024w, https:\/\/familjen.larsen.vc\/wp-content\/uploads\/2020\/10\/P1020063-768x576.jpg 768w, https:\/\/familjen.larsen.vc\/wp-content\/uploads\/2020\/10\/P1020063-1536x1152.jpg 1536w, https:\/\/familjen.larsen.vc\/wp-content\/uploads\/2020\/10\/P1020063-2048x1536.jpg 2048w\" sizes=\"auto, (max-width: 300px) 100vw, 300px\" \/><\/a><p id=\"caption-attachment-3786\" class=\"wp-caption-text\">Sk\u00e5l p\u00e5 er!<\/p><\/div>\n<div id=\"attachment_3785\" style=\"width: 310px\" class=\"wp-caption aligncenter\"><a href=\"https:\/\/familjen.larsen.vc\/wp-content\/uploads\/2020\/10\/P1020061-scaled.jpg\"><img loading=\"lazy\" decoding=\"async\" aria-describedby=\"caption-attachment-3785\" class=\"size-medium wp-image-3785\" src=\"https:\/\/familjen.larsen.vc\/wp-content\/uploads\/2020\/10\/P1020061-300x225.jpg\" alt=\"\" width=\"300\" height=\"225\" srcset=\"https:\/\/familjen.larsen.vc\/wp-content\/uploads\/2020\/10\/P1020061-300x225.jpg 300w, https:\/\/familjen.larsen.vc\/wp-content\/uploads\/2020\/10\/P1020061-1024x768.jpg 1024w, https:\/\/familjen.larsen.vc\/wp-content\/uploads\/2020\/10\/P1020061-768x576.jpg 768w, https:\/\/familjen.larsen.vc\/wp-content\/uploads\/2020\/10\/P1020061-1536x1152.jpg 1536w, https:\/\/familjen.larsen.vc\/wp-content\/uploads\/2020\/10\/P1020061-2048x1536.jpg 2048w\" sizes=\"auto, (max-width: 300px) 100vw, 300px\" \/><\/a><p id=\"caption-attachment-3785\" class=\"wp-caption-text\">Corona avst\u00e5nd. Middag vid tv\u00e5 bord.<\/p><\/div>\n<div id=\"attachment_3784\" style=\"width: 310px\" class=\"wp-caption aligncenter\"><a href=\"https:\/\/familjen.larsen.vc\/wp-content\/uploads\/2020\/10\/P1020060-scaled.jpg\"><img loading=\"lazy\" decoding=\"async\" aria-describedby=\"caption-attachment-3784\" class=\"size-medium wp-image-3784\" src=\"https:\/\/familjen.larsen.vc\/wp-content\/uploads\/2020\/10\/P1020060-300x225.jpg\" alt=\"\" width=\"300\" height=\"225\" srcset=\"https:\/\/familjen.larsen.vc\/wp-content\/uploads\/2020\/10\/P1020060-300x225.jpg 300w, https:\/\/familjen.larsen.vc\/wp-content\/uploads\/2020\/10\/P1020060-1024x768.jpg 1024w, https:\/\/familjen.larsen.vc\/wp-content\/uploads\/2020\/10\/P1020060-768x576.jpg 768w, https:\/\/familjen.larsen.vc\/wp-content\/uploads\/2020\/10\/P1020060-1536x1152.jpg 1536w, https:\/\/familjen.larsen.vc\/wp-content\/uploads\/2020\/10\/P1020060-2048x1536.jpg 2048w\" sizes=\"auto, (max-width: 300px) 100vw, 300px\" \/><\/a><p id=\"caption-attachment-3784\" class=\"wp-caption-text\">Louise och Zoltan bj\u00f6d p\u00e5 middag.<\/p><\/div>\n<div id=\"attachment_3783\" style=\"width: 310px\" class=\"wp-caption aligncenter\"><a href=\"https:\/\/familjen.larsen.vc\/wp-content\/uploads\/2020\/10\/P1020127-scaled.jpg\"><img loading=\"lazy\" decoding=\"async\" aria-describedby=\"caption-attachment-3783\" class=\"size-medium wp-image-3783\" src=\"https:\/\/familjen.larsen.vc\/wp-content\/uploads\/2020\/10\/P1020127-300x225.jpg\" alt=\"\" width=\"300\" height=\"225\" srcset=\"https:\/\/familjen.larsen.vc\/wp-content\/uploads\/2020\/10\/P1020127-300x225.jpg 300w, https:\/\/familjen.larsen.vc\/wp-content\/uploads\/2020\/10\/P1020127-1024x768.jpg 1024w, https:\/\/familjen.larsen.vc\/wp-content\/uploads\/2020\/10\/P1020127-768x576.jpg 768w, https:\/\/familjen.larsen.vc\/wp-content\/uploads\/2020\/10\/P1020127-1536x1152.jpg 1536w, https:\/\/familjen.larsen.vc\/wp-content\/uploads\/2020\/10\/P1020127-2048x1536.jpg 2048w\" sizes=\"auto, (max-width: 300px) 100vw, 300px\" \/><\/a><p id=\"caption-attachment-3783\" class=\"wp-caption-text\">V\u00e4ntar p\u00e5 v\u00e5fflor.<\/p><\/div>\n<div id=\"attachment_3782\" style=\"width: 310px\" class=\"wp-caption aligncenter\"><a href=\"https:\/\/familjen.larsen.vc\/wp-content\/uploads\/2020\/10\/P1020126-scaled.jpg\"><img loading=\"lazy\" decoding=\"async\" aria-describedby=\"caption-attachment-3782\" class=\"size-medium wp-image-3782\" src=\"https:\/\/familjen.larsen.vc\/wp-content\/uploads\/2020\/10\/P1020126-300x225.jpg\" alt=\"\" width=\"300\" height=\"225\" srcset=\"https:\/\/familjen.larsen.vc\/wp-content\/uploads\/2020\/10\/P1020126-300x225.jpg 300w, https:\/\/familjen.larsen.vc\/wp-content\/uploads\/2020\/10\/P1020126-1024x768.jpg 1024w, https:\/\/familjen.larsen.vc\/wp-content\/uploads\/2020\/10\/P1020126-768x576.jpg 768w, https:\/\/familjen.larsen.vc\/wp-content\/uploads\/2020\/10\/P1020126-1536x1152.jpg 1536w, https:\/\/familjen.larsen.vc\/wp-content\/uploads\/2020\/10\/P1020126-2048x1536.jpg 2048w\" sizes=\"auto, (max-width: 300px) 100vw, 300px\" \/><\/a><p id=\"caption-attachment-3782\" class=\"wp-caption-text\">Dags f\u00f6r lite v\u00e5fflor i Ockelbo.<\/p><\/div>\n<div id=\"attachment_3781\" style=\"width: 310px\" class=\"wp-caption aligncenter\"><a href=\"https:\/\/familjen.larsen.vc\/wp-content\/uploads\/2020\/10\/P1020121-scaled.jpg\"><img loading=\"lazy\" decoding=\"async\" aria-describedby=\"caption-attachment-3781\" class=\"size-medium wp-image-3781\" src=\"https:\/\/familjen.larsen.vc\/wp-content\/uploads\/2020\/10\/P1020121-300x225.jpg\" alt=\"\" width=\"300\" height=\"225\" srcset=\"https:\/\/familjen.larsen.vc\/wp-content\/uploads\/2020\/10\/P1020121-300x225.jpg 300w, https:\/\/familjen.larsen.vc\/wp-content\/uploads\/2020\/10\/P1020121-1024x768.jpg 1024w, https:\/\/familjen.larsen.vc\/wp-content\/uploads\/2020\/10\/P1020121-768x576.jpg 768w, https:\/\/familjen.larsen.vc\/wp-content\/uploads\/2020\/10\/P1020121-1536x1152.jpg 1536w, https:\/\/familjen.larsen.vc\/wp-content\/uploads\/2020\/10\/P1020121-2048x1536.jpg 2048w\" sizes=\"auto, (max-width: 300px) 100vw, 300px\" \/><\/a><p id=\"caption-attachment-3781\" class=\"wp-caption-text\">R\u00f6nn\u00e5sen<\/p><\/div>\n<div id=\"attachment_3780\" style=\"width: 310px\" class=\"wp-caption aligncenter\"><a href=\"https:\/\/familjen.larsen.vc\/wp-content\/uploads\/2020\/10\/P1020110-scaled.jpg\"><img loading=\"lazy\" decoding=\"async\" aria-describedby=\"caption-attachment-3780\" class=\"size-medium wp-image-3780\" src=\"https:\/\/familjen.larsen.vc\/wp-content\/uploads\/2020\/10\/P1020110-300x225.jpg\" alt=\"\" width=\"300\" height=\"225\" srcset=\"https:\/\/familjen.larsen.vc\/wp-content\/uploads\/2020\/10\/P1020110-300x225.jpg 300w, https:\/\/familjen.larsen.vc\/wp-content\/uploads\/2020\/10\/P1020110-1024x768.jpg 1024w, https:\/\/familjen.larsen.vc\/wp-content\/uploads\/2020\/10\/P1020110-768x576.jpg 768w, https:\/\/familjen.larsen.vc\/wp-content\/uploads\/2020\/10\/P1020110-1536x1152.jpg 1536w, https:\/\/familjen.larsen.vc\/wp-content\/uploads\/2020\/10\/P1020110-2048x1536.jpg 2048w\" sizes=\"auto, (max-width: 300px) 100vw, 300px\" \/><\/a><p id=\"caption-attachment-3780\" class=\"wp-caption-text\">F\u00f6rklaring av stenblocken<\/p><\/div>\n<div id=\"attachment_3779\" style=\"width: 310px\" class=\"wp-caption aligncenter\"><a href=\"https:\/\/familjen.larsen.vc\/wp-content\/uploads\/2020\/10\/P1020103-scaled.jpg\"><img loading=\"lazy\" decoding=\"async\" aria-describedby=\"caption-attachment-3779\" class=\"size-medium wp-image-3779\" src=\"https:\/\/familjen.larsen.vc\/wp-content\/uploads\/2020\/10\/P1020103-300x225.jpg\" alt=\"\" width=\"300\" height=\"225\" srcset=\"https:\/\/familjen.larsen.vc\/wp-content\/uploads\/2020\/10\/P1020103-300x225.jpg 300w, https:\/\/familjen.larsen.vc\/wp-content\/uploads\/2020\/10\/P1020103-1024x768.jpg 1024w, https:\/\/familjen.larsen.vc\/wp-content\/uploads\/2020\/10\/P1020103-768x576.jpg 768w, https:\/\/familjen.larsen.vc\/wp-content\/uploads\/2020\/10\/P1020103-1536x1152.jpg 1536w, https:\/\/familjen.larsen.vc\/wp-content\/uploads\/2020\/10\/P1020103-2048x1536.jpg 2048w\" sizes=\"auto, (max-width: 300px) 100vw, 300px\" \/><\/a><p id=\"caption-attachment-3779\" class=\"wp-caption-text\">Ockelbo promenad p\u00e5 Mulle&#8217;s promenadstig.<\/p><\/div>\n<div id=\"attachment_3778\" style=\"width: 310px\" class=\"wp-caption aligncenter\"><a href=\"https:\/\/familjen.larsen.vc\/wp-content\/uploads\/2020\/10\/P1020096-scaled.jpg\"><img loading=\"lazy\" decoding=\"async\" aria-describedby=\"caption-attachment-3778\" class=\"size-medium wp-image-3778\" src=\"https:\/\/familjen.larsen.vc\/wp-content\/uploads\/2020\/10\/P1020096-300x225.jpg\" alt=\"\" width=\"300\" height=\"225\" srcset=\"https:\/\/familjen.larsen.vc\/wp-content\/uploads\/2020\/10\/P1020096-300x225.jpg 300w, https:\/\/familjen.larsen.vc\/wp-content\/uploads\/2020\/10\/P1020096-1024x768.jpg 1024w, https:\/\/familjen.larsen.vc\/wp-content\/uploads\/2020\/10\/P1020096-768x576.jpg 768w, https:\/\/familjen.larsen.vc\/wp-content\/uploads\/2020\/10\/P1020096-1536x1152.jpg 1536w, https:\/\/familjen.larsen.vc\/wp-content\/uploads\/2020\/10\/P1020096-2048x1536.jpg 2048w\" sizes=\"auto, (max-width: 300px) 100vw, 300px\" \/><\/a><p id=\"caption-attachment-3778\" class=\"wp-caption-text\">Ockelbo promenad p\u00e5 Mulle&#8217;s promenadstig.<\/p><\/div>\n<div id=\"attachment_3777\" style=\"width: 310px\" class=\"wp-caption aligncenter\"><a href=\"https:\/\/familjen.larsen.vc\/wp-content\/uploads\/2020\/10\/P1020095-scaled.jpg\"><img loading=\"lazy\" decoding=\"async\" aria-describedby=\"caption-attachment-3777\" class=\"size-medium wp-image-3777\" src=\"https:\/\/familjen.larsen.vc\/wp-content\/uploads\/2020\/10\/P1020095-300x225.jpg\" alt=\"\" width=\"300\" height=\"225\" srcset=\"https:\/\/familjen.larsen.vc\/wp-content\/uploads\/2020\/10\/P1020095-300x225.jpg 300w, https:\/\/familjen.larsen.vc\/wp-content\/uploads\/2020\/10\/P1020095-1024x768.jpg 1024w, https:\/\/familjen.larsen.vc\/wp-content\/uploads\/2020\/10\/P1020095-768x576.jpg 768w, https:\/\/familjen.larsen.vc\/wp-content\/uploads\/2020\/10\/P1020095-1536x1152.jpg 1536w, https:\/\/familjen.larsen.vc\/wp-content\/uploads\/2020\/10\/P1020095-2048x1536.jpg 2048w\" sizes=\"auto, (max-width: 300px) 100vw, 300px\" \/><\/a><p id=\"caption-attachment-3777\" class=\"wp-caption-text\">Ockelbo promenad p\u00e5 R\u00f6nn\u00e5sen.<\/p><\/div>\n<div id=\"attachment_3776\" style=\"width: 310px\" class=\"wp-caption aligncenter\"><a href=\"https:\/\/familjen.larsen.vc\/wp-content\/uploads\/2020\/10\/P1020091-scaled.jpg\"><img loading=\"lazy\" decoding=\"async\" aria-describedby=\"caption-attachment-3776\" class=\"size-medium wp-image-3776\" src=\"https:\/\/familjen.larsen.vc\/wp-content\/uploads\/2020\/10\/P1020091-300x225.jpg\" alt=\"\" width=\"300\" height=\"225\" srcset=\"https:\/\/familjen.larsen.vc\/wp-content\/uploads\/2020\/10\/P1020091-300x225.jpg 300w, https:\/\/familjen.larsen.vc\/wp-content\/uploads\/2020\/10\/P1020091-1024x768.jpg 1024w, https:\/\/familjen.larsen.vc\/wp-content\/uploads\/2020\/10\/P1020091-768x576.jpg 768w, https:\/\/familjen.larsen.vc\/wp-content\/uploads\/2020\/10\/P1020091-1536x1152.jpg 1536w, https:\/\/familjen.larsen.vc\/wp-content\/uploads\/2020\/10\/P1020091-2048x1536.jpg 2048w\" sizes=\"auto, (max-width: 300px) 100vw, 300px\" \/><\/a><p id=\"caption-attachment-3776\" class=\"wp-caption-text\">Ockelbo promenad p\u00e5 R\u00f6nn\u00e5sen.<\/p><\/div>\n<div id=\"attachment_3775\" style=\"width: 310px\" class=\"wp-caption aligncenter\"><a href=\"https:\/\/familjen.larsen.vc\/wp-content\/uploads\/2020\/10\/P1020088-scaled.jpg\"><img loading=\"lazy\" decoding=\"async\" aria-describedby=\"caption-attachment-3775\" class=\"size-medium wp-image-3775\" src=\"https:\/\/familjen.larsen.vc\/wp-content\/uploads\/2020\/10\/P1020088-300x225.jpg\" alt=\"\" width=\"300\" height=\"225\" srcset=\"https:\/\/familjen.larsen.vc\/wp-content\/uploads\/2020\/10\/P1020088-300x225.jpg 300w, https:\/\/familjen.larsen.vc\/wp-content\/uploads\/2020\/10\/P1020088-1024x768.jpg 1024w, https:\/\/familjen.larsen.vc\/wp-content\/uploads\/2020\/10\/P1020088-768x576.jpg 768w, https:\/\/familjen.larsen.vc\/wp-content\/uploads\/2020\/10\/P1020088-1536x1152.jpg 1536w, https:\/\/familjen.larsen.vc\/wp-content\/uploads\/2020\/10\/P1020088-2048x1536.jpg 2048w\" sizes=\"auto, (max-width: 300px) 100vw, 300px\" \/><\/a><p id=\"caption-attachment-3775\" class=\"wp-caption-text\">Helen &amp; Nina snappar vid sommarstugan.<\/p><\/div>\n<div id=\"attachment_3774\" style=\"width: 310px\" class=\"wp-caption aligncenter\"><a href=\"https:\/\/familjen.larsen.vc\/wp-content\/uploads\/2020\/10\/P1020084-scaled.jpg\"><img loading=\"lazy\" decoding=\"async\" aria-describedby=\"caption-attachment-3774\" class=\"size-medium wp-image-3774\" src=\"https:\/\/familjen.larsen.vc\/wp-content\/uploads\/2020\/10\/P1020084-300x225.jpg\" alt=\"\" width=\"300\" height=\"225\" srcset=\"https:\/\/familjen.larsen.vc\/wp-content\/uploads\/2020\/10\/P1020084-300x225.jpg 300w, https:\/\/familjen.larsen.vc\/wp-content\/uploads\/2020\/10\/P1020084-1024x768.jpg 1024w, https:\/\/familjen.larsen.vc\/wp-content\/uploads\/2020\/10\/P1020084-768x576.jpg 768w, https:\/\/familjen.larsen.vc\/wp-content\/uploads\/2020\/10\/P1020084-1536x1152.jpg 1536w, https:\/\/familjen.larsen.vc\/wp-content\/uploads\/2020\/10\/P1020084-2048x1536.jpg 2048w\" sizes=\"auto, (max-width: 300px) 100vw, 300px\" \/><\/a><p id=\"caption-attachment-3774\" class=\"wp-caption-text\">Paus efter promenad p\u00e5 R\u00f6nn\u00e5sen.<\/p><\/div>\n<div id=\"attachment_3773\" style=\"width: 310px\" class=\"wp-caption aligncenter\"><a href=\"https:\/\/familjen.larsen.vc\/wp-content\/uploads\/2020\/10\/P1020083-scaled.jpg\"><img loading=\"lazy\" decoding=\"async\" aria-describedby=\"caption-attachment-3773\" class=\"size-medium wp-image-3773\" src=\"https:\/\/familjen.larsen.vc\/wp-content\/uploads\/2020\/10\/P1020083-300x225.jpg\" alt=\"\" width=\"300\" height=\"225\" srcset=\"https:\/\/familjen.larsen.vc\/wp-content\/uploads\/2020\/10\/P1020083-300x225.jpg 300w, https:\/\/familjen.larsen.vc\/wp-content\/uploads\/2020\/10\/P1020083-1024x768.jpg 1024w, https:\/\/familjen.larsen.vc\/wp-content\/uploads\/2020\/10\/P1020083-768x576.jpg 768w, https:\/\/familjen.larsen.vc\/wp-content\/uploads\/2020\/10\/P1020083-1536x1152.jpg 1536w, https:\/\/familjen.larsen.vc\/wp-content\/uploads\/2020\/10\/P1020083-2048x1536.jpg 2048w\" sizes=\"auto, (max-width: 300px) 100vw, 300px\" \/><\/a><p id=\"caption-attachment-3773\" class=\"wp-caption-text\">Promenad vid sommarstugan.<\/p><\/div>\n<div id=\"attachment_3772\" style=\"width: 235px\" class=\"wp-caption aligncenter\"><a href=\"https:\/\/familjen.larsen.vc\/wp-content\/uploads\/2020\/10\/P1020066-scaled.jpg\"><img loading=\"lazy\" decoding=\"async\" aria-describedby=\"caption-attachment-3772\" class=\"size-medium wp-image-3772\" src=\"https:\/\/familjen.larsen.vc\/wp-content\/uploads\/2020\/10\/P1020066-225x300.jpg\" alt=\"\" width=\"225\" height=\"300\" srcset=\"https:\/\/familjen.larsen.vc\/wp-content\/uploads\/2020\/10\/P1020066-225x300.jpg 225w, https:\/\/familjen.larsen.vc\/wp-content\/uploads\/2020\/10\/P1020066-768x1024.jpg 768w, https:\/\/familjen.larsen.vc\/wp-content\/uploads\/2020\/10\/P1020066-1152x1536.jpg 1152w, https:\/\/familjen.larsen.vc\/wp-content\/uploads\/2020\/10\/P1020066-1536x2048.jpg 1536w, https:\/\/familjen.larsen.vc\/wp-content\/uploads\/2020\/10\/P1020066-scaled.jpg 1920w\" sizes=\"auto, (max-width: 225px) 100vw, 225px\" \/><\/a><p id=\"caption-attachment-3772\" class=\"wp-caption-text\">Ockelbo Runsten med inskrift av Sigurdssagan. (kopia)<\/p><\/div>\n","protected":false},"excerpt":{"rendered":"<p>Fredagen den 24 juli 2020, k\u00f6rde Per, Nina, Tina och jag i en bil, Helen och Saga i en bil, upp till Ockelbo f\u00f6r att h\u00e4lsa p\u00e5 Helen, Tina och Nina&#8217;s morbror Zoltan och Louise. Vi bodde p\u00e5 ett B&amp;B mitt i centrala Ockelbo, endast ett hundratal meter ifr\u00e5n d\u00e4r Zoltan och Louise&#8217;s hus l\u00e5g. [&hellip;]<\/p>\n","protected":false},"author":1,"featured_media":0,"comment_status":"open","ping_status":"open","sticky":false,"template":"","format":"standard","meta":{"footnotes":""},"categories":[144],"tags":[],"class_list":["post-3789","post","type-post","status-publish","format-standard","hentry","category-ockelbo-2020"],"_links":{"self":[{"href":"https:\/\/familjen.larsen.vc\/index.php?rest_route=\/wp\/v2\/posts\/3789","targetHints":{"allow":["GET"]}}],"collection":[{"href":"https:\/\/familjen.larsen.vc\/index.php?rest_route=\/wp\/v2\/posts"}],"about":[{"href":"https:\/\/familjen.larsen.vc\/index.php?rest_route=\/wp\/v2\/types\/post"}],"author":[{"embeddable":true,"href":"https:\/\/familjen.larsen.vc\/index.php?rest_route=\/wp\/v2\/users\/1"}],"replies":[{"embeddable":true,"href":"https:\/\/familjen.larsen.vc\/index.php?rest_route=%2Fwp%2Fv2%2Fcomments&post=3789"}],"version-history":[{"count":1,"href":"https:\/\/familjen.larsen.vc\/index.php?rest_route=\/wp\/v2\/posts\/3789\/revisions"}],"predecessor-version":[{"id":3790,"href":"https:\/\/familjen.larsen.vc\/index.php?rest_route=\/wp\/v2\/posts\/3789\/revisions\/3790"}],"wp:attachment":[{"href":"https:\/\/familjen.larsen.vc\/index.php?rest_route=%2Fwp%2Fv2%2Fmedia&parent=3789"}],"wp:term":[{"taxonomy":"category","embeddable":true,"href":"https:\/\/familjen.larsen.vc\/index.php?rest_route=%2Fwp%2Fv2%2Fcategories&post=3789"},{"taxonomy":"post_tag","embeddable":true,"href":"https:\/\/familjen.larsen.vc\/index.php?rest_route=%2Fwp%2Fv2%2Ftags&post=3789"}],"curies":[{"name":"wp","href":"https:\/\/api.w.org\/{rel}","templated":true}]}}