{"id":3691,"date":"2020-09-03T21:18:15","date_gmt":"2020-09-03T20:18:15","guid":{"rendered":"http:\/\/familjen.larsen.vc\/?p=3691"},"modified":"2020-09-03T21:18:32","modified_gmt":"2020-09-03T20:18:32","slug":"sjatte-deltagaren-i-mal","status":"publish","type":"post","link":"https:\/\/familjen.larsen.vc\/?p=3691","title":{"rendered":"Sj\u00e4tte deltagaren i m\u00e5l!"},"content":{"rendered":"<p>D\u00e5 kom den d\u00e5 till slut, dagen d\u00e5 Emelie Nordqvist som sj\u00e4tte och f\u00f6rmodligen sista deltagaren, n\u00e5dde sitt m\u00e5l och passerade 520,13 km.<\/p>\n<p>Detta gjorde hon p\u00e5 totalt 354-kalenderdagar, eller aktiv tid 4-dagar, 4-timmar, 58-minuter och 28-sekunder. Hon har haft en medeldistans p\u00e5 3,69 km\/tillf\u00e4lle och en snitt tid p\u00e5 11-minuter och 40-sekunder\/km. Emelie var ute vid totalt 141-tillf\u00e4llen.<\/p>\n<p>Vi gratulerar Emelie till bedriften och ser nu fram emot sista str\u00e4ckan i v\u00e5r str\u00e4van.<\/p>\n<p><a href=\"https:\/\/familjen.larsen.vc\/wp-content\/uploads\/2020\/09\/20200802_13_12_emelie_sandrasimon.jpg\"><img loading=\"lazy\" decoding=\"async\" class=\"aligncenter size-medium wp-image-3692\" src=\"https:\/\/familjen.larsen.vc\/wp-content\/uploads\/2020\/09\/20200802_13_12_emelie_sandrasimon-169x300.jpg\" alt=\"\" width=\"169\" height=\"300\" srcset=\"https:\/\/familjen.larsen.vc\/wp-content\/uploads\/2020\/09\/20200802_13_12_emelie_sandrasimon-169x300.jpg 169w, https:\/\/familjen.larsen.vc\/wp-content\/uploads\/2020\/09\/20200802_13_12_emelie_sandrasimon.jpg 360w\" sizes=\"auto, (max-width: 169px) 100vw, 169px\" \/><\/a> <a href=\"https:\/\/familjen.larsen.vc\/wp-content\/uploads\/2020\/09\/20200819_18_02_emelie_zelda.jpg\"><img loading=\"lazy\" decoding=\"async\" class=\"aligncenter size-medium wp-image-3693\" src=\"https:\/\/familjen.larsen.vc\/wp-content\/uploads\/2020\/09\/20200819_18_02_emelie_zelda-169x300.jpg\" alt=\"\" width=\"169\" height=\"300\" srcset=\"https:\/\/familjen.larsen.vc\/wp-content\/uploads\/2020\/09\/20200819_18_02_emelie_zelda-169x300.jpg 169w, https:\/\/familjen.larsen.vc\/wp-content\/uploads\/2020\/09\/20200819_18_02_emelie_zelda.jpg 360w\" sizes=\"auto, (max-width: 169px) 100vw, 169px\" \/><\/a> <a href=\"https:\/\/familjen.larsen.vc\/wp-content\/uploads\/2020\/09\/20200621_19_42_emelie.png\"><img loading=\"lazy\" decoding=\"async\" class=\"aligncenter size-medium wp-image-3694\" src=\"https:\/\/familjen.larsen.vc\/wp-content\/uploads\/2020\/09\/20200621_19_42_emelie-300x300.png\" alt=\"\" width=\"300\" height=\"300\" srcset=\"https:\/\/familjen.larsen.vc\/wp-content\/uploads\/2020\/09\/20200621_19_42_emelie-300x300.png 300w, https:\/\/familjen.larsen.vc\/wp-content\/uploads\/2020\/09\/20200621_19_42_emelie-150x150.png 150w, https:\/\/familjen.larsen.vc\/wp-content\/uploads\/2020\/09\/20200621_19_42_emelie.png 640w\" sizes=\"auto, (max-width: 300px) 100vw, 300px\" \/><\/a><\/p>\n","protected":false},"excerpt":{"rendered":"<p>D\u00e5 kom den d\u00e5 till slut, dagen d\u00e5 Emelie Nordqvist som sj\u00e4tte och f\u00f6rmodligen sista deltagaren, n\u00e5dde sitt m\u00e5l och passerade 520,13 km. Detta gjorde hon p\u00e5 totalt 354-kalenderdagar, eller aktiv tid 4-dagar, 4-timmar, 58-minuter och 28-sekunder. Hon har haft en medeldistans p\u00e5 3,69 km\/tillf\u00e4lle och en snitt tid p\u00e5 11-minuter och 40-sekunder\/km. Emelie var [&hellip;]<\/p>\n","protected":false},"author":1,"featured_media":3035,"comment_status":"open","ping_status":"open","sticky":false,"template":"","format":"standard","meta":{"footnotes":""},"categories":[122,114,127],"tags":[],"class_list":["post-3691","post","type-post","status-publish","format-standard","has-post-thumbnail","hentry","category-motion","category-runkeeper","category-sverige-runt-2020"],"_links":{"self":[{"href":"https:\/\/familjen.larsen.vc\/index.php?rest_route=\/wp\/v2\/posts\/3691","targetHints":{"allow":["GET"]}}],"collection":[{"href":"https:\/\/familjen.larsen.vc\/index.php?rest_route=\/wp\/v2\/posts"}],"about":[{"href":"https:\/\/familjen.larsen.vc\/index.php?rest_route=\/wp\/v2\/types\/post"}],"author":[{"embeddable":true,"href":"https:\/\/familjen.larsen.vc\/index.php?rest_route=\/wp\/v2\/users\/1"}],"replies":[{"embeddable":true,"href":"https:\/\/familjen.larsen.vc\/index.php?rest_route=%2Fwp%2Fv2%2Fcomments&post=3691"}],"version-history":[{"count":1,"href":"https:\/\/familjen.larsen.vc\/index.php?rest_route=\/wp\/v2\/posts\/3691\/revisions"}],"predecessor-version":[{"id":3696,"href":"https:\/\/familjen.larsen.vc\/index.php?rest_route=\/wp\/v2\/posts\/3691\/revisions\/3696"}],"wp:featuredmedia":[{"embeddable":true,"href":"https:\/\/familjen.larsen.vc\/index.php?rest_route=\/wp\/v2\/media\/3035"}],"wp:attachment":[{"href":"https:\/\/familjen.larsen.vc\/index.php?rest_route=%2Fwp%2Fv2%2Fmedia&parent=3691"}],"wp:term":[{"taxonomy":"category","embeddable":true,"href":"https:\/\/familjen.larsen.vc\/index.php?rest_route=%2Fwp%2Fv2%2Fcategories&post=3691"},{"taxonomy":"post_tag","embeddable":true,"href":"https:\/\/familjen.larsen.vc\/index.php?rest_route=%2Fwp%2Fv2%2Ftags&post=3691"}],"curies":[{"name":"wp","href":"https:\/\/api.w.org\/{rel}","templated":true}]}}