{"id":3427,"date":"2019-10-23T23:52:06","date_gmt":"2019-10-23T22:52:06","guid":{"rendered":"http:\/\/familjen.larsen.vc\/?p=3427"},"modified":"2019-10-23T21:06:44","modified_gmt":"2019-10-23T20:06:44","slug":"langa-onsdags-strackor","status":"publish","type":"post","link":"https:\/\/familjen.larsen.vc\/?p=3427","title":{"rendered":"L\u00e5nga onsdags str\u00e4ckor"},"content":{"rendered":"<p>Emelie Sassler som var ledig fr\u00e5n jobb idag, tog sig en tidig morgonpromenad p\u00e5 1,02 km innan hon begav sig till gymmet och gick 2,20 km d\u00e4r.<\/p>\n<p>Niclas Engdahl tog sin dj\u00e4vulsrunda denna morgon 6,66 km.<\/p>\n<p>Emelie Sassler som f\u00f6rmodligen k\u00e4nde sig inspirerad av sin ledighet (eller var rastl\u00f6s) tog sig en runda p\u00e5 4,45 km.<\/p>\n<p>Emelie Nordqvist tog sig en kuslig runda tillsammans med Sambon Simon och hunden Zelda. 5,77 km.<\/p>\n<p>J\u00f6rgen Larsen tog sig ut och spr\u00e4ckte f\u00f6r f\u00f6rsta g\u00e5ngen milen, medan frugan l\u00e5g nedb\u00e4ddad och tittade p\u00e5 Hallmarkfilmer!<\/p>\n<p>Kalle Sj\u00f6gren vankade av och an ett par g\u00e5nger och fick ihop 3,50 km.<\/p>\n<p>Lars Lindberg tog sig fram \u00e4nnu en g\u00e5ng p\u00e5 rullbandet och fick ihop 3,13 km.<\/p>\n<div id=\"attachment_3428\" style=\"width: 310px\" class=\"wp-caption aligncenter\"><a href=\"https:\/\/familjen.larsen.vc\/wp-content\/uploads\/2019\/10\/20191023_06_33_sassler.png\"><img loading=\"lazy\" decoding=\"async\" aria-describedby=\"caption-attachment-3428\" class=\"size-medium wp-image-3428\" src=\"https:\/\/familjen.larsen.vc\/wp-content\/uploads\/2019\/10\/20191023_06_33_sassler-300x300.png\" alt=\"\" width=\"300\" height=\"300\" srcset=\"https:\/\/familjen.larsen.vc\/wp-content\/uploads\/2019\/10\/20191023_06_33_sassler-300x300.png 300w, https:\/\/familjen.larsen.vc\/wp-content\/uploads\/2019\/10\/20191023_06_33_sassler-150x150.png 150w, https:\/\/familjen.larsen.vc\/wp-content\/uploads\/2019\/10\/20191023_06_33_sassler-768x768.png 768w, https:\/\/familjen.larsen.vc\/wp-content\/uploads\/2019\/10\/20191023_06_33_sassler-1024x1024.png 1024w, https:\/\/familjen.larsen.vc\/wp-content\/uploads\/2019\/10\/20191023_06_33_sassler.png 1312w\" sizes=\"auto, (max-width: 300px) 100vw, 300px\" \/><\/a><p id=\"caption-attachment-3428\" class=\"wp-caption-text\">Emelie Sassler 2019-10-23<\/p><\/div>\n<div id=\"attachment_3429\" style=\"width: 310px\" class=\"wp-caption aligncenter\"><a href=\"https:\/\/familjen.larsen.vc\/wp-content\/uploads\/2019\/10\/20191023_07_30_sassler.jpg\"><img loading=\"lazy\" decoding=\"async\" aria-describedby=\"caption-attachment-3429\" class=\"size-medium wp-image-3429\" src=\"https:\/\/familjen.larsen.vc\/wp-content\/uploads\/2019\/10\/20191023_07_30_sassler-300x169.jpg\" alt=\"\" width=\"300\" height=\"169\" srcset=\"https:\/\/familjen.larsen.vc\/wp-content\/uploads\/2019\/10\/20191023_07_30_sassler-300x169.jpg 300w, https:\/\/familjen.larsen.vc\/wp-content\/uploads\/2019\/10\/20191023_07_30_sassler-768x432.jpg 768w, https:\/\/familjen.larsen.vc\/wp-content\/uploads\/2019\/10\/20191023_07_30_sassler-1024x576.jpg 1024w\" sizes=\"auto, (max-width: 300px) 100vw, 300px\" \/><\/a><p id=\"caption-attachment-3429\" class=\"wp-caption-text\">Emelie Sassler 2019-10-23<\/p><\/div>\n<div id=\"attachment_3430\" style=\"width: 310px\" class=\"wp-caption aligncenter\"><a href=\"https:\/\/familjen.larsen.vc\/wp-content\/uploads\/2019\/10\/20191023_07_40_engdahl.jpg\"><img loading=\"lazy\" decoding=\"async\" aria-describedby=\"caption-attachment-3430\" class=\"size-medium wp-image-3430\" src=\"https:\/\/familjen.larsen.vc\/wp-content\/uploads\/2019\/10\/20191023_07_40_engdahl-300x300.jpg\" alt=\"\" width=\"300\" height=\"300\" srcset=\"https:\/\/familjen.larsen.vc\/wp-content\/uploads\/2019\/10\/20191023_07_40_engdahl-300x300.jpg 300w, https:\/\/familjen.larsen.vc\/wp-content\/uploads\/2019\/10\/20191023_07_40_engdahl-150x150.jpg 150w, https:\/\/familjen.larsen.vc\/wp-content\/uploads\/2019\/10\/20191023_07_40_engdahl-768x768.jpg 768w, https:\/\/familjen.larsen.vc\/wp-content\/uploads\/2019\/10\/20191023_07_40_engdahl-1024x1024.jpg 1024w, https:\/\/familjen.larsen.vc\/wp-content\/uploads\/2019\/10\/20191023_07_40_engdahl.jpg 1212w\" sizes=\"auto, (max-width: 300px) 100vw, 300px\" \/><\/a><p id=\"caption-attachment-3430\" class=\"wp-caption-text\">Niclas Engdahl 2019-10-23<\/p><\/div>\n<div id=\"attachment_3431\" style=\"width: 310px\" class=\"wp-caption aligncenter\"><a href=\"https:\/\/familjen.larsen.vc\/wp-content\/uploads\/2019\/10\/20191023_13_36_sassler.png\"><img loading=\"lazy\" decoding=\"async\" aria-describedby=\"caption-attachment-3431\" class=\"size-medium wp-image-3431\" src=\"https:\/\/familjen.larsen.vc\/wp-content\/uploads\/2019\/10\/20191023_13_36_sassler-300x300.png\" alt=\"\" width=\"300\" height=\"300\" srcset=\"https:\/\/familjen.larsen.vc\/wp-content\/uploads\/2019\/10\/20191023_13_36_sassler-300x300.png 300w, https:\/\/familjen.larsen.vc\/wp-content\/uploads\/2019\/10\/20191023_13_36_sassler-150x150.png 150w, https:\/\/familjen.larsen.vc\/wp-content\/uploads\/2019\/10\/20191023_13_36_sassler-768x768.png 768w, https:\/\/familjen.larsen.vc\/wp-content\/uploads\/2019\/10\/20191023_13_36_sassler-1024x1024.png 1024w, https:\/\/familjen.larsen.vc\/wp-content\/uploads\/2019\/10\/20191023_13_36_sassler.png 1312w\" sizes=\"auto, (max-width: 300px) 100vw, 300px\" \/><\/a><p id=\"caption-attachment-3431\" class=\"wp-caption-text\">Emelie Sassler 2019-10-23<\/p><\/div>\n<div id=\"attachment_3432\" style=\"width: 310px\" class=\"wp-caption aligncenter\"><a href=\"https:\/\/familjen.larsen.vc\/wp-content\/uploads\/2019\/10\/20191023_18_11_emelie.png\"><img loading=\"lazy\" decoding=\"async\" aria-describedby=\"caption-attachment-3432\" class=\"size-medium wp-image-3432\" src=\"https:\/\/familjen.larsen.vc\/wp-content\/uploads\/2019\/10\/20191023_18_11_emelie-300x300.png\" alt=\"\" width=\"300\" height=\"300\" srcset=\"https:\/\/familjen.larsen.vc\/wp-content\/uploads\/2019\/10\/20191023_18_11_emelie-300x300.png 300w, https:\/\/familjen.larsen.vc\/wp-content\/uploads\/2019\/10\/20191023_18_11_emelie-150x150.png 150w, https:\/\/familjen.larsen.vc\/wp-content\/uploads\/2019\/10\/20191023_18_11_emelie-768x768.png 768w, https:\/\/familjen.larsen.vc\/wp-content\/uploads\/2019\/10\/20191023_18_11_emelie-1024x1024.png 1024w, https:\/\/familjen.larsen.vc\/wp-content\/uploads\/2019\/10\/20191023_18_11_emelie.png 1212w\" sizes=\"auto, (max-width: 300px) 100vw, 300px\" \/><\/a><p id=\"caption-attachment-3432\" class=\"wp-caption-text\">Emelie Nordqvist 2019-10-23<\/p><\/div>\n<div id=\"attachment_3433\" style=\"width: 310px\" class=\"wp-caption aligncenter\"><a href=\"https:\/\/familjen.larsen.vc\/wp-content\/uploads\/2019\/10\/20191023_18_25_jorgen.jpg\"><img loading=\"lazy\" decoding=\"async\" aria-describedby=\"caption-attachment-3433\" class=\"size-medium wp-image-3433\" src=\"https:\/\/familjen.larsen.vc\/wp-content\/uploads\/2019\/10\/20191023_18_25_jorgen-300x300.jpg\" alt=\"\" width=\"300\" height=\"300\" srcset=\"https:\/\/familjen.larsen.vc\/wp-content\/uploads\/2019\/10\/20191023_18_25_jorgen-300x300.jpg 300w, https:\/\/familjen.larsen.vc\/wp-content\/uploads\/2019\/10\/20191023_18_25_jorgen-150x150.jpg 150w, https:\/\/familjen.larsen.vc\/wp-content\/uploads\/2019\/10\/20191023_18_25_jorgen-768x768.jpg 768w, https:\/\/familjen.larsen.vc\/wp-content\/uploads\/2019\/10\/20191023_18_25_jorgen-1024x1024.jpg 1024w, https:\/\/familjen.larsen.vc\/wp-content\/uploads\/2019\/10\/20191023_18_25_jorgen.jpg 1089w\" sizes=\"auto, (max-width: 300px) 100vw, 300px\" \/><\/a><p id=\"caption-attachment-3433\" class=\"wp-caption-text\">J\u00f6rgen Larsen 2019-10-23<\/p><\/div>\n<div id=\"attachment_3434\" style=\"width: 310px\" class=\"wp-caption aligncenter\"><a href=\"https:\/\/familjen.larsen.vc\/wp-content\/uploads\/2019\/10\/20191023_20_42_kalle.jpg\"><img loading=\"lazy\" decoding=\"async\" aria-describedby=\"caption-attachment-3434\" class=\"size-medium wp-image-3434\" src=\"https:\/\/familjen.larsen.vc\/wp-content\/uploads\/2019\/10\/20191023_20_42_kalle-300x300.jpg\" alt=\"\" width=\"300\" height=\"300\" srcset=\"https:\/\/familjen.larsen.vc\/wp-content\/uploads\/2019\/10\/20191023_20_42_kalle-300x300.jpg 300w, https:\/\/familjen.larsen.vc\/wp-content\/uploads\/2019\/10\/20191023_20_42_kalle-150x150.jpg 150w, https:\/\/familjen.larsen.vc\/wp-content\/uploads\/2019\/10\/20191023_20_42_kalle-768x768.jpg 768w, https:\/\/familjen.larsen.vc\/wp-content\/uploads\/2019\/10\/20191023_20_42_kalle.jpg 960w\" sizes=\"auto, (max-width: 300px) 100vw, 300px\" \/><\/a><p id=\"caption-attachment-3434\" class=\"wp-caption-text\">Kalle Sj\u00f6gren 2019-10-23<\/p><\/div>\n<div id=\"attachment_3435\" style=\"width: 310px\" class=\"wp-caption aligncenter\"><a href=\"https:\/\/familjen.larsen.vc\/wp-content\/uploads\/2019\/10\/20191023_21_23_lindberg.jpg\"><img loading=\"lazy\" decoding=\"async\" aria-describedby=\"caption-attachment-3435\" class=\"size-medium wp-image-3435\" src=\"https:\/\/familjen.larsen.vc\/wp-content\/uploads\/2019\/10\/20191023_21_23_lindberg-300x300.jpg\" alt=\"\" width=\"300\" height=\"300\" srcset=\"https:\/\/familjen.larsen.vc\/wp-content\/uploads\/2019\/10\/20191023_21_23_lindberg-300x300.jpg 300w, https:\/\/familjen.larsen.vc\/wp-content\/uploads\/2019\/10\/20191023_21_23_lindberg-150x150.jpg 150w, https:\/\/familjen.larsen.vc\/wp-content\/uploads\/2019\/10\/20191023_21_23_lindberg-768x768.jpg 768w, https:\/\/familjen.larsen.vc\/wp-content\/uploads\/2019\/10\/20191023_21_23_lindberg-1024x1024.jpg 1024w, https:\/\/familjen.larsen.vc\/wp-content\/uploads\/2019\/10\/20191023_21_23_lindberg.jpg 1212w\" sizes=\"auto, (max-width: 300px) 100vw, 300px\" \/><\/a><p id=\"caption-attachment-3435\" class=\"wp-caption-text\">Lars Lindberg 2019-10-23<\/p><\/div>\n<p>&nbsp;<\/p>\n","protected":false},"excerpt":{"rendered":"<p>Emelie Sassler som var ledig fr\u00e5n jobb idag, tog sig en tidig morgonpromenad p\u00e5 1,02 km innan hon begav sig till gymmet och gick 2,20 km d\u00e4r. Niclas Engdahl tog sin dj\u00e4vulsrunda denna morgon 6,66 km. Emelie Sassler som f\u00f6rmodligen k\u00e4nde sig inspirerad av sin ledighet (eller var rastl\u00f6s) tog sig en runda p\u00e5 4,45 [&hellip;]<\/p>\n","protected":false},"author":1,"featured_media":3035,"comment_status":"open","ping_status":"open","sticky":false,"template":"","format":"standard","meta":{"footnotes":""},"categories":[122,127],"tags":[],"class_list":["post-3427","post","type-post","status-publish","format-standard","has-post-thumbnail","hentry","category-motion","category-sverige-runt-2020"],"_links":{"self":[{"href":"https:\/\/familjen.larsen.vc\/index.php?rest_route=\/wp\/v2\/posts\/3427","targetHints":{"allow":["GET"]}}],"collection":[{"href":"https:\/\/familjen.larsen.vc\/index.php?rest_route=\/wp\/v2\/posts"}],"about":[{"href":"https:\/\/familjen.larsen.vc\/index.php?rest_route=\/wp\/v2\/types\/post"}],"author":[{"embeddable":true,"href":"https:\/\/familjen.larsen.vc\/index.php?rest_route=\/wp\/v2\/users\/1"}],"replies":[{"embeddable":true,"href":"https:\/\/familjen.larsen.vc\/index.php?rest_route=%2Fwp%2Fv2%2Fcomments&post=3427"}],"version-history":[{"count":1,"href":"https:\/\/familjen.larsen.vc\/index.php?rest_route=\/wp\/v2\/posts\/3427\/revisions"}],"predecessor-version":[{"id":3436,"href":"https:\/\/familjen.larsen.vc\/index.php?rest_route=\/wp\/v2\/posts\/3427\/revisions\/3436"}],"wp:featuredmedia":[{"embeddable":true,"href":"https:\/\/familjen.larsen.vc\/index.php?rest_route=\/wp\/v2\/media\/3035"}],"wp:attachment":[{"href":"https:\/\/familjen.larsen.vc\/index.php?rest_route=%2Fwp%2Fv2%2Fmedia&parent=3427"}],"wp:term":[{"taxonomy":"category","embeddable":true,"href":"https:\/\/familjen.larsen.vc\/index.php?rest_route=%2Fwp%2Fv2%2Fcategories&post=3427"},{"taxonomy":"post_tag","embeddable":true,"href":"https:\/\/familjen.larsen.vc\/index.php?rest_route=%2Fwp%2Fv2%2Ftags&post=3427"}],"curies":[{"name":"wp","href":"https:\/\/api.w.org\/{rel}","templated":true}]}}