{"id":3398,"date":"2019-10-20T22:07:34","date_gmt":"2019-10-20T21:07:34","guid":{"rendered":"http:\/\/familjen.larsen.vc\/?p=3398"},"modified":"2019-10-22T18:29:30","modified_gmt":"2019-10-22T17:29:30","slug":"2019-10-20","status":"publish","type":"post","link":"https:\/\/familjen.larsen.vc\/?p=3398","title":{"rendered":"Br\u00e4dspel och fotboll"},"content":{"rendered":"<p>2019-10-20<\/p>\n<p>Den andra pyssels\u00f6ndagen f\u00f6r s\u00e4songen och Rybergs fick stanna hemma d\u00e5 Felicia kr\u00e4kt och Samuel var febrig och f\u00f6rkyld.<\/p>\n<p>Vi andra, Tina, Elias &amp; Josse, Ellie, Elvira &amp; Pontus och jag, best\u00e4mde oss f\u00f6r att spela br\u00e4dspel.<\/p>\n<p>Det blev ett spel som Elias &amp; Josse tog med sig &#8211; &#8221;Ska vi sl\u00e5 vad?&#8221;.<\/p>\n<div id=\"attachment_3399\" style=\"width: 235px\" class=\"wp-caption aligncenter\"><a href=\"https:\/\/familjen.larsen.vc\/wp-content\/uploads\/2019\/10\/skavisl\u00e5vad.jpg\"><img loading=\"lazy\" decoding=\"async\" aria-describedby=\"caption-attachment-3399\" class=\"size-full wp-image-3399\" src=\"https:\/\/familjen.larsen.vc\/wp-content\/uploads\/2019\/10\/skavisl\u00e5vad.jpg\" alt=\"\" width=\"225\" height=\"225\" srcset=\"https:\/\/familjen.larsen.vc\/wp-content\/uploads\/2019\/10\/skavisl\u00e5vad.jpg 225w, https:\/\/familjen.larsen.vc\/wp-content\/uploads\/2019\/10\/skavisl\u00e5vad-150x150.jpg 150w\" sizes=\"auto, (max-width: 225px) 100vw, 225px\" \/><\/a><p id=\"caption-attachment-3399\" class=\"wp-caption-text\">Ska vi sl\u00e5 vad?<\/p><\/div>\n<div id=\"attachment_3403\" style=\"width: 310px\" class=\"wp-caption aligncenter\"><a href=\"https:\/\/familjen.larsen.vc\/wp-content\/uploads\/2019\/10\/P1010837.jpg\"><img loading=\"lazy\" decoding=\"async\" aria-describedby=\"caption-attachment-3403\" class=\"size-medium wp-image-3403\" src=\"https:\/\/familjen.larsen.vc\/wp-content\/uploads\/2019\/10\/P1010837-300x225.jpg\" alt=\"\" width=\"300\" height=\"225\" srcset=\"https:\/\/familjen.larsen.vc\/wp-content\/uploads\/2019\/10\/P1010837-300x225.jpg 300w, https:\/\/familjen.larsen.vc\/wp-content\/uploads\/2019\/10\/P1010837-768x576.jpg 768w, https:\/\/familjen.larsen.vc\/wp-content\/uploads\/2019\/10\/P1010837-1024x768.jpg 1024w\" sizes=\"auto, (max-width: 300px) 100vw, 300px\" \/><\/a><p id=\"caption-attachment-3403\" class=\"wp-caption-text\">Tina &amp; Elias 2019-10-20<\/p><\/div>\n<p>Det blev en hel del skratt, bl.a. d\u00e5 Tina skulle kasta t\u00e4rningen upp i luften och f\u00e5nga den p\u00e5 nacken! &#8211; not!<\/p>\n<div id=\"attachment_3400\" style=\"width: 310px\" class=\"wp-caption aligncenter\"><a href=\"https:\/\/familjen.larsen.vc\/wp-content\/uploads\/2019\/10\/P1010839.jpg\"><img loading=\"lazy\" decoding=\"async\" aria-describedby=\"caption-attachment-3400\" class=\"size-medium wp-image-3400\" src=\"https:\/\/familjen.larsen.vc\/wp-content\/uploads\/2019\/10\/P1010839-300x225.jpg\" alt=\"\" width=\"300\" height=\"225\" srcset=\"https:\/\/familjen.larsen.vc\/wp-content\/uploads\/2019\/10\/P1010839-300x225.jpg 300w, https:\/\/familjen.larsen.vc\/wp-content\/uploads\/2019\/10\/P1010839-768x576.jpg 768w, https:\/\/familjen.larsen.vc\/wp-content\/uploads\/2019\/10\/P1010839-1024x768.jpg 1024w\" sizes=\"auto, (max-width: 300px) 100vw, 300px\" \/><\/a><p id=\"caption-attachment-3400\" class=\"wp-caption-text\">Tina 2019-10-20<\/p><\/div>\n<p><a href=\"https:\/\/www.facebook.com\/elias.larsen.39\/videos\/2280441048732305\/\">Tina och t\u00e4rningen<\/a><\/p>\n<p>Eller d\u00e5 Ellie skulle snurra mynt och stanna det p\u00e5 h\u00f6gkant. \ud83d\ude42<\/p>\n<div id=\"attachment_3401\" style=\"width: 310px\" class=\"wp-caption aligncenter\"><a href=\"https:\/\/familjen.larsen.vc\/wp-content\/uploads\/2019\/10\/P1010838.jpg\"><img loading=\"lazy\" decoding=\"async\" aria-describedby=\"caption-attachment-3401\" class=\"size-medium wp-image-3401\" src=\"https:\/\/familjen.larsen.vc\/wp-content\/uploads\/2019\/10\/P1010838-300x225.jpg\" alt=\"\" width=\"300\" height=\"225\" srcset=\"https:\/\/familjen.larsen.vc\/wp-content\/uploads\/2019\/10\/P1010838-300x225.jpg 300w, https:\/\/familjen.larsen.vc\/wp-content\/uploads\/2019\/10\/P1010838-768x576.jpg 768w, https:\/\/familjen.larsen.vc\/wp-content\/uploads\/2019\/10\/P1010838-1024x768.jpg 1024w\" sizes=\"auto, (max-width: 300px) 100vw, 300px\" \/><\/a><p id=\"caption-attachment-3401\" class=\"wp-caption-text\">Ellie 2019-10-20<\/p><\/div>\n<p>Bordet var pyntat f\u00f6r Halloweenst\u00e4mning och det fanns spindeln\u00e4t med sj\u00e4lvlysande spindlar p\u00e5 v\u00e4ggen.<\/p>\n<div id=\"attachment_3402\" style=\"width: 310px\" class=\"wp-caption aligncenter\"><a href=\"https:\/\/familjen.larsen.vc\/wp-content\/uploads\/2019\/10\/P1010836.jpg\"><img loading=\"lazy\" decoding=\"async\" aria-describedby=\"caption-attachment-3402\" class=\"size-medium wp-image-3402\" src=\"https:\/\/familjen.larsen.vc\/wp-content\/uploads\/2019\/10\/P1010836-300x225.jpg\" alt=\"\" width=\"300\" height=\"225\" srcset=\"https:\/\/familjen.larsen.vc\/wp-content\/uploads\/2019\/10\/P1010836-300x225.jpg 300w, https:\/\/familjen.larsen.vc\/wp-content\/uploads\/2019\/10\/P1010836-768x576.jpg 768w, https:\/\/familjen.larsen.vc\/wp-content\/uploads\/2019\/10\/P1010836-1024x768.jpg 1024w\" sizes=\"auto, (max-width: 300px) 100vw, 300px\" \/><\/a><p id=\"caption-attachment-3402\" class=\"wp-caption-text\">2019-10-20<\/p><\/div>\n<p>Malm\u00f6 FF spelade match mot Hammarby och f\u00f6rlorade med 2-0! \ud83d\ude41<\/p>\n<p>Efter allt detta, s\u00e5 intogs det en gemensam m\u00e5ltid, best\u00e5ende av Bandspaghetti Carbonara med bacon, eller Bandspaghetti med zucchini.<\/p>\n<p>Spelet fortsatte efter maten och lades ner d\u00e5 jag g\u00e5tt ett helt varv (det tog 4-timmar!), men s\u00e5 gjorde vi ju egna pengar \ud83d\ude42<\/p>\n","protected":false},"excerpt":{"rendered":"<p>2019-10-20 Den andra pyssels\u00f6ndagen f\u00f6r s\u00e4songen och Rybergs fick stanna hemma d\u00e5 Felicia kr\u00e4kt och Samuel var febrig och f\u00f6rkyld. Vi andra, Tina, Elias &amp; Josse, Ellie, Elvira &amp; Pontus och jag, best\u00e4mde oss f\u00f6r att spela br\u00e4dspel. Det blev ett spel som Elias &amp; Josse tog med sig &#8211; &#8221;Ska vi sl\u00e5 vad?&#8221;. Det [&hellip;]<\/p>\n","protected":false},"author":1,"featured_media":3108,"comment_status":"open","ping_status":"open","sticky":false,"template":"","format":"standard","meta":{"footnotes":""},"categories":[130,104,120],"tags":[],"class_list":["post-3398","post","type-post","status-publish","format-standard","has-post-thumbnail","hentry","category-2019-10-20","category-familjesammankomster","category-sondagspyssel"],"_links":{"self":[{"href":"https:\/\/familjen.larsen.vc\/index.php?rest_route=\/wp\/v2\/posts\/3398","targetHints":{"allow":["GET"]}}],"collection":[{"href":"https:\/\/familjen.larsen.vc\/index.php?rest_route=\/wp\/v2\/posts"}],"about":[{"href":"https:\/\/familjen.larsen.vc\/index.php?rest_route=\/wp\/v2\/types\/post"}],"author":[{"embeddable":true,"href":"https:\/\/familjen.larsen.vc\/index.php?rest_route=\/wp\/v2\/users\/1"}],"replies":[{"embeddable":true,"href":"https:\/\/familjen.larsen.vc\/index.php?rest_route=%2Fwp%2Fv2%2Fcomments&post=3398"}],"version-history":[{"count":2,"href":"https:\/\/familjen.larsen.vc\/index.php?rest_route=\/wp\/v2\/posts\/3398\/revisions"}],"predecessor-version":[{"id":3405,"href":"https:\/\/familjen.larsen.vc\/index.php?rest_route=\/wp\/v2\/posts\/3398\/revisions\/3405"}],"wp:featuredmedia":[{"embeddable":true,"href":"https:\/\/familjen.larsen.vc\/index.php?rest_route=\/wp\/v2\/media\/3108"}],"wp:attachment":[{"href":"https:\/\/familjen.larsen.vc\/index.php?rest_route=%2Fwp%2Fv2%2Fmedia&parent=3398"}],"wp:term":[{"taxonomy":"category","embeddable":true,"href":"https:\/\/familjen.larsen.vc\/index.php?rest_route=%2Fwp%2Fv2%2Fcategories&post=3398"},{"taxonomy":"post_tag","embeddable":true,"href":"https:\/\/familjen.larsen.vc\/index.php?rest_route=%2Fwp%2Fv2%2Ftags&post=3398"}],"curies":[{"name":"wp","href":"https:\/\/api.w.org\/{rel}","templated":true}]}}