{"id":3351,"date":"2019-10-15T23:55:03","date_gmt":"2019-10-15T22:55:03","guid":{"rendered":"http:\/\/familjen.larsen.vc\/?p=3351"},"modified":"2019-10-17T22:15:11","modified_gmt":"2019-10-17T21:15:11","slug":"fyra-tisdagsvandrare","status":"publish","type":"post","link":"https:\/\/familjen.larsen.vc\/?p=3351","title":{"rendered":"Fyra Tisdagsvandrare &#8211; delm\u00e5l 3 n\u00e5tt"},"content":{"rendered":"<p>Niclas Engdahl tog sig en morgonrunda i Bj\u00e4rred och gick 5,14 km.<\/p>\n<p>Emelie Sassler tog sin hundrunda strax efter 0,99 km.<\/p>\n<p>Sandra Juhler tog sig en f\u00f6rmiddags joggingrunda och sprang 7,46 km.<\/p>\n<p>Camilla Linander fick sig en kv\u00e4llsrunda p\u00e5 hela 5,23 km.<\/p>\n<div id=\"attachment_3352\" style=\"width: 310px\" class=\"wp-caption aligncenter\"><a href=\"https:\/\/familjen.larsen.vc\/wp-content\/uploads\/2019\/10\/20191015_07_20_engdahl.jpg\"><img loading=\"lazy\" decoding=\"async\" aria-describedby=\"caption-attachment-3352\" class=\"size-medium wp-image-3352\" src=\"https:\/\/familjen.larsen.vc\/wp-content\/uploads\/2019\/10\/20191015_07_20_engdahl-300x300.jpg\" alt=\"\" width=\"300\" height=\"300\" srcset=\"https:\/\/familjen.larsen.vc\/wp-content\/uploads\/2019\/10\/20191015_07_20_engdahl-300x300.jpg 300w, https:\/\/familjen.larsen.vc\/wp-content\/uploads\/2019\/10\/20191015_07_20_engdahl-150x150.jpg 150w, https:\/\/familjen.larsen.vc\/wp-content\/uploads\/2019\/10\/20191015_07_20_engdahl-768x768.jpg 768w, https:\/\/familjen.larsen.vc\/wp-content\/uploads\/2019\/10\/20191015_07_20_engdahl-1024x1024.jpg 1024w, https:\/\/familjen.larsen.vc\/wp-content\/uploads\/2019\/10\/20191015_07_20_engdahl.jpg 1212w\" sizes=\"auto, (max-width: 300px) 100vw, 300px\" \/><\/a><p id=\"caption-attachment-3352\" class=\"wp-caption-text\">Niclas Engdahl 2019-10-15<\/p><\/div>\n<div id=\"attachment_3353\" style=\"width: 310px\" class=\"wp-caption aligncenter\"><a href=\"https:\/\/familjen.larsen.vc\/wp-content\/uploads\/2019\/10\/20191015_07_57_sassler.png\"><img loading=\"lazy\" decoding=\"async\" aria-describedby=\"caption-attachment-3353\" class=\"size-medium wp-image-3353\" src=\"https:\/\/familjen.larsen.vc\/wp-content\/uploads\/2019\/10\/20191015_07_57_sassler-300x300.png\" alt=\"\" width=\"300\" height=\"300\" srcset=\"https:\/\/familjen.larsen.vc\/wp-content\/uploads\/2019\/10\/20191015_07_57_sassler-300x300.png 300w, https:\/\/familjen.larsen.vc\/wp-content\/uploads\/2019\/10\/20191015_07_57_sassler-150x150.png 150w, https:\/\/familjen.larsen.vc\/wp-content\/uploads\/2019\/10\/20191015_07_57_sassler-768x768.png 768w, https:\/\/familjen.larsen.vc\/wp-content\/uploads\/2019\/10\/20191015_07_57_sassler-1024x1024.png 1024w, https:\/\/familjen.larsen.vc\/wp-content\/uploads\/2019\/10\/20191015_07_57_sassler.png 1312w\" sizes=\"auto, (max-width: 300px) 100vw, 300px\" \/><\/a><p id=\"caption-attachment-3353\" class=\"wp-caption-text\">Emelie Sassler 2019-10-15<\/p><\/div>\n<div id=\"attachment_3354\" style=\"width: 310px\" class=\"wp-caption aligncenter\"><a href=\"https:\/\/familjen.larsen.vc\/wp-content\/uploads\/2019\/10\/20191015_10_07_sandra.jpg\"><img loading=\"lazy\" decoding=\"async\" aria-describedby=\"caption-attachment-3354\" class=\"size-medium wp-image-3354\" src=\"https:\/\/familjen.larsen.vc\/wp-content\/uploads\/2019\/10\/20191015_10_07_sandra-300x300.jpg\" alt=\"\" width=\"300\" height=\"300\" srcset=\"https:\/\/familjen.larsen.vc\/wp-content\/uploads\/2019\/10\/20191015_10_07_sandra-300x300.jpg 300w, https:\/\/familjen.larsen.vc\/wp-content\/uploads\/2019\/10\/20191015_10_07_sandra-150x150.jpg 150w, https:\/\/familjen.larsen.vc\/wp-content\/uploads\/2019\/10\/20191015_10_07_sandra-768x768.jpg 768w, https:\/\/familjen.larsen.vc\/wp-content\/uploads\/2019\/10\/20191015_10_07_sandra-1024x1024.jpg 1024w, https:\/\/familjen.larsen.vc\/wp-content\/uploads\/2019\/10\/20191015_10_07_sandra.jpg 1089w\" sizes=\"auto, (max-width: 300px) 100vw, 300px\" \/><\/a><p id=\"caption-attachment-3354\" class=\"wp-caption-text\">Sandra Juhler 2019-10-15<\/p><\/div>\n<div id=\"attachment_3355\" style=\"width: 310px\" class=\"wp-caption aligncenter\"><a href=\"https:\/\/familjen.larsen.vc\/wp-content\/uploads\/2019\/10\/20191015_17_53_linander.jpg\"><img loading=\"lazy\" decoding=\"async\" aria-describedby=\"caption-attachment-3355\" class=\"size-medium wp-image-3355\" src=\"https:\/\/familjen.larsen.vc\/wp-content\/uploads\/2019\/10\/20191015_17_53_linander-300x300.jpg\" alt=\"\" width=\"300\" height=\"300\" srcset=\"https:\/\/familjen.larsen.vc\/wp-content\/uploads\/2019\/10\/20191015_17_53_linander-300x300.jpg 300w, https:\/\/familjen.larsen.vc\/wp-content\/uploads\/2019\/10\/20191015_17_53_linander-150x150.jpg 150w, https:\/\/familjen.larsen.vc\/wp-content\/uploads\/2019\/10\/20191015_17_53_linander-768x768.jpg 768w, https:\/\/familjen.larsen.vc\/wp-content\/uploads\/2019\/10\/20191015_17_53_linander-1024x1024.jpg 1024w, https:\/\/familjen.larsen.vc\/wp-content\/uploads\/2019\/10\/20191015_17_53_linander.jpg 1089w\" sizes=\"auto, (max-width: 300px) 100vw, 300px\" \/><\/a><p id=\"caption-attachment-3355\" class=\"wp-caption-text\">Camilla Linander 2019-10-15<\/p><\/div>\n<p>Vi har nu framg\u00e5ngsrikt kommit fram till v\u00e5rt delm\u00e5l 3. G\u00f6teborg, M\u00f6lndal och h\u00e4lsar p\u00e5 v\u00e5ra arbetskollegor p\u00e5 Argongatan 18.<\/p>\n<p>Efter att vi p\u00e5 passande s\u00e4tt firat detta, startar delm\u00e5l 4 &#8211; Str\u00f6mstad fiskehamnen.<\/p>\n","protected":false},"excerpt":{"rendered":"<p>Niclas Engdahl tog sig en morgonrunda i Bj\u00e4rred och gick 5,14 km. Emelie Sassler tog sin hundrunda strax efter 0,99 km. Sandra Juhler tog sig en f\u00f6rmiddags joggingrunda och sprang 7,46 km. Camilla Linander fick sig en kv\u00e4llsrunda p\u00e5 hela 5,23 km. Vi har nu framg\u00e5ngsrikt kommit fram till v\u00e5rt delm\u00e5l 3. G\u00f6teborg, M\u00f6lndal och [&hellip;]<\/p>\n","protected":false},"author":1,"featured_media":3035,"comment_status":"open","ping_status":"open","sticky":false,"template":"","format":"standard","meta":{"footnotes":""},"categories":[122,127],"tags":[],"class_list":["post-3351","post","type-post","status-publish","format-standard","has-post-thumbnail","hentry","category-motion","category-sverige-runt-2020"],"_links":{"self":[{"href":"https:\/\/familjen.larsen.vc\/index.php?rest_route=\/wp\/v2\/posts\/3351","targetHints":{"allow":["GET"]}}],"collection":[{"href":"https:\/\/familjen.larsen.vc\/index.php?rest_route=\/wp\/v2\/posts"}],"about":[{"href":"https:\/\/familjen.larsen.vc\/index.php?rest_route=\/wp\/v2\/types\/post"}],"author":[{"embeddable":true,"href":"https:\/\/familjen.larsen.vc\/index.php?rest_route=\/wp\/v2\/users\/1"}],"replies":[{"embeddable":true,"href":"https:\/\/familjen.larsen.vc\/index.php?rest_route=%2Fwp%2Fv2%2Fcomments&post=3351"}],"version-history":[{"count":3,"href":"https:\/\/familjen.larsen.vc\/index.php?rest_route=\/wp\/v2\/posts\/3351\/revisions"}],"predecessor-version":[{"id":3365,"href":"https:\/\/familjen.larsen.vc\/index.php?rest_route=\/wp\/v2\/posts\/3351\/revisions\/3365"}],"wp:featuredmedia":[{"embeddable":true,"href":"https:\/\/familjen.larsen.vc\/index.php?rest_route=\/wp\/v2\/media\/3035"}],"wp:attachment":[{"href":"https:\/\/familjen.larsen.vc\/index.php?rest_route=%2Fwp%2Fv2%2Fmedia&parent=3351"}],"wp:term":[{"taxonomy":"category","embeddable":true,"href":"https:\/\/familjen.larsen.vc\/index.php?rest_route=%2Fwp%2Fv2%2Fcategories&post=3351"},{"taxonomy":"post_tag","embeddable":true,"href":"https:\/\/familjen.larsen.vc\/index.php?rest_route=%2Fwp%2Fv2%2Ftags&post=3351"}],"curies":[{"name":"wp","href":"https:\/\/api.w.org\/{rel}","templated":true}]}}