{"id":3344,"date":"2019-10-14T23:47:47","date_gmt":"2019-10-14T22:47:47","guid":{"rendered":"http:\/\/familjen.larsen.vc\/?p=3344"},"modified":"2019-10-17T21:54:11","modified_gmt":"2019-10-17T20:54:11","slug":"mandagspromenader","status":"publish","type":"post","link":"https:\/\/familjen.larsen.vc\/?p=3344","title":{"rendered":"M\u00e5ndagspromenader"},"content":{"rendered":"<p>Morgonen startades av Emelie Sassler som gick 0,94 km f\u00f6ljt av en eftermiddagsrunda p\u00e5 3,56 km och d\u00e4refter en tredje runda p\u00e5 1,67 km.<\/p>\n<p>P\u00e5 kv\u00e4llen gick Mattias l\u00e4ngs kanalen och fiskade ihop 2,12 km.<\/p>\n<p>Andreas Larsen joggade en runda och tog in lite p\u00e5 sitt minus saldo. 4,05 km blev det.<\/p>\n<div id=\"attachment_3345\" style=\"width: 310px\" class=\"wp-caption aligncenter\"><a href=\"https:\/\/familjen.larsen.vc\/wp-content\/uploads\/2019\/10\/20191014_07_29_sassler.png\"><img loading=\"lazy\" decoding=\"async\" aria-describedby=\"caption-attachment-3345\" class=\"size-medium wp-image-3345\" src=\"https:\/\/familjen.larsen.vc\/wp-content\/uploads\/2019\/10\/20191014_07_29_sassler-300x300.png\" alt=\"\" width=\"300\" height=\"300\" srcset=\"https:\/\/familjen.larsen.vc\/wp-content\/uploads\/2019\/10\/20191014_07_29_sassler-300x300.png 300w, https:\/\/familjen.larsen.vc\/wp-content\/uploads\/2019\/10\/20191014_07_29_sassler-150x150.png 150w, https:\/\/familjen.larsen.vc\/wp-content\/uploads\/2019\/10\/20191014_07_29_sassler-768x768.png 768w, https:\/\/familjen.larsen.vc\/wp-content\/uploads\/2019\/10\/20191014_07_29_sassler-1024x1024.png 1024w, https:\/\/familjen.larsen.vc\/wp-content\/uploads\/2019\/10\/20191014_07_29_sassler.png 1312w\" sizes=\"auto, (max-width: 300px) 100vw, 300px\" \/><\/a><p id=\"caption-attachment-3345\" class=\"wp-caption-text\">Emelie Sassler 2019-10-14<\/p><\/div>\n<div id=\"attachment_3346\" style=\"width: 310px\" class=\"wp-caption aligncenter\"><a href=\"https:\/\/familjen.larsen.vc\/wp-content\/uploads\/2019\/10\/20191014_14_17_sassler.png\"><img loading=\"lazy\" decoding=\"async\" aria-describedby=\"caption-attachment-3346\" class=\"size-medium wp-image-3346\" src=\"https:\/\/familjen.larsen.vc\/wp-content\/uploads\/2019\/10\/20191014_14_17_sassler-300x300.png\" alt=\"\" width=\"300\" height=\"300\" srcset=\"https:\/\/familjen.larsen.vc\/wp-content\/uploads\/2019\/10\/20191014_14_17_sassler-300x300.png 300w, https:\/\/familjen.larsen.vc\/wp-content\/uploads\/2019\/10\/20191014_14_17_sassler-150x150.png 150w, https:\/\/familjen.larsen.vc\/wp-content\/uploads\/2019\/10\/20191014_14_17_sassler-768x768.png 768w, https:\/\/familjen.larsen.vc\/wp-content\/uploads\/2019\/10\/20191014_14_17_sassler-1024x1024.png 1024w, https:\/\/familjen.larsen.vc\/wp-content\/uploads\/2019\/10\/20191014_14_17_sassler.png 1312w\" sizes=\"auto, (max-width: 300px) 100vw, 300px\" \/><\/a><p id=\"caption-attachment-3346\" class=\"wp-caption-text\">Emelie Sassler 2019-10-14<\/p><\/div>\n<div id=\"attachment_3347\" style=\"width: 310px\" class=\"wp-caption aligncenter\"><a href=\"https:\/\/familjen.larsen.vc\/wp-content\/uploads\/2019\/10\/20191014_16_52_sassler.png\"><img loading=\"lazy\" decoding=\"async\" aria-describedby=\"caption-attachment-3347\" class=\"size-medium wp-image-3347\" src=\"https:\/\/familjen.larsen.vc\/wp-content\/uploads\/2019\/10\/20191014_16_52_sassler-300x300.png\" alt=\"\" width=\"300\" height=\"300\" srcset=\"https:\/\/familjen.larsen.vc\/wp-content\/uploads\/2019\/10\/20191014_16_52_sassler-300x300.png 300w, https:\/\/familjen.larsen.vc\/wp-content\/uploads\/2019\/10\/20191014_16_52_sassler-150x150.png 150w, https:\/\/familjen.larsen.vc\/wp-content\/uploads\/2019\/10\/20191014_16_52_sassler-768x768.png 768w, https:\/\/familjen.larsen.vc\/wp-content\/uploads\/2019\/10\/20191014_16_52_sassler-1024x1024.png 1024w, https:\/\/familjen.larsen.vc\/wp-content\/uploads\/2019\/10\/20191014_16_52_sassler.png 1312w\" sizes=\"auto, (max-width: 300px) 100vw, 300px\" \/><\/a><p id=\"caption-attachment-3347\" class=\"wp-caption-text\">Emelie Sassler 2019-10-14<\/p><\/div>\n<div id=\"attachment_3348\" style=\"width: 310px\" class=\"wp-caption aligncenter\"><a href=\"https:\/\/familjen.larsen.vc\/wp-content\/uploads\/2019\/10\/20191014_19_29_mattias.png\"><img loading=\"lazy\" decoding=\"async\" aria-describedby=\"caption-attachment-3348\" class=\"size-medium wp-image-3348\" src=\"https:\/\/familjen.larsen.vc\/wp-content\/uploads\/2019\/10\/20191014_19_29_mattias-300x300.png\" alt=\"\" width=\"300\" height=\"300\" srcset=\"https:\/\/familjen.larsen.vc\/wp-content\/uploads\/2019\/10\/20191014_19_29_mattias-300x300.png 300w, https:\/\/familjen.larsen.vc\/wp-content\/uploads\/2019\/10\/20191014_19_29_mattias-150x150.png 150w, https:\/\/familjen.larsen.vc\/wp-content\/uploads\/2019\/10\/20191014_19_29_mattias-768x768.png 768w, https:\/\/familjen.larsen.vc\/wp-content\/uploads\/2019\/10\/20191014_19_29_mattias-1024x1024.png 1024w, https:\/\/familjen.larsen.vc\/wp-content\/uploads\/2019\/10\/20191014_19_29_mattias.png 1312w\" sizes=\"auto, (max-width: 300px) 100vw, 300px\" \/><\/a><p id=\"caption-attachment-3348\" class=\"wp-caption-text\">Mattias Larsen 2019-10-14<\/p><\/div>\n<div id=\"attachment_3349\" style=\"width: 310px\" class=\"wp-caption aligncenter\"><a href=\"https:\/\/familjen.larsen.vc\/wp-content\/uploads\/2019\/10\/20191014_20_03_andy.png\"><img loading=\"lazy\" decoding=\"async\" aria-describedby=\"caption-attachment-3349\" class=\"size-medium wp-image-3349\" src=\"https:\/\/familjen.larsen.vc\/wp-content\/uploads\/2019\/10\/20191014_20_03_andy-300x300.png\" alt=\"\" width=\"300\" height=\"300\" srcset=\"https:\/\/familjen.larsen.vc\/wp-content\/uploads\/2019\/10\/20191014_20_03_andy-300x300.png 300w, https:\/\/familjen.larsen.vc\/wp-content\/uploads\/2019\/10\/20191014_20_03_andy-150x150.png 150w, https:\/\/familjen.larsen.vc\/wp-content\/uploads\/2019\/10\/20191014_20_03_andy-768x768.png 768w, https:\/\/familjen.larsen.vc\/wp-content\/uploads\/2019\/10\/20191014_20_03_andy.png 984w\" sizes=\"auto, (max-width: 300px) 100vw, 300px\" \/><\/a><p id=\"caption-attachment-3349\" class=\"wp-caption-text\">Andreas Larsen 2019-10-14<\/p><\/div>\n","protected":false},"excerpt":{"rendered":"<p>Morgonen startades av Emelie Sassler som gick 0,94 km f\u00f6ljt av en eftermiddagsrunda p\u00e5 3,56 km och d\u00e4refter en tredje runda p\u00e5 1,67 km. P\u00e5 kv\u00e4llen gick Mattias l\u00e4ngs kanalen och fiskade ihop 2,12 km. Andreas Larsen joggade en runda och tog in lite p\u00e5 sitt minus saldo. 4,05 km blev det.<\/p>\n","protected":false},"author":1,"featured_media":3035,"comment_status":"open","ping_status":"open","sticky":false,"template":"","format":"standard","meta":{"footnotes":""},"categories":[122,127],"tags":[],"class_list":["post-3344","post","type-post","status-publish","format-standard","has-post-thumbnail","hentry","category-motion","category-sverige-runt-2020"],"_links":{"self":[{"href":"https:\/\/familjen.larsen.vc\/index.php?rest_route=\/wp\/v2\/posts\/3344","targetHints":{"allow":["GET"]}}],"collection":[{"href":"https:\/\/familjen.larsen.vc\/index.php?rest_route=\/wp\/v2\/posts"}],"about":[{"href":"https:\/\/familjen.larsen.vc\/index.php?rest_route=\/wp\/v2\/types\/post"}],"author":[{"embeddable":true,"href":"https:\/\/familjen.larsen.vc\/index.php?rest_route=\/wp\/v2\/users\/1"}],"replies":[{"embeddable":true,"href":"https:\/\/familjen.larsen.vc\/index.php?rest_route=%2Fwp%2Fv2%2Fcomments&post=3344"}],"version-history":[{"count":1,"href":"https:\/\/familjen.larsen.vc\/index.php?rest_route=\/wp\/v2\/posts\/3344\/revisions"}],"predecessor-version":[{"id":3350,"href":"https:\/\/familjen.larsen.vc\/index.php?rest_route=\/wp\/v2\/posts\/3344\/revisions\/3350"}],"wp:featuredmedia":[{"embeddable":true,"href":"https:\/\/familjen.larsen.vc\/index.php?rest_route=\/wp\/v2\/media\/3035"}],"wp:attachment":[{"href":"https:\/\/familjen.larsen.vc\/index.php?rest_route=%2Fwp%2Fv2%2Fmedia&parent=3344"}],"wp:term":[{"taxonomy":"category","embeddable":true,"href":"https:\/\/familjen.larsen.vc\/index.php?rest_route=%2Fwp%2Fv2%2Fcategories&post=3344"},{"taxonomy":"post_tag","embeddable":true,"href":"https:\/\/familjen.larsen.vc\/index.php?rest_route=%2Fwp%2Fv2%2Ftags&post=3344"}],"curies":[{"name":"wp","href":"https:\/\/api.w.org\/{rel}","templated":true}]}}