{"id":3334,"date":"2019-10-13T23:04:51","date_gmt":"2019-10-13T22:04:51","guid":{"rendered":"http:\/\/familjen.larsen.vc\/?p=3334"},"modified":"2019-10-14T05:14:17","modified_gmt":"2019-10-14T04:14:17","slug":"regnig-sondag","status":"publish","type":"post","link":"https:\/\/familjen.larsen.vc\/?p=3334","title":{"rendered":"Regnig s\u00f6ndag"},"content":{"rendered":"<p>Denna regniga s\u00f6ndag f\u00f6rde inte med sig s\u00e5 m\u00e5nga promenader. Dock var det en del deltagare som passade p\u00e5 att r\u00f6ra p\u00e5 sig mellan skurarna.<\/p>\n<p>Emelie Sassler tog sig en n\u00e5got senare morgonrunda och gick 0,93 km. D\u00e4refter var hon\u00a0 snabbt inne p\u00e5 gymmet och rullade hela 4,04 km p\u00e5 rullbandet.<\/p>\n<p>Kalle Sj\u00f6gren tog sig en mellanrunda i H\u00f6llviken, d\u00e4r det blev 6,75 km.<\/p>\n<p>P\u00e5 eftermiddagen var Emelie Sassler ute och r\u00f6rde p\u00e5 sig igen. Det blev en n\u00e5got l\u00e4ngre runda. 4,22 km.<\/p>\n<p>Sist ut f\u00f6r dagen, var Camilla Linander, som gick en runda p\u00e5 Segev\u00e5ng innan det var dags att titta p\u00e5 fotbollsmatch. 3,44 km.<\/p>\n<div id=\"attachment_3335\" style=\"width: 310px\" class=\"wp-caption aligncenter\"><a href=\"https:\/\/familjen.larsen.vc\/wp-content\/uploads\/2019\/10\/20191013_08_56_sassler.png\"><img loading=\"lazy\" decoding=\"async\" aria-describedby=\"caption-attachment-3335\" class=\"size-medium wp-image-3335\" src=\"https:\/\/familjen.larsen.vc\/wp-content\/uploads\/2019\/10\/20191013_08_56_sassler-300x300.png\" alt=\"\" width=\"300\" height=\"300\" srcset=\"https:\/\/familjen.larsen.vc\/wp-content\/uploads\/2019\/10\/20191013_08_56_sassler-300x300.png 300w, https:\/\/familjen.larsen.vc\/wp-content\/uploads\/2019\/10\/20191013_08_56_sassler-150x150.png 150w, https:\/\/familjen.larsen.vc\/wp-content\/uploads\/2019\/10\/20191013_08_56_sassler-768x768.png 768w, https:\/\/familjen.larsen.vc\/wp-content\/uploads\/2019\/10\/20191013_08_56_sassler-1024x1024.png 1024w, https:\/\/familjen.larsen.vc\/wp-content\/uploads\/2019\/10\/20191013_08_56_sassler.png 1312w\" sizes=\"auto, (max-width: 300px) 100vw, 300px\" \/><\/a><p id=\"caption-attachment-3335\" class=\"wp-caption-text\">Emelie Sassler 2019-10-13<\/p><\/div>\n<div id=\"attachment_3336\" style=\"width: 310px\" class=\"wp-caption aligncenter\"><a href=\"https:\/\/familjen.larsen.vc\/wp-content\/uploads\/2019\/10\/20191013_10_06_sassler.jpg\"><img loading=\"lazy\" decoding=\"async\" aria-describedby=\"caption-attachment-3336\" class=\"size-medium wp-image-3336\" src=\"https:\/\/familjen.larsen.vc\/wp-content\/uploads\/2019\/10\/20191013_10_06_sassler-300x169.jpg\" alt=\"\" width=\"300\" height=\"169\" srcset=\"https:\/\/familjen.larsen.vc\/wp-content\/uploads\/2019\/10\/20191013_10_06_sassler-300x169.jpg 300w, https:\/\/familjen.larsen.vc\/wp-content\/uploads\/2019\/10\/20191013_10_06_sassler-768x432.jpg 768w, https:\/\/familjen.larsen.vc\/wp-content\/uploads\/2019\/10\/20191013_10_06_sassler-1024x576.jpg 1024w\" sizes=\"auto, (max-width: 300px) 100vw, 300px\" \/><\/a><p id=\"caption-attachment-3336\" class=\"wp-caption-text\">Emelie Sassler 2019-10-13<\/p><\/div>\n<div id=\"attachment_3337\" style=\"width: 310px\" class=\"wp-caption aligncenter\"><a href=\"https:\/\/familjen.larsen.vc\/wp-content\/uploads\/2019\/10\/20191013_11_54_kalle.jpg\"><img loading=\"lazy\" decoding=\"async\" aria-describedby=\"caption-attachment-3337\" class=\"size-medium wp-image-3337\" src=\"https:\/\/familjen.larsen.vc\/wp-content\/uploads\/2019\/10\/20191013_11_54_kalle-300x300.jpg\" alt=\"\" width=\"300\" height=\"300\" srcset=\"https:\/\/familjen.larsen.vc\/wp-content\/uploads\/2019\/10\/20191013_11_54_kalle-300x300.jpg 300w, https:\/\/familjen.larsen.vc\/wp-content\/uploads\/2019\/10\/20191013_11_54_kalle-150x150.jpg 150w, https:\/\/familjen.larsen.vc\/wp-content\/uploads\/2019\/10\/20191013_11_54_kalle-768x768.jpg 768w, https:\/\/familjen.larsen.vc\/wp-content\/uploads\/2019\/10\/20191013_11_54_kalle-1024x1024.jpg 1024w, https:\/\/familjen.larsen.vc\/wp-content\/uploads\/2019\/10\/20191013_11_54_kalle.jpg 1095w\" sizes=\"auto, (max-width: 300px) 100vw, 300px\" \/><\/a><p id=\"caption-attachment-3337\" class=\"wp-caption-text\">Kalle Sj\u00f6gren 2019-10-13<\/p><\/div>\n<div id=\"attachment_3338\" style=\"width: 310px\" class=\"wp-caption aligncenter\"><a href=\"https:\/\/familjen.larsen.vc\/wp-content\/uploads\/2019\/10\/20191013_13_37_sassler.png\"><img loading=\"lazy\" decoding=\"async\" aria-describedby=\"caption-attachment-3338\" class=\"size-medium wp-image-3338\" src=\"https:\/\/familjen.larsen.vc\/wp-content\/uploads\/2019\/10\/20191013_13_37_sassler-300x300.png\" alt=\"\" width=\"300\" height=\"300\" srcset=\"https:\/\/familjen.larsen.vc\/wp-content\/uploads\/2019\/10\/20191013_13_37_sassler-300x300.png 300w, https:\/\/familjen.larsen.vc\/wp-content\/uploads\/2019\/10\/20191013_13_37_sassler-150x150.png 150w, https:\/\/familjen.larsen.vc\/wp-content\/uploads\/2019\/10\/20191013_13_37_sassler-768x768.png 768w, https:\/\/familjen.larsen.vc\/wp-content\/uploads\/2019\/10\/20191013_13_37_sassler-1024x1024.png 1024w, https:\/\/familjen.larsen.vc\/wp-content\/uploads\/2019\/10\/20191013_13_37_sassler.png 1312w\" sizes=\"auto, (max-width: 300px) 100vw, 300px\" \/><\/a><p id=\"caption-attachment-3338\" class=\"wp-caption-text\">Emelie Sassler 2019-10-13<\/p><\/div>\n<div id=\"attachment_3339\" style=\"width: 310px\" class=\"wp-caption aligncenter\"><a href=\"https:\/\/familjen.larsen.vc\/wp-content\/uploads\/2019\/10\/20191013_14_59_linander.jpg\"><img loading=\"lazy\" decoding=\"async\" aria-describedby=\"caption-attachment-3339\" class=\"size-medium wp-image-3339\" src=\"https:\/\/familjen.larsen.vc\/wp-content\/uploads\/2019\/10\/20191013_14_59_linander-300x300.jpg\" alt=\"\" width=\"300\" height=\"300\" srcset=\"https:\/\/familjen.larsen.vc\/wp-content\/uploads\/2019\/10\/20191013_14_59_linander-300x300.jpg 300w, https:\/\/familjen.larsen.vc\/wp-content\/uploads\/2019\/10\/20191013_14_59_linander-150x150.jpg 150w, https:\/\/familjen.larsen.vc\/wp-content\/uploads\/2019\/10\/20191013_14_59_linander-768x768.jpg 768w, https:\/\/familjen.larsen.vc\/wp-content\/uploads\/2019\/10\/20191013_14_59_linander-1024x1024.jpg 1024w, https:\/\/familjen.larsen.vc\/wp-content\/uploads\/2019\/10\/20191013_14_59_linander.jpg 1089w\" sizes=\"auto, (max-width: 300px) 100vw, 300px\" \/><\/a><p id=\"caption-attachment-3339\" class=\"wp-caption-text\">Camilla Linander 2019-10-13<\/p><\/div>\n","protected":false},"excerpt":{"rendered":"<p>Denna regniga s\u00f6ndag f\u00f6rde inte med sig s\u00e5 m\u00e5nga promenader. Dock var det en del deltagare som passade p\u00e5 att r\u00f6ra p\u00e5 sig mellan skurarna. Emelie Sassler tog sig en n\u00e5got senare morgonrunda och gick 0,93 km. D\u00e4refter var hon\u00a0 snabbt inne p\u00e5 gymmet och rullade hela 4,04 km p\u00e5 rullbandet. Kalle Sj\u00f6gren tog sig [&hellip;]<\/p>\n","protected":false},"author":1,"featured_media":3035,"comment_status":"open","ping_status":"open","sticky":false,"template":"","format":"standard","meta":{"footnotes":""},"categories":[122,127],"tags":[],"class_list":["post-3334","post","type-post","status-publish","format-standard","has-post-thumbnail","hentry","category-motion","category-sverige-runt-2020"],"_links":{"self":[{"href":"https:\/\/familjen.larsen.vc\/index.php?rest_route=\/wp\/v2\/posts\/3334","targetHints":{"allow":["GET"]}}],"collection":[{"href":"https:\/\/familjen.larsen.vc\/index.php?rest_route=\/wp\/v2\/posts"}],"about":[{"href":"https:\/\/familjen.larsen.vc\/index.php?rest_route=\/wp\/v2\/types\/post"}],"author":[{"embeddable":true,"href":"https:\/\/familjen.larsen.vc\/index.php?rest_route=\/wp\/v2\/users\/1"}],"replies":[{"embeddable":true,"href":"https:\/\/familjen.larsen.vc\/index.php?rest_route=%2Fwp%2Fv2%2Fcomments&post=3334"}],"version-history":[{"count":1,"href":"https:\/\/familjen.larsen.vc\/index.php?rest_route=\/wp\/v2\/posts\/3334\/revisions"}],"predecessor-version":[{"id":3340,"href":"https:\/\/familjen.larsen.vc\/index.php?rest_route=\/wp\/v2\/posts\/3334\/revisions\/3340"}],"wp:featuredmedia":[{"embeddable":true,"href":"https:\/\/familjen.larsen.vc\/index.php?rest_route=\/wp\/v2\/media\/3035"}],"wp:attachment":[{"href":"https:\/\/familjen.larsen.vc\/index.php?rest_route=%2Fwp%2Fv2%2Fmedia&parent=3334"}],"wp:term":[{"taxonomy":"category","embeddable":true,"href":"https:\/\/familjen.larsen.vc\/index.php?rest_route=%2Fwp%2Fv2%2Fcategories&post=3334"},{"taxonomy":"post_tag","embeddable":true,"href":"https:\/\/familjen.larsen.vc\/index.php?rest_route=%2Fwp%2Fv2%2Ftags&post=3334"}],"curies":[{"name":"wp","href":"https:\/\/api.w.org\/{rel}","templated":true}]}}