{"id":3324,"date":"2019-10-12T23:53:25","date_gmt":"2019-10-12T22:53:25","guid":{"rendered":"http:\/\/familjen.larsen.vc\/?p=3324"},"modified":"2019-10-13T09:04:46","modified_gmt":"2019-10-13T08:04:46","slug":"lordagsrundor-2","status":"publish","type":"post","link":"https:\/\/familjen.larsen.vc\/?p=3324","title":{"rendered":"L\u00f6rdagsrundor"},"content":{"rendered":"<p>En regnig dunkel morgon och resterande m\u00f6rk dag!<\/p>\n<p>Emelie Sassler startade kl. 08:00 och gick sin hundrunda 1,00 km.<\/p>\n<p>Mattias Larsen, som skulle vara upp tidigt f\u00f6r att fiska, startade sin fiskerunda 09:41. Det blev 1,37 km med mycket stillast\u00e5ende emellan.<\/p>\n<p>Kalle Sj\u00f6gren b\u00f6rjar komma ig\u00e5ng p\u00e5 riktigt, efter sin stelhet beroende p\u00e5 mycket stillasittande vid senaste bes\u00f6ket i Italien. 5,35 km.<\/p>\n<p>Emelie Nordqvist tog sig i kragen och tog sig till slut fram till G\u00f6teborg i och med sina 1,61 km.<\/p>\n<p>Emelie Sassler passade p\u00e5 att ta sig en l\u00e4ngre runda efter jobb och fick ihop 3,49 km. Det blev \u00e4ven en kv\u00e4llsrunda p\u00e5 1,92 km.<\/p>\n<p>Sist ut f\u00f6r kv\u00e4llen, var Niclas Engdahl, som efter omst\u00e4ndigheterna fick en ganska bra tid p\u00e5 sina 3,33 km.<\/p>\n<div id=\"attachment_3325\" style=\"width: 310px\" class=\"wp-caption aligncenter\"><a href=\"https:\/\/familjen.larsen.vc\/wp-content\/uploads\/2019\/10\/20191012_08_00_sassler.png\"><img loading=\"lazy\" decoding=\"async\" aria-describedby=\"caption-attachment-3325\" class=\"size-medium wp-image-3325\" src=\"https:\/\/familjen.larsen.vc\/wp-content\/uploads\/2019\/10\/20191012_08_00_sassler-300x300.png\" alt=\"\" width=\"300\" height=\"300\" srcset=\"https:\/\/familjen.larsen.vc\/wp-content\/uploads\/2019\/10\/20191012_08_00_sassler-300x300.png 300w, https:\/\/familjen.larsen.vc\/wp-content\/uploads\/2019\/10\/20191012_08_00_sassler-150x150.png 150w, https:\/\/familjen.larsen.vc\/wp-content\/uploads\/2019\/10\/20191012_08_00_sassler-768x768.png 768w, https:\/\/familjen.larsen.vc\/wp-content\/uploads\/2019\/10\/20191012_08_00_sassler-1024x1024.png 1024w, https:\/\/familjen.larsen.vc\/wp-content\/uploads\/2019\/10\/20191012_08_00_sassler.png 1312w\" sizes=\"auto, (max-width: 300px) 100vw, 300px\" \/><\/a><p id=\"caption-attachment-3325\" class=\"wp-caption-text\">Emelie Sassler 2019-10-12<\/p><\/div>\n<div id=\"attachment_3326\" style=\"width: 310px\" class=\"wp-caption aligncenter\"><a href=\"https:\/\/familjen.larsen.vc\/wp-content\/uploads\/2019\/10\/20191012_09_41_mattias.png\"><img loading=\"lazy\" decoding=\"async\" aria-describedby=\"caption-attachment-3326\" class=\"size-medium wp-image-3326\" src=\"https:\/\/familjen.larsen.vc\/wp-content\/uploads\/2019\/10\/20191012_09_41_mattias-300x300.png\" alt=\"\" width=\"300\" height=\"300\" srcset=\"https:\/\/familjen.larsen.vc\/wp-content\/uploads\/2019\/10\/20191012_09_41_mattias-300x300.png 300w, https:\/\/familjen.larsen.vc\/wp-content\/uploads\/2019\/10\/20191012_09_41_mattias-150x150.png 150w, https:\/\/familjen.larsen.vc\/wp-content\/uploads\/2019\/10\/20191012_09_41_mattias-768x768.png 768w, https:\/\/familjen.larsen.vc\/wp-content\/uploads\/2019\/10\/20191012_09_41_mattias-1024x1024.png 1024w, https:\/\/familjen.larsen.vc\/wp-content\/uploads\/2019\/10\/20191012_09_41_mattias.png 1312w\" sizes=\"auto, (max-width: 300px) 100vw, 300px\" \/><\/a><p id=\"caption-attachment-3326\" class=\"wp-caption-text\">Mattias Larsen 2019-10-12<\/p><\/div>\n<div id=\"attachment_3327\" style=\"width: 310px\" class=\"wp-caption aligncenter\"><a href=\"https:\/\/familjen.larsen.vc\/wp-content\/uploads\/2019\/10\/20191012_10_07_kalle.jpg\"><img loading=\"lazy\" decoding=\"async\" aria-describedby=\"caption-attachment-3327\" class=\"size-medium wp-image-3327\" src=\"https:\/\/familjen.larsen.vc\/wp-content\/uploads\/2019\/10\/20191012_10_07_kalle-300x300.jpg\" alt=\"\" width=\"300\" height=\"300\" srcset=\"https:\/\/familjen.larsen.vc\/wp-content\/uploads\/2019\/10\/20191012_10_07_kalle-300x300.jpg 300w, https:\/\/familjen.larsen.vc\/wp-content\/uploads\/2019\/10\/20191012_10_07_kalle-150x150.jpg 150w, https:\/\/familjen.larsen.vc\/wp-content\/uploads\/2019\/10\/20191012_10_07_kalle-768x768.jpg 768w, https:\/\/familjen.larsen.vc\/wp-content\/uploads\/2019\/10\/20191012_10_07_kalle-1024x1024.jpg 1024w, https:\/\/familjen.larsen.vc\/wp-content\/uploads\/2019\/10\/20191012_10_07_kalle.jpg 1095w\" sizes=\"auto, (max-width: 300px) 100vw, 300px\" \/><\/a><p id=\"caption-attachment-3327\" class=\"wp-caption-text\">Kalle Sj\u00f6gren 2019-10-12<\/p><\/div>\n<div id=\"attachment_3328\" style=\"width: 310px\" class=\"wp-caption aligncenter\"><a href=\"https:\/\/familjen.larsen.vc\/wp-content\/uploads\/2019\/10\/20191012_14_20_emelie.png\"><img loading=\"lazy\" decoding=\"async\" aria-describedby=\"caption-attachment-3328\" class=\"size-medium wp-image-3328\" src=\"https:\/\/familjen.larsen.vc\/wp-content\/uploads\/2019\/10\/20191012_14_20_emelie-300x300.png\" alt=\"\" width=\"300\" height=\"300\" srcset=\"https:\/\/familjen.larsen.vc\/wp-content\/uploads\/2019\/10\/20191012_14_20_emelie-300x300.png 300w, https:\/\/familjen.larsen.vc\/wp-content\/uploads\/2019\/10\/20191012_14_20_emelie-150x150.png 150w, https:\/\/familjen.larsen.vc\/wp-content\/uploads\/2019\/10\/20191012_14_20_emelie.png 640w\" sizes=\"auto, (max-width: 300px) 100vw, 300px\" \/><\/a><p id=\"caption-attachment-3328\" class=\"wp-caption-text\">Emelie Nordqvist 2019-10-12<\/p><\/div>\n<div id=\"attachment_3329\" style=\"width: 310px\" class=\"wp-caption aligncenter\"><a href=\"https:\/\/familjen.larsen.vc\/wp-content\/uploads\/2019\/10\/20191012_14_22_sassler.png\"><img loading=\"lazy\" decoding=\"async\" aria-describedby=\"caption-attachment-3329\" class=\"size-medium wp-image-3329\" src=\"https:\/\/familjen.larsen.vc\/wp-content\/uploads\/2019\/10\/20191012_14_22_sassler-300x300.png\" alt=\"\" width=\"300\" height=\"300\" srcset=\"https:\/\/familjen.larsen.vc\/wp-content\/uploads\/2019\/10\/20191012_14_22_sassler-300x300.png 300w, https:\/\/familjen.larsen.vc\/wp-content\/uploads\/2019\/10\/20191012_14_22_sassler-150x150.png 150w, https:\/\/familjen.larsen.vc\/wp-content\/uploads\/2019\/10\/20191012_14_22_sassler-768x768.png 768w, https:\/\/familjen.larsen.vc\/wp-content\/uploads\/2019\/10\/20191012_14_22_sassler-1024x1024.png 1024w, https:\/\/familjen.larsen.vc\/wp-content\/uploads\/2019\/10\/20191012_14_22_sassler.png 1312w\" sizes=\"auto, (max-width: 300px) 100vw, 300px\" \/><\/a><p id=\"caption-attachment-3329\" class=\"wp-caption-text\">Emelie Sassler 2019-10-12<\/p><\/div>\n<div id=\"attachment_3330\" style=\"width: 310px\" class=\"wp-caption aligncenter\"><a href=\"https:\/\/familjen.larsen.vc\/wp-content\/uploads\/2019\/10\/20191012_18_54_sassler.png\"><img loading=\"lazy\" decoding=\"async\" aria-describedby=\"caption-attachment-3330\" class=\"size-medium wp-image-3330\" src=\"https:\/\/familjen.larsen.vc\/wp-content\/uploads\/2019\/10\/20191012_18_54_sassler-300x300.png\" alt=\"\" width=\"300\" height=\"300\" srcset=\"https:\/\/familjen.larsen.vc\/wp-content\/uploads\/2019\/10\/20191012_18_54_sassler-300x300.png 300w, https:\/\/familjen.larsen.vc\/wp-content\/uploads\/2019\/10\/20191012_18_54_sassler-150x150.png 150w, https:\/\/familjen.larsen.vc\/wp-content\/uploads\/2019\/10\/20191012_18_54_sassler-768x768.png 768w, https:\/\/familjen.larsen.vc\/wp-content\/uploads\/2019\/10\/20191012_18_54_sassler-1024x1024.png 1024w, https:\/\/familjen.larsen.vc\/wp-content\/uploads\/2019\/10\/20191012_18_54_sassler.png 1312w\" sizes=\"auto, (max-width: 300px) 100vw, 300px\" \/><\/a><p id=\"caption-attachment-3330\" class=\"wp-caption-text\">Emelie Sassler 2019-10-12<\/p><\/div>\n<div id=\"attachment_3331\" style=\"width: 310px\" class=\"wp-caption aligncenter\"><a href=\"https:\/\/familjen.larsen.vc\/wp-content\/uploads\/2019\/10\/20191012_19_21_engdahl.jpg\"><img loading=\"lazy\" decoding=\"async\" aria-describedby=\"caption-attachment-3331\" class=\"size-medium wp-image-3331\" src=\"https:\/\/familjen.larsen.vc\/wp-content\/uploads\/2019\/10\/20191012_19_21_engdahl-300x300.jpg\" alt=\"\" width=\"300\" height=\"300\" srcset=\"https:\/\/familjen.larsen.vc\/wp-content\/uploads\/2019\/10\/20191012_19_21_engdahl-300x300.jpg 300w, https:\/\/familjen.larsen.vc\/wp-content\/uploads\/2019\/10\/20191012_19_21_engdahl-150x150.jpg 150w, https:\/\/familjen.larsen.vc\/wp-content\/uploads\/2019\/10\/20191012_19_21_engdahl-768x768.jpg 768w, https:\/\/familjen.larsen.vc\/wp-content\/uploads\/2019\/10\/20191012_19_21_engdahl-1024x1024.jpg 1024w, https:\/\/familjen.larsen.vc\/wp-content\/uploads\/2019\/10\/20191012_19_21_engdahl.jpg 1212w\" sizes=\"auto, (max-width: 300px) 100vw, 300px\" \/><\/a><p id=\"caption-attachment-3331\" class=\"wp-caption-text\">Emelie Sassler 2019-10-12<\/p><\/div>\n","protected":false},"excerpt":{"rendered":"<p>En regnig dunkel morgon och resterande m\u00f6rk dag! Emelie Sassler startade kl. 08:00 och gick sin hundrunda 1,00 km. Mattias Larsen, som skulle vara upp tidigt f\u00f6r att fiska, startade sin fiskerunda 09:41. Det blev 1,37 km med mycket stillast\u00e5ende emellan. Kalle Sj\u00f6gren b\u00f6rjar komma ig\u00e5ng p\u00e5 riktigt, efter sin stelhet beroende p\u00e5 mycket stillasittande [&hellip;]<\/p>\n","protected":false},"author":1,"featured_media":3035,"comment_status":"open","ping_status":"open","sticky":false,"template":"","format":"standard","meta":{"footnotes":""},"categories":[122,127],"tags":[],"class_list":["post-3324","post","type-post","status-publish","format-standard","has-post-thumbnail","hentry","category-motion","category-sverige-runt-2020"],"_links":{"self":[{"href":"https:\/\/familjen.larsen.vc\/index.php?rest_route=\/wp\/v2\/posts\/3324","targetHints":{"allow":["GET"]}}],"collection":[{"href":"https:\/\/familjen.larsen.vc\/index.php?rest_route=\/wp\/v2\/posts"}],"about":[{"href":"https:\/\/familjen.larsen.vc\/index.php?rest_route=\/wp\/v2\/types\/post"}],"author":[{"embeddable":true,"href":"https:\/\/familjen.larsen.vc\/index.php?rest_route=\/wp\/v2\/users\/1"}],"replies":[{"embeddable":true,"href":"https:\/\/familjen.larsen.vc\/index.php?rest_route=%2Fwp%2Fv2%2Fcomments&post=3324"}],"version-history":[{"count":1,"href":"https:\/\/familjen.larsen.vc\/index.php?rest_route=\/wp\/v2\/posts\/3324\/revisions"}],"predecessor-version":[{"id":3332,"href":"https:\/\/familjen.larsen.vc\/index.php?rest_route=\/wp\/v2\/posts\/3324\/revisions\/3332"}],"wp:featuredmedia":[{"embeddable":true,"href":"https:\/\/familjen.larsen.vc\/index.php?rest_route=\/wp\/v2\/media\/3035"}],"wp:attachment":[{"href":"https:\/\/familjen.larsen.vc\/index.php?rest_route=%2Fwp%2Fv2%2Fmedia&parent=3324"}],"wp:term":[{"taxonomy":"category","embeddable":true,"href":"https:\/\/familjen.larsen.vc\/index.php?rest_route=%2Fwp%2Fv2%2Fcategories&post=3324"},{"taxonomy":"post_tag","embeddable":true,"href":"https:\/\/familjen.larsen.vc\/index.php?rest_route=%2Fwp%2Fv2%2Ftags&post=3324"}],"curies":[{"name":"wp","href":"https:\/\/api.w.org\/{rel}","templated":true}]}}