{"id":3300,"date":"2019-10-09T18:15:14","date_gmt":"2019-10-09T17:15:14","guid":{"rendered":"http:\/\/familjen.larsen.vc\/?p=3300"},"modified":"2019-10-09T19:57:23","modified_gmt":"2019-10-09T18:57:23","slug":"rastlos-onsdag","status":"publish","type":"post","link":"https:\/\/familjen.larsen.vc\/?p=3300","title":{"rendered":"Rastl\u00f6s onsdag"},"content":{"rendered":"<p>En onsdag som gick i rastl\u00f6shetens tecken f\u00f6r vissa av deltagarna, speciellt de som var lediga fr\u00e5n jobb.<\/p>\n<p>Emelie Sassler startade morgonen med att g\u00e5 2,19 km. D\u00e4refter tog hon en eftermiddagsrunda p\u00e5 3,93 km.<\/p>\n<p>Emelie Nordqvist passade p\u00e5 att g\u00e5 sin sista str\u00e4cka till G\u00f6teborg, efter jobb. 4,40 km.<\/p>\n<p>Emelie Sassler tog sig en tredje runda f\u00f6r dagen och gick hela 2,54 km.<\/p>\n<p>Sandra Juhler tog sig en kv\u00e4llsrunda och avverkade hela 7,28 km.<\/p>\n<div id=\"attachment_3301\" style=\"width: 310px\" class=\"wp-caption aligncenter\"><a href=\"https:\/\/familjen.larsen.vc\/wp-content\/uploads\/2019\/10\/20191009_08_26_sassler.png\"><img loading=\"lazy\" decoding=\"async\" aria-describedby=\"caption-attachment-3301\" class=\"size-medium wp-image-3301\" src=\"https:\/\/familjen.larsen.vc\/wp-content\/uploads\/2019\/10\/20191009_08_26_sassler-300x300.png\" alt=\"\" width=\"300\" height=\"300\" srcset=\"https:\/\/familjen.larsen.vc\/wp-content\/uploads\/2019\/10\/20191009_08_26_sassler-300x300.png 300w, https:\/\/familjen.larsen.vc\/wp-content\/uploads\/2019\/10\/20191009_08_26_sassler-150x150.png 150w, https:\/\/familjen.larsen.vc\/wp-content\/uploads\/2019\/10\/20191009_08_26_sassler-768x768.png 768w, https:\/\/familjen.larsen.vc\/wp-content\/uploads\/2019\/10\/20191009_08_26_sassler-1024x1024.png 1024w, https:\/\/familjen.larsen.vc\/wp-content\/uploads\/2019\/10\/20191009_08_26_sassler.png 1312w\" sizes=\"auto, (max-width: 300px) 100vw, 300px\" \/><\/a><p id=\"caption-attachment-3301\" class=\"wp-caption-text\">Emelie Sassler 2019-10-09<\/p><\/div>\n<div id=\"attachment_3302\" style=\"width: 310px\" class=\"wp-caption aligncenter\"><a href=\"https:\/\/familjen.larsen.vc\/wp-content\/uploads\/2019\/10\/20191009_13_54_sassler.png\"><img loading=\"lazy\" decoding=\"async\" aria-describedby=\"caption-attachment-3302\" class=\"size-medium wp-image-3302\" src=\"https:\/\/familjen.larsen.vc\/wp-content\/uploads\/2019\/10\/20191009_13_54_sassler-300x300.png\" alt=\"\" width=\"300\" height=\"300\" srcset=\"https:\/\/familjen.larsen.vc\/wp-content\/uploads\/2019\/10\/20191009_13_54_sassler-300x300.png 300w, https:\/\/familjen.larsen.vc\/wp-content\/uploads\/2019\/10\/20191009_13_54_sassler-150x150.png 150w, https:\/\/familjen.larsen.vc\/wp-content\/uploads\/2019\/10\/20191009_13_54_sassler-768x768.png 768w, https:\/\/familjen.larsen.vc\/wp-content\/uploads\/2019\/10\/20191009_13_54_sassler-1024x1024.png 1024w, https:\/\/familjen.larsen.vc\/wp-content\/uploads\/2019\/10\/20191009_13_54_sassler.png 1312w\" sizes=\"auto, (max-width: 300px) 100vw, 300px\" \/><\/a><p id=\"caption-attachment-3302\" class=\"wp-caption-text\">Emelie Sassler 2019-10-09<\/p><\/div>\n<div id=\"attachment_3303\" style=\"width: 310px\" class=\"wp-caption aligncenter\"><a href=\"https:\/\/familjen.larsen.vc\/wp-content\/uploads\/2019\/10\/20191009_18_03_emelie.png\"><img loading=\"lazy\" decoding=\"async\" aria-describedby=\"caption-attachment-3303\" class=\"size-medium wp-image-3303\" src=\"https:\/\/familjen.larsen.vc\/wp-content\/uploads\/2019\/10\/20191009_18_03_emelie-300x300.png\" alt=\"\" width=\"300\" height=\"300\" srcset=\"https:\/\/familjen.larsen.vc\/wp-content\/uploads\/2019\/10\/20191009_18_03_emelie-300x300.png 300w, https:\/\/familjen.larsen.vc\/wp-content\/uploads\/2019\/10\/20191009_18_03_emelie-150x150.png 150w, https:\/\/familjen.larsen.vc\/wp-content\/uploads\/2019\/10\/20191009_18_03_emelie.png 640w\" sizes=\"auto, (max-width: 300px) 100vw, 300px\" \/><\/a><p id=\"caption-attachment-3303\" class=\"wp-caption-text\">Emelie Nordqvist 2019-10-09<\/p><\/div>\n<div id=\"attachment_3304\" style=\"width: 310px\" class=\"wp-caption aligncenter\"><a href=\"https:\/\/familjen.larsen.vc\/wp-content\/uploads\/2019\/10\/20191009_18_08_sassler.png\"><img loading=\"lazy\" decoding=\"async\" aria-describedby=\"caption-attachment-3304\" class=\"size-medium wp-image-3304\" src=\"https:\/\/familjen.larsen.vc\/wp-content\/uploads\/2019\/10\/20191009_18_08_sassler-300x300.png\" alt=\"\" width=\"300\" height=\"300\" srcset=\"https:\/\/familjen.larsen.vc\/wp-content\/uploads\/2019\/10\/20191009_18_08_sassler-300x300.png 300w, https:\/\/familjen.larsen.vc\/wp-content\/uploads\/2019\/10\/20191009_18_08_sassler-150x150.png 150w, https:\/\/familjen.larsen.vc\/wp-content\/uploads\/2019\/10\/20191009_18_08_sassler-768x768.png 768w, https:\/\/familjen.larsen.vc\/wp-content\/uploads\/2019\/10\/20191009_18_08_sassler-1024x1024.png 1024w, https:\/\/familjen.larsen.vc\/wp-content\/uploads\/2019\/10\/20191009_18_08_sassler.png 1312w\" sizes=\"auto, (max-width: 300px) 100vw, 300px\" \/><\/a><p id=\"caption-attachment-3304\" class=\"wp-caption-text\">Emelie Sassler 2019-10-09<\/p><\/div>\n<div id=\"attachment_3307\" style=\"width: 310px\" class=\"wp-caption aligncenter\"><a href=\"https:\/\/familjen.larsen.vc\/wp-content\/uploads\/2019\/10\/20191009_18_57_sandra.jpg\"><img loading=\"lazy\" decoding=\"async\" aria-describedby=\"caption-attachment-3307\" class=\"size-medium wp-image-3307\" src=\"https:\/\/familjen.larsen.vc\/wp-content\/uploads\/2019\/10\/20191009_18_57_sandra-300x300.jpg\" alt=\"\" width=\"300\" height=\"300\" srcset=\"https:\/\/familjen.larsen.vc\/wp-content\/uploads\/2019\/10\/20191009_18_57_sandra-300x300.jpg 300w, https:\/\/familjen.larsen.vc\/wp-content\/uploads\/2019\/10\/20191009_18_57_sandra-150x150.jpg 150w, https:\/\/familjen.larsen.vc\/wp-content\/uploads\/2019\/10\/20191009_18_57_sandra-768x768.jpg 768w, https:\/\/familjen.larsen.vc\/wp-content\/uploads\/2019\/10\/20191009_18_57_sandra-1024x1024.jpg 1024w, https:\/\/familjen.larsen.vc\/wp-content\/uploads\/2019\/10\/20191009_18_57_sandra.jpg 1089w\" sizes=\"auto, (max-width: 300px) 100vw, 300px\" \/><\/a><p id=\"caption-attachment-3307\" class=\"wp-caption-text\">Sandra Juhler 2019-10-09<\/p><\/div>\n<p>&nbsp;<\/p>\n","protected":false},"excerpt":{"rendered":"<p>En onsdag som gick i rastl\u00f6shetens tecken f\u00f6r vissa av deltagarna, speciellt de som var lediga fr\u00e5n jobb. Emelie Sassler startade morgonen med att g\u00e5 2,19 km. D\u00e4refter tog hon en eftermiddagsrunda p\u00e5 3,93 km. Emelie Nordqvist passade p\u00e5 att g\u00e5 sin sista str\u00e4cka till G\u00f6teborg, efter jobb. 4,40 km. Emelie Sassler tog sig en [&hellip;]<\/p>\n","protected":false},"author":1,"featured_media":3035,"comment_status":"open","ping_status":"open","sticky":false,"template":"","format":"standard","meta":{"footnotes":""},"categories":[122,127],"tags":[],"class_list":["post-3300","post","type-post","status-publish","format-standard","has-post-thumbnail","hentry","category-motion","category-sverige-runt-2020"],"_links":{"self":[{"href":"https:\/\/familjen.larsen.vc\/index.php?rest_route=\/wp\/v2\/posts\/3300","targetHints":{"allow":["GET"]}}],"collection":[{"href":"https:\/\/familjen.larsen.vc\/index.php?rest_route=\/wp\/v2\/posts"}],"about":[{"href":"https:\/\/familjen.larsen.vc\/index.php?rest_route=\/wp\/v2\/types\/post"}],"author":[{"embeddable":true,"href":"https:\/\/familjen.larsen.vc\/index.php?rest_route=\/wp\/v2\/users\/1"}],"replies":[{"embeddable":true,"href":"https:\/\/familjen.larsen.vc\/index.php?rest_route=%2Fwp%2Fv2%2Fcomments&post=3300"}],"version-history":[{"count":3,"href":"https:\/\/familjen.larsen.vc\/index.php?rest_route=\/wp\/v2\/posts\/3300\/revisions"}],"predecessor-version":[{"id":3309,"href":"https:\/\/familjen.larsen.vc\/index.php?rest_route=\/wp\/v2\/posts\/3300\/revisions\/3309"}],"wp:featuredmedia":[{"embeddable":true,"href":"https:\/\/familjen.larsen.vc\/index.php?rest_route=\/wp\/v2\/media\/3035"}],"wp:attachment":[{"href":"https:\/\/familjen.larsen.vc\/index.php?rest_route=%2Fwp%2Fv2%2Fmedia&parent=3300"}],"wp:term":[{"taxonomy":"category","embeddable":true,"href":"https:\/\/familjen.larsen.vc\/index.php?rest_route=%2Fwp%2Fv2%2Fcategories&post=3300"},{"taxonomy":"post_tag","embeddable":true,"href":"https:\/\/familjen.larsen.vc\/index.php?rest_route=%2Fwp%2Fv2%2Ftags&post=3300"}],"curies":[{"name":"wp","href":"https:\/\/api.w.org\/{rel}","templated":true}]}}