{"id":3289,"date":"2019-10-08T21:35:11","date_gmt":"2019-10-08T20:35:11","guid":{"rendered":"http:\/\/familjen.larsen.vc\/?p=3289"},"modified":"2019-10-09T18:08:31","modified_gmt":"2019-10-09T17:08:31","slug":"vandringen-fortsatter","status":"publish","type":"post","link":"https:\/\/familjen.larsen.vc\/?p=3289","title":{"rendered":"Vandringen forts\u00e4tter"},"content":{"rendered":"<p>En tisdag som b\u00f6rjade med en klar himmel, regnade hela f\u00f6rmiddagen och var helt underbart vacker p\u00e5 kv\u00e4llen.<\/p>\n<p>Emelie Sassler var tidigt ute denna morgon, d\u00e5 det var tidig utbildning p\u00e5 jobb. 1,04 km.<\/p>\n<p>Sedan var det inte f\u00f6rr\u00e4n p\u00e5 eftermiddagen som n\u00e4ste deltagare tog sin promenad.<\/p>\n<p>J\u00f6rgen Larsen spatserade till Limhamn f\u00f6r oktoberfest p\u00e5 Gillet. Dit var det 2,77 km.<\/p>\n<p>Camilla Linander tog en kv\u00e4llsrunda och fick ihop 5,52 km.<\/p>\n<p>Lars Lindberg, som g\u00f6r det som kr\u00e4vs, gjorde sitt p\u00e5 l\u00f6pbandet och rullade runt 5,02 km.<\/p>\n<p>Emelie Nordqvist gjorde en hundrunda p\u00e5 kv\u00e4llen och fick ihop 2,35 km.<\/p>\n<p>Mattias Larsen tog \u00e4nnu en fiskerunda 0,94 km.<\/p>\n<p>Sedan var det dags f\u00f6r J\u00f6rgen Larsen att ta sig hem fr\u00e5n Gillet, n\u00e5got rund under skorna blev det 2,74 km.<\/p>\n<div id=\"attachment_3290\" style=\"width: 310px\" class=\"wp-caption aligncenter\"><a href=\"https:\/\/familjen.larsen.vc\/wp-content\/uploads\/2019\/10\/20191008_06_37_sassler.png\"><img loading=\"lazy\" decoding=\"async\" aria-describedby=\"caption-attachment-3290\" class=\"size-medium wp-image-3290\" src=\"https:\/\/familjen.larsen.vc\/wp-content\/uploads\/2019\/10\/20191008_06_37_sassler-300x300.png\" alt=\"\" width=\"300\" height=\"300\" srcset=\"https:\/\/familjen.larsen.vc\/wp-content\/uploads\/2019\/10\/20191008_06_37_sassler-300x300.png 300w, https:\/\/familjen.larsen.vc\/wp-content\/uploads\/2019\/10\/20191008_06_37_sassler-150x150.png 150w, https:\/\/familjen.larsen.vc\/wp-content\/uploads\/2019\/10\/20191008_06_37_sassler-768x768.png 768w, https:\/\/familjen.larsen.vc\/wp-content\/uploads\/2019\/10\/20191008_06_37_sassler-1024x1024.png 1024w, https:\/\/familjen.larsen.vc\/wp-content\/uploads\/2019\/10\/20191008_06_37_sassler.png 1312w\" sizes=\"auto, (max-width: 300px) 100vw, 300px\" \/><\/a><p id=\"caption-attachment-3290\" class=\"wp-caption-text\">Emelie Sassler 2019-10-08<\/p><\/div>\n<div id=\"attachment_3291\" style=\"width: 310px\" class=\"wp-caption aligncenter\"><a href=\"https:\/\/familjen.larsen.vc\/wp-content\/uploads\/2019\/10\/20191008_17_42_jorgen.jpg\"><img loading=\"lazy\" decoding=\"async\" aria-describedby=\"caption-attachment-3291\" class=\"size-medium wp-image-3291\" src=\"https:\/\/familjen.larsen.vc\/wp-content\/uploads\/2019\/10\/20191008_17_42_jorgen-300x300.jpg\" alt=\"\" width=\"300\" height=\"300\" srcset=\"https:\/\/familjen.larsen.vc\/wp-content\/uploads\/2019\/10\/20191008_17_42_jorgen-300x300.jpg 300w, https:\/\/familjen.larsen.vc\/wp-content\/uploads\/2019\/10\/20191008_17_42_jorgen-150x150.jpg 150w, https:\/\/familjen.larsen.vc\/wp-content\/uploads\/2019\/10\/20191008_17_42_jorgen-768x768.jpg 768w, https:\/\/familjen.larsen.vc\/wp-content\/uploads\/2019\/10\/20191008_17_42_jorgen-1024x1024.jpg 1024w, https:\/\/familjen.larsen.vc\/wp-content\/uploads\/2019\/10\/20191008_17_42_jorgen.jpg 1089w\" sizes=\"auto, (max-width: 300px) 100vw, 300px\" \/><\/a><p id=\"caption-attachment-3291\" class=\"wp-caption-text\">J\u00f6rgen Larsen 2019-10-08<\/p><\/div>\n<div id=\"attachment_3292\" style=\"width: 310px\" class=\"wp-caption aligncenter\"><a href=\"https:\/\/familjen.larsen.vc\/wp-content\/uploads\/2019\/10\/20191008_17_55_linander.jpg\"><img loading=\"lazy\" decoding=\"async\" aria-describedby=\"caption-attachment-3292\" class=\"size-medium wp-image-3292\" src=\"https:\/\/familjen.larsen.vc\/wp-content\/uploads\/2019\/10\/20191008_17_55_linander-300x300.jpg\" alt=\"\" width=\"300\" height=\"300\" srcset=\"https:\/\/familjen.larsen.vc\/wp-content\/uploads\/2019\/10\/20191008_17_55_linander-300x300.jpg 300w, https:\/\/familjen.larsen.vc\/wp-content\/uploads\/2019\/10\/20191008_17_55_linander-150x150.jpg 150w, https:\/\/familjen.larsen.vc\/wp-content\/uploads\/2019\/10\/20191008_17_55_linander-768x768.jpg 768w, https:\/\/familjen.larsen.vc\/wp-content\/uploads\/2019\/10\/20191008_17_55_linander-1024x1024.jpg 1024w, https:\/\/familjen.larsen.vc\/wp-content\/uploads\/2019\/10\/20191008_17_55_linander.jpg 1089w\" sizes=\"auto, (max-width: 300px) 100vw, 300px\" \/><\/a><p id=\"caption-attachment-3292\" class=\"wp-caption-text\">Camilla Linander 2019-10-08<\/p><\/div>\n<div id=\"attachment_3293\" style=\"width: 310px\" class=\"wp-caption aligncenter\"><a href=\"https:\/\/familjen.larsen.vc\/wp-content\/uploads\/2019\/10\/20191008_18_05_lindberg.jpg\"><img loading=\"lazy\" decoding=\"async\" aria-describedby=\"caption-attachment-3293\" class=\"size-medium wp-image-3293\" src=\"https:\/\/familjen.larsen.vc\/wp-content\/uploads\/2019\/10\/20191008_18_05_lindberg-300x300.jpg\" alt=\"\" width=\"300\" height=\"300\" srcset=\"https:\/\/familjen.larsen.vc\/wp-content\/uploads\/2019\/10\/20191008_18_05_lindberg-300x300.jpg 300w, https:\/\/familjen.larsen.vc\/wp-content\/uploads\/2019\/10\/20191008_18_05_lindberg-150x150.jpg 150w, https:\/\/familjen.larsen.vc\/wp-content\/uploads\/2019\/10\/20191008_18_05_lindberg-768x768.jpg 768w, https:\/\/familjen.larsen.vc\/wp-content\/uploads\/2019\/10\/20191008_18_05_lindberg-1024x1024.jpg 1024w, https:\/\/familjen.larsen.vc\/wp-content\/uploads\/2019\/10\/20191008_18_05_lindberg.jpg 1212w\" sizes=\"auto, (max-width: 300px) 100vw, 300px\" \/><\/a><p id=\"caption-attachment-3293\" class=\"wp-caption-text\">Lars Lindberg 2019-10-08<\/p><\/div>\n<div id=\"attachment_3294\" style=\"width: 310px\" class=\"wp-caption aligncenter\"><a href=\"https:\/\/familjen.larsen.vc\/wp-content\/uploads\/2019\/10\/20191008_19_00_emelie.png\"><img loading=\"lazy\" decoding=\"async\" aria-describedby=\"caption-attachment-3294\" class=\"size-medium wp-image-3294\" src=\"https:\/\/familjen.larsen.vc\/wp-content\/uploads\/2019\/10\/20191008_19_00_emelie-300x300.png\" alt=\"\" width=\"300\" height=\"300\" srcset=\"https:\/\/familjen.larsen.vc\/wp-content\/uploads\/2019\/10\/20191008_19_00_emelie-300x300.png 300w, https:\/\/familjen.larsen.vc\/wp-content\/uploads\/2019\/10\/20191008_19_00_emelie-150x150.png 150w, https:\/\/familjen.larsen.vc\/wp-content\/uploads\/2019\/10\/20191008_19_00_emelie.png 640w\" sizes=\"auto, (max-width: 300px) 100vw, 300px\" \/><\/a><p id=\"caption-attachment-3294\" class=\"wp-caption-text\">Emelie Nordqvist 2019-10-08<\/p><\/div>\n<div id=\"attachment_3295\" style=\"width: 310px\" class=\"wp-caption aligncenter\"><a href=\"https:\/\/familjen.larsen.vc\/wp-content\/uploads\/2019\/10\/20191008_21_13_jorgen.jpg\"><img loading=\"lazy\" decoding=\"async\" aria-describedby=\"caption-attachment-3295\" class=\"size-medium wp-image-3295\" src=\"https:\/\/familjen.larsen.vc\/wp-content\/uploads\/2019\/10\/20191008_21_13_jorgen-300x300.jpg\" alt=\"\" width=\"300\" height=\"300\" srcset=\"https:\/\/familjen.larsen.vc\/wp-content\/uploads\/2019\/10\/20191008_21_13_jorgen-300x300.jpg 300w, https:\/\/familjen.larsen.vc\/wp-content\/uploads\/2019\/10\/20191008_21_13_jorgen-150x150.jpg 150w, https:\/\/familjen.larsen.vc\/wp-content\/uploads\/2019\/10\/20191008_21_13_jorgen-768x768.jpg 768w, https:\/\/familjen.larsen.vc\/wp-content\/uploads\/2019\/10\/20191008_21_13_jorgen-1024x1024.jpg 1024w, https:\/\/familjen.larsen.vc\/wp-content\/uploads\/2019\/10\/20191008_21_13_jorgen.jpg 1089w\" sizes=\"auto, (max-width: 300px) 100vw, 300px\" \/><\/a><p id=\"caption-attachment-3295\" class=\"wp-caption-text\">J\u00f6rgen Larsen 2019-10-08<\/p><\/div>\n","protected":false},"excerpt":{"rendered":"<p>En tisdag som b\u00f6rjade med en klar himmel, regnade hela f\u00f6rmiddagen och var helt underbart vacker p\u00e5 kv\u00e4llen. Emelie Sassler var tidigt ute denna morgon, d\u00e5 det var tidig utbildning p\u00e5 jobb. 1,04 km. Sedan var det inte f\u00f6rr\u00e4n p\u00e5 eftermiddagen som n\u00e4ste deltagare tog sin promenad. J\u00f6rgen Larsen spatserade till Limhamn f\u00f6r oktoberfest p\u00e5 [&hellip;]<\/p>\n","protected":false},"author":1,"featured_media":3035,"comment_status":"open","ping_status":"open","sticky":false,"template":"","format":"standard","meta":{"footnotes":""},"categories":[122,127],"tags":[],"class_list":["post-3289","post","type-post","status-publish","format-standard","has-post-thumbnail","hentry","category-motion","category-sverige-runt-2020"],"_links":{"self":[{"href":"https:\/\/familjen.larsen.vc\/index.php?rest_route=\/wp\/v2\/posts\/3289","targetHints":{"allow":["GET"]}}],"collection":[{"href":"https:\/\/familjen.larsen.vc\/index.php?rest_route=\/wp\/v2\/posts"}],"about":[{"href":"https:\/\/familjen.larsen.vc\/index.php?rest_route=\/wp\/v2\/types\/post"}],"author":[{"embeddable":true,"href":"https:\/\/familjen.larsen.vc\/index.php?rest_route=\/wp\/v2\/users\/1"}],"replies":[{"embeddable":true,"href":"https:\/\/familjen.larsen.vc\/index.php?rest_route=%2Fwp%2Fv2%2Fcomments&post=3289"}],"version-history":[{"count":3,"href":"https:\/\/familjen.larsen.vc\/index.php?rest_route=\/wp\/v2\/posts\/3289\/revisions"}],"predecessor-version":[{"id":3299,"href":"https:\/\/familjen.larsen.vc\/index.php?rest_route=\/wp\/v2\/posts\/3289\/revisions\/3299"}],"wp:featuredmedia":[{"embeddable":true,"href":"https:\/\/familjen.larsen.vc\/index.php?rest_route=\/wp\/v2\/media\/3035"}],"wp:attachment":[{"href":"https:\/\/familjen.larsen.vc\/index.php?rest_route=%2Fwp%2Fv2%2Fmedia&parent=3289"}],"wp:term":[{"taxonomy":"category","embeddable":true,"href":"https:\/\/familjen.larsen.vc\/index.php?rest_route=%2Fwp%2Fv2%2Fcategories&post=3289"},{"taxonomy":"post_tag","embeddable":true,"href":"https:\/\/familjen.larsen.vc\/index.php?rest_route=%2Fwp%2Fv2%2Ftags&post=3289"}],"curies":[{"name":"wp","href":"https:\/\/api.w.org\/{rel}","templated":true}]}}