{"id":3274,"date":"2019-10-06T20:03:16","date_gmt":"2019-10-06T19:03:16","guid":{"rendered":"http:\/\/familjen.larsen.vc\/?p=3274"},"modified":"2019-10-06T21:22:23","modified_gmt":"2019-10-06T20:22:23","slug":"sondagens-rundor","status":"publish","type":"post","link":"https:\/\/familjen.larsen.vc\/?p=3274","title":{"rendered":"S\u00f6ndagens rundor"},"content":{"rendered":"<p>Denna soliga, dock kalla s\u00f6ndagen, var en del ute och flanerade i det klara v\u00e4dret.<\/p>\n<p>Emelie Sassler var ute p\u00e5 morgonen och gick sina 0,94 km med Dexter.<\/p>\n<p>Sandra Juhler var ute strax efter och sprang en runda p\u00e5 7,42 km.<\/p>\n<p>Senare p\u00e5 f\u00f6rmiddagen var Camilla Linander ute och r\u00f6rde p\u00e5 sig. 5,83 km sprang hon.<\/p>\n<p>Emelie Sassler gick ut \u00e4nnu en runda och fick ihop ytterligare 4,889 km.<\/p>\n<p>Mattias Larsen hade \u00e4nnu en l\u00e5ngtidsrunda med sina 2,45 km.<\/p>\n<p>Kalle Sj\u00f6gren, som mest suttit p\u00e5 rumpan i helgen, kom hem fr\u00e5n Italien och startade med en kortare runda. 3,25 km.<\/p>\n<div id=\"attachment_3275\" style=\"width: 310px\" class=\"wp-caption aligncenter\"><a href=\"https:\/\/familjen.larsen.vc\/wp-content\/uploads\/2019\/10\/20191006_07_38_sassler.png\"><img loading=\"lazy\" decoding=\"async\" aria-describedby=\"caption-attachment-3275\" class=\"size-medium wp-image-3275\" src=\"https:\/\/familjen.larsen.vc\/wp-content\/uploads\/2019\/10\/20191006_07_38_sassler-300x300.png\" alt=\"\" width=\"300\" height=\"300\" srcset=\"https:\/\/familjen.larsen.vc\/wp-content\/uploads\/2019\/10\/20191006_07_38_sassler-300x300.png 300w, https:\/\/familjen.larsen.vc\/wp-content\/uploads\/2019\/10\/20191006_07_38_sassler-150x150.png 150w, https:\/\/familjen.larsen.vc\/wp-content\/uploads\/2019\/10\/20191006_07_38_sassler-768x768.png 768w, https:\/\/familjen.larsen.vc\/wp-content\/uploads\/2019\/10\/20191006_07_38_sassler-1024x1024.png 1024w, https:\/\/familjen.larsen.vc\/wp-content\/uploads\/2019\/10\/20191006_07_38_sassler.png 1312w\" sizes=\"auto, (max-width: 300px) 100vw, 300px\" \/><\/a><p id=\"caption-attachment-3275\" class=\"wp-caption-text\">Emelie Sassler 2019-10-06<\/p><\/div>\n<div id=\"attachment_3276\" style=\"width: 310px\" class=\"wp-caption aligncenter\"><a href=\"https:\/\/familjen.larsen.vc\/wp-content\/uploads\/2019\/10\/20191006_08_56_sandra.jpg\"><img loading=\"lazy\" decoding=\"async\" aria-describedby=\"caption-attachment-3276\" class=\"size-medium wp-image-3276\" src=\"https:\/\/familjen.larsen.vc\/wp-content\/uploads\/2019\/10\/20191006_08_56_sandra-300x300.jpg\" alt=\"\" width=\"300\" height=\"300\" srcset=\"https:\/\/familjen.larsen.vc\/wp-content\/uploads\/2019\/10\/20191006_08_56_sandra-300x300.jpg 300w, https:\/\/familjen.larsen.vc\/wp-content\/uploads\/2019\/10\/20191006_08_56_sandra-150x150.jpg 150w, https:\/\/familjen.larsen.vc\/wp-content\/uploads\/2019\/10\/20191006_08_56_sandra-768x768.jpg 768w, https:\/\/familjen.larsen.vc\/wp-content\/uploads\/2019\/10\/20191006_08_56_sandra-1024x1024.jpg 1024w, https:\/\/familjen.larsen.vc\/wp-content\/uploads\/2019\/10\/20191006_08_56_sandra.jpg 1089w\" sizes=\"auto, (max-width: 300px) 100vw, 300px\" \/><\/a><p id=\"caption-attachment-3276\" class=\"wp-caption-text\">Sandra Juhler 2019-10-06<\/p><\/div>\n<div id=\"attachment_3277\" style=\"width: 310px\" class=\"wp-caption aligncenter\"><a href=\"https:\/\/familjen.larsen.vc\/wp-content\/uploads\/2019\/10\/20191006_11_38_linander.jpg\"><img loading=\"lazy\" decoding=\"async\" aria-describedby=\"caption-attachment-3277\" class=\"size-medium wp-image-3277\" src=\"https:\/\/familjen.larsen.vc\/wp-content\/uploads\/2019\/10\/20191006_11_38_linander-300x300.jpg\" alt=\"\" width=\"300\" height=\"300\" srcset=\"https:\/\/familjen.larsen.vc\/wp-content\/uploads\/2019\/10\/20191006_11_38_linander-300x300.jpg 300w, https:\/\/familjen.larsen.vc\/wp-content\/uploads\/2019\/10\/20191006_11_38_linander-150x150.jpg 150w, https:\/\/familjen.larsen.vc\/wp-content\/uploads\/2019\/10\/20191006_11_38_linander-768x768.jpg 768w, https:\/\/familjen.larsen.vc\/wp-content\/uploads\/2019\/10\/20191006_11_38_linander-1024x1024.jpg 1024w, https:\/\/familjen.larsen.vc\/wp-content\/uploads\/2019\/10\/20191006_11_38_linander.jpg 1089w\" sizes=\"auto, (max-width: 300px) 100vw, 300px\" \/><\/a><p id=\"caption-attachment-3277\" class=\"wp-caption-text\">Camilla Linander 2019-10-06<\/p><\/div>\n<div id=\"attachment_3278\" style=\"width: 310px\" class=\"wp-caption aligncenter\"><a href=\"https:\/\/familjen.larsen.vc\/wp-content\/uploads\/2019\/10\/20191006_12_13_sassler.png\"><img loading=\"lazy\" decoding=\"async\" aria-describedby=\"caption-attachment-3278\" class=\"size-medium wp-image-3278\" src=\"https:\/\/familjen.larsen.vc\/wp-content\/uploads\/2019\/10\/20191006_12_13_sassler-300x294.png\" alt=\"\" width=\"300\" height=\"294\" srcset=\"https:\/\/familjen.larsen.vc\/wp-content\/uploads\/2019\/10\/20191006_12_13_sassler-300x294.png 300w, https:\/\/familjen.larsen.vc\/wp-content\/uploads\/2019\/10\/20191006_12_13_sassler.png 750w\" sizes=\"auto, (max-width: 300px) 100vw, 300px\" \/><\/a><p id=\"caption-attachment-3278\" class=\"wp-caption-text\">Emelie Sassler 2019-10-06<\/p><\/div>\n<div id=\"attachment_3279\" style=\"width: 310px\" class=\"wp-caption aligncenter\"><a href=\"https:\/\/familjen.larsen.vc\/wp-content\/uploads\/2019\/10\/20191006_15_43_mattias.png\"><img loading=\"lazy\" decoding=\"async\" aria-describedby=\"caption-attachment-3279\" class=\"size-medium wp-image-3279\" src=\"https:\/\/familjen.larsen.vc\/wp-content\/uploads\/2019\/10\/20191006_15_43_mattias-300x300.png\" alt=\"\" width=\"300\" height=\"300\" srcset=\"https:\/\/familjen.larsen.vc\/wp-content\/uploads\/2019\/10\/20191006_15_43_mattias-300x300.png 300w, https:\/\/familjen.larsen.vc\/wp-content\/uploads\/2019\/10\/20191006_15_43_mattias-150x150.png 150w, https:\/\/familjen.larsen.vc\/wp-content\/uploads\/2019\/10\/20191006_15_43_mattias-768x768.png 768w, https:\/\/familjen.larsen.vc\/wp-content\/uploads\/2019\/10\/20191006_15_43_mattias-1024x1024.png 1024w, https:\/\/familjen.larsen.vc\/wp-content\/uploads\/2019\/10\/20191006_15_43_mattias.png 1312w\" sizes=\"auto, (max-width: 300px) 100vw, 300px\" \/><\/a><p id=\"caption-attachment-3279\" class=\"wp-caption-text\">Mattias Larsen 2019-10-06<\/p><\/div>\n<div id=\"attachment_3282\" style=\"width: 310px\" class=\"wp-caption aligncenter\"><a href=\"https:\/\/familjen.larsen.vc\/wp-content\/uploads\/2019\/10\/20191006_16_56_kalle.jpg\"><img loading=\"lazy\" decoding=\"async\" aria-describedby=\"caption-attachment-3282\" class=\"size-medium wp-image-3282\" src=\"https:\/\/familjen.larsen.vc\/wp-content\/uploads\/2019\/10\/20191006_16_56_kalle-300x300.jpg\" alt=\"\" width=\"300\" height=\"300\" srcset=\"https:\/\/familjen.larsen.vc\/wp-content\/uploads\/2019\/10\/20191006_16_56_kalle-300x300.jpg 300w, https:\/\/familjen.larsen.vc\/wp-content\/uploads\/2019\/10\/20191006_16_56_kalle-150x150.jpg 150w, https:\/\/familjen.larsen.vc\/wp-content\/uploads\/2019\/10\/20191006_16_56_kalle-768x768.jpg 768w, https:\/\/familjen.larsen.vc\/wp-content\/uploads\/2019\/10\/20191006_16_56_kalle-1024x1024.jpg 1024w, https:\/\/familjen.larsen.vc\/wp-content\/uploads\/2019\/10\/20191006_16_56_kalle.jpg 1095w\" sizes=\"auto, (max-width: 300px) 100vw, 300px\" \/><\/a><p id=\"caption-attachment-3282\" class=\"wp-caption-text\">Kalle Sj\u00f6gren 2019-10-06<\/p><\/div>\n","protected":false},"excerpt":{"rendered":"<p>Denna soliga, dock kalla s\u00f6ndagen, var en del ute och flanerade i det klara v\u00e4dret. Emelie Sassler var ute p\u00e5 morgonen och gick sina 0,94 km med Dexter. Sandra Juhler var ute strax efter och sprang en runda p\u00e5 7,42 km. Senare p\u00e5 f\u00f6rmiddagen var Camilla Linander ute och r\u00f6rde p\u00e5 sig. 5,83 km sprang [&hellip;]<\/p>\n","protected":false},"author":1,"featured_media":3035,"comment_status":"open","ping_status":"open","sticky":false,"template":"","format":"standard","meta":{"footnotes":""},"categories":[122,127],"tags":[],"class_list":["post-3274","post","type-post","status-publish","format-standard","has-post-thumbnail","hentry","category-motion","category-sverige-runt-2020"],"_links":{"self":[{"href":"https:\/\/familjen.larsen.vc\/index.php?rest_route=\/wp\/v2\/posts\/3274","targetHints":{"allow":["GET"]}}],"collection":[{"href":"https:\/\/familjen.larsen.vc\/index.php?rest_route=\/wp\/v2\/posts"}],"about":[{"href":"https:\/\/familjen.larsen.vc\/index.php?rest_route=\/wp\/v2\/types\/post"}],"author":[{"embeddable":true,"href":"https:\/\/familjen.larsen.vc\/index.php?rest_route=\/wp\/v2\/users\/1"}],"replies":[{"embeddable":true,"href":"https:\/\/familjen.larsen.vc\/index.php?rest_route=%2Fwp%2Fv2%2Fcomments&post=3274"}],"version-history":[{"count":3,"href":"https:\/\/familjen.larsen.vc\/index.php?rest_route=\/wp\/v2\/posts\/3274\/revisions"}],"predecessor-version":[{"id":3283,"href":"https:\/\/familjen.larsen.vc\/index.php?rest_route=\/wp\/v2\/posts\/3274\/revisions\/3283"}],"wp:featuredmedia":[{"embeddable":true,"href":"https:\/\/familjen.larsen.vc\/index.php?rest_route=\/wp\/v2\/media\/3035"}],"wp:attachment":[{"href":"https:\/\/familjen.larsen.vc\/index.php?rest_route=%2Fwp%2Fv2%2Fmedia&parent=3274"}],"wp:term":[{"taxonomy":"category","embeddable":true,"href":"https:\/\/familjen.larsen.vc\/index.php?rest_route=%2Fwp%2Fv2%2Fcategories&post=3274"},{"taxonomy":"post_tag","embeddable":true,"href":"https:\/\/familjen.larsen.vc\/index.php?rest_route=%2Fwp%2Fv2%2Ftags&post=3274"}],"curies":[{"name":"wp","href":"https:\/\/api.w.org\/{rel}","templated":true}]}}