{"id":3102,"date":"2019-09-20T10:07:15","date_gmt":"2019-09-20T09:07:15","guid":{"rendered":"http:\/\/familjen.larsen.vc\/?p=3102"},"modified":"2019-09-20T17:21:08","modified_gmt":"2019-09-20T16:21:08","slug":"nytt-delmal","status":"publish","type":"post","link":"https:\/\/familjen.larsen.vc\/?p=3102","title":{"rendered":"Nytt delm\u00e5l!"},"content":{"rendered":"<p style=\"font-weight: 400;\">God f\u00f6rmiddag vandringskamrater!<\/p>\n<p style=\"font-weight: 400;\">Vi klarade delm\u00e5l 1 med bravur \u2013 det \u00e5terst\u00e5r \u00e4nnu ett par timmar till 23:59 och jag r\u00e4knar med att alla deltagare kommer att n\u00e5 sitt m\u00e5l p\u00e5 7,8 km innan dess. Vi har nu kommit till Kullaberg och passerar snart Torekov (ja jag vet att jag var lite f\u00f6re i messengergruppen!).<\/p>\n<p style=\"font-weight: 400;\"><strong>Nytt delm\u00e5l startar l\u00f6rdag 21\/9 och str\u00e4cker sig till s\u00f6ndag den 29\/9!<\/strong>\u00a0(Ni f\u00e5r givetvis forts\u00e4tta att vandra och skicka in era str\u00e4ckor via mail i helgen)<\/p>\n<p style=\"font-weight: 400;\">Mot v\u00e5rt nya delm\u00e5l passerar vi som sagt Torekov, n\u00e4rmare best\u00e4mt\u00a0<strong><em>\u201dSolsidan Turist och Konferens i Torekov\u201d<\/em><\/strong>, d\u00e4r vi p\u00e5 Svenska Kakel varit med och levererat material. Ta g\u00e4rna en titt p\u00e5 v\u00e4ggen uppe p\u00e5 andra v\u00e5ningen, ut mot terrassen \u2013 d\u00e4r finns bevisen. Efter Torekov passerar vi Hallavara och B\u00e5stad \u2013 de fina kvarteren. Till slut skall vi ha kommit fram till Verkstadsgatan 6 i Halmstad, d\u00e4r vi bes\u00f6ker v\u00e5ra kollegor!<\/p>\n<p style=\"font-weight: 400;\">Str\u00e4ckan ber\u00e4knas till 150,10 km, vilket inneb\u00e4r att vi alla m\u00e5ste avverka ca: 15 km vardera p\u00e5 8-dagar (= 1,875 km\/dag). N\u00e5got sv\u00e5rare f\u00f6r oss som inte g\u00e5tt s\u00e5 mycket f\u00f6rsta veckan, men det skall vi alla klara av!<\/p>\n<p style=\"font-weight: 400;\">Lycka till!<\/p>\n","protected":false},"excerpt":{"rendered":"<p>God f\u00f6rmiddag vandringskamrater! Vi klarade delm\u00e5l 1 med bravur \u2013 det \u00e5terst\u00e5r \u00e4nnu ett par timmar till 23:59 och jag r\u00e4knar med att alla deltagare kommer att n\u00e5 sitt m\u00e5l p\u00e5 7,8 km innan dess. Vi har nu kommit till Kullaberg och passerar snart Torekov (ja jag vet att jag var lite f\u00f6re i messengergruppen!). [&hellip;]<\/p>\n","protected":false},"author":1,"featured_media":3035,"comment_status":"open","ping_status":"open","sticky":false,"template":"","format":"standard","meta":{"footnotes":""},"categories":[122,127],"tags":[],"class_list":["post-3102","post","type-post","status-publish","format-standard","has-post-thumbnail","hentry","category-motion","category-sverige-runt-2020"],"_links":{"self":[{"href":"https:\/\/familjen.larsen.vc\/index.php?rest_route=\/wp\/v2\/posts\/3102","targetHints":{"allow":["GET"]}}],"collection":[{"href":"https:\/\/familjen.larsen.vc\/index.php?rest_route=\/wp\/v2\/posts"}],"about":[{"href":"https:\/\/familjen.larsen.vc\/index.php?rest_route=\/wp\/v2\/types\/post"}],"author":[{"embeddable":true,"href":"https:\/\/familjen.larsen.vc\/index.php?rest_route=\/wp\/v2\/users\/1"}],"replies":[{"embeddable":true,"href":"https:\/\/familjen.larsen.vc\/index.php?rest_route=%2Fwp%2Fv2%2Fcomments&post=3102"}],"version-history":[{"count":1,"href":"https:\/\/familjen.larsen.vc\/index.php?rest_route=\/wp\/v2\/posts\/3102\/revisions"}],"predecessor-version":[{"id":3103,"href":"https:\/\/familjen.larsen.vc\/index.php?rest_route=\/wp\/v2\/posts\/3102\/revisions\/3103"}],"wp:featuredmedia":[{"embeddable":true,"href":"https:\/\/familjen.larsen.vc\/index.php?rest_route=\/wp\/v2\/media\/3035"}],"wp:attachment":[{"href":"https:\/\/familjen.larsen.vc\/index.php?rest_route=%2Fwp%2Fv2%2Fmedia&parent=3102"}],"wp:term":[{"taxonomy":"category","embeddable":true,"href":"https:\/\/familjen.larsen.vc\/index.php?rest_route=%2Fwp%2Fv2%2Fcategories&post=3102"},{"taxonomy":"post_tag","embeddable":true,"href":"https:\/\/familjen.larsen.vc\/index.php?rest_route=%2Fwp%2Fv2%2Ftags&post=3102"}],"curies":[{"name":"wp","href":"https:\/\/api.w.org\/{rel}","templated":true}]}}