{"id":3091,"date":"2019-09-19T23:59:44","date_gmt":"2019-09-19T22:59:44","guid":{"rendered":"http:\/\/familjen.larsen.vc\/?p=3091"},"modified":"2019-09-19T21:38:25","modified_gmt":"2019-09-19T20:38:25","slug":"nu-ar-alla-igang","status":"publish","type":"post","link":"https:\/\/familjen.larsen.vc\/?p=3091","title":{"rendered":"Nu \u00e4r alla ig\u00e5ng!"},"content":{"rendered":"<p>Torsdagen, v\u00e5r fj\u00e4rde dag p\u00e5 vandring och alla v\u00e5ra tio deltagare har kommit ig\u00e5ng. Jag m\u00e5ste s\u00e4ga att jag \u00e4r imponerad av era insatser och er inst\u00e4llning!<\/p>\n<p>Morgonen startade med att Emelie Nordqvist tog en kort tur p\u00e5 1,24 km med sin hund Zelda.<\/p>\n<p>Kort d\u00e4refter f\u00f6ljde Niclas Engdahl som nu joggade och klarade av 6,11 km.<\/p>\n<p>Sedan var det dags f\u00f6r Emelie Sassler att rasta Dexter, vilket gjordes p\u00e5 1,92 km.<\/p>\n<p>P\u00e5 eftermiddagen tog Emelie Nordqvist \u00e4nnu en runda med Zelda och avverkade ytterligare 3,56 km och p\u00e5 kv\u00e4llen blev det ytterligare 2,18 km.<\/p>\n<div id=\"attachment_3094\" style=\"width: 310px\" class=\"wp-caption aligncenter\"><a href=\"https:\/\/familjen.larsen.vc\/wp-content\/uploads\/2019\/09\/20190919_07_17_emelie.png\"><img loading=\"lazy\" decoding=\"async\" aria-describedby=\"caption-attachment-3094\" class=\"size-medium wp-image-3094\" src=\"https:\/\/familjen.larsen.vc\/wp-content\/uploads\/2019\/09\/20190919_07_17_emelie-300x300.png\" alt=\"\" width=\"300\" height=\"300\" srcset=\"https:\/\/familjen.larsen.vc\/wp-content\/uploads\/2019\/09\/20190919_07_17_emelie-300x300.png 300w, https:\/\/familjen.larsen.vc\/wp-content\/uploads\/2019\/09\/20190919_07_17_emelie-150x150.png 150w, https:\/\/familjen.larsen.vc\/wp-content\/uploads\/2019\/09\/20190919_07_17_emelie.png 640w\" sizes=\"auto, (max-width: 300px) 100vw, 300px\" \/><\/a><p id=\"caption-attachment-3094\" class=\"wp-caption-text\">Emelie Nordqvist 2019-09-19 morgonrunda<\/p><\/div>\n<div id=\"attachment_3095\" style=\"width: 310px\" class=\"wp-caption aligncenter\"><a href=\"https:\/\/familjen.larsen.vc\/wp-content\/uploads\/2019\/09\/20190919_07_29_engdahl.jpg\"><img loading=\"lazy\" decoding=\"async\" aria-describedby=\"caption-attachment-3095\" class=\"size-medium wp-image-3095\" src=\"https:\/\/familjen.larsen.vc\/wp-content\/uploads\/2019\/09\/20190919_07_29_engdahl-300x300.jpg\" alt=\"\" width=\"300\" height=\"300\" srcset=\"https:\/\/familjen.larsen.vc\/wp-content\/uploads\/2019\/09\/20190919_07_29_engdahl-300x300.jpg 300w, https:\/\/familjen.larsen.vc\/wp-content\/uploads\/2019\/09\/20190919_07_29_engdahl-150x150.jpg 150w, https:\/\/familjen.larsen.vc\/wp-content\/uploads\/2019\/09\/20190919_07_29_engdahl-768x768.jpg 768w, https:\/\/familjen.larsen.vc\/wp-content\/uploads\/2019\/09\/20190919_07_29_engdahl-1024x1024.jpg 1024w, https:\/\/familjen.larsen.vc\/wp-content\/uploads\/2019\/09\/20190919_07_29_engdahl.jpg 1212w\" sizes=\"auto, (max-width: 300px) 100vw, 300px\" \/><\/a><p id=\"caption-attachment-3095\" class=\"wp-caption-text\">Niclas Engdahl 2019-09-19<\/p><\/div>\n<div id=\"attachment_3096\" style=\"width: 310px\" class=\"wp-caption aligncenter\"><a href=\"https:\/\/familjen.larsen.vc\/wp-content\/uploads\/2019\/09\/20190919_08_03_sassler.png\"><img loading=\"lazy\" decoding=\"async\" aria-describedby=\"caption-attachment-3096\" class=\"size-medium wp-image-3096\" src=\"https:\/\/familjen.larsen.vc\/wp-content\/uploads\/2019\/09\/20190919_08_03_sassler-300x300.png\" alt=\"\" width=\"300\" height=\"300\" srcset=\"https:\/\/familjen.larsen.vc\/wp-content\/uploads\/2019\/09\/20190919_08_03_sassler-300x300.png 300w, https:\/\/familjen.larsen.vc\/wp-content\/uploads\/2019\/09\/20190919_08_03_sassler-150x150.png 150w, https:\/\/familjen.larsen.vc\/wp-content\/uploads\/2019\/09\/20190919_08_03_sassler-768x768.png 768w, https:\/\/familjen.larsen.vc\/wp-content\/uploads\/2019\/09\/20190919_08_03_sassler-1024x1024.png 1024w, https:\/\/familjen.larsen.vc\/wp-content\/uploads\/2019\/09\/20190919_08_03_sassler.png 1312w\" sizes=\"auto, (max-width: 300px) 100vw, 300px\" \/><\/a><p id=\"caption-attachment-3096\" class=\"wp-caption-text\">Emelie Sassler 2019-09-19<\/p><\/div>\n<div id=\"attachment_3097\" style=\"width: 310px\" class=\"wp-caption aligncenter\"><a href=\"https:\/\/familjen.larsen.vc\/wp-content\/uploads\/2019\/09\/20190919_15_08_emelie.png\"><img loading=\"lazy\" decoding=\"async\" aria-describedby=\"caption-attachment-3097\" class=\"size-medium wp-image-3097\" src=\"https:\/\/familjen.larsen.vc\/wp-content\/uploads\/2019\/09\/20190919_15_08_emelie-300x300.png\" alt=\"\" width=\"300\" height=\"300\" srcset=\"https:\/\/familjen.larsen.vc\/wp-content\/uploads\/2019\/09\/20190919_15_08_emelie-300x300.png 300w, https:\/\/familjen.larsen.vc\/wp-content\/uploads\/2019\/09\/20190919_15_08_emelie-150x150.png 150w, https:\/\/familjen.larsen.vc\/wp-content\/uploads\/2019\/09\/20190919_15_08_emelie.png 640w\" sizes=\"auto, (max-width: 300px) 100vw, 300px\" \/><\/a><p id=\"caption-attachment-3097\" class=\"wp-caption-text\">Emelie Nordqvist 2019-09-19<\/p><\/div>\n<div id=\"attachment_3098\" style=\"width: 235px\" class=\"wp-caption aligncenter\"><a href=\"https:\/\/familjen.larsen.vc\/wp-content\/uploads\/2019\/09\/20190919_zelda.jpg\"><img loading=\"lazy\" decoding=\"async\" aria-describedby=\"caption-attachment-3098\" class=\"size-medium wp-image-3098\" src=\"https:\/\/familjen.larsen.vc\/wp-content\/uploads\/2019\/09\/20190919_zelda-225x300.jpg\" alt=\"\" width=\"225\" height=\"300\" srcset=\"https:\/\/familjen.larsen.vc\/wp-content\/uploads\/2019\/09\/20190919_zelda-225x300.jpg 225w, https:\/\/familjen.larsen.vc\/wp-content\/uploads\/2019\/09\/20190919_zelda.jpg 750w\" sizes=\"auto, (max-width: 225px) 100vw, 225px\" \/><\/a><p id=\"caption-attachment-3098\" class=\"wp-caption-text\">Emelie Nordqvist &amp; Zelda<\/p><\/div>\n","protected":false},"excerpt":{"rendered":"<p>Torsdagen, v\u00e5r fj\u00e4rde dag p\u00e5 vandring och alla v\u00e5ra tio deltagare har kommit ig\u00e5ng. Jag m\u00e5ste s\u00e4ga att jag \u00e4r imponerad av era insatser och er inst\u00e4llning! Morgonen startade med att Emelie Nordqvist tog en kort tur p\u00e5 1,24 km med sin hund Zelda. Kort d\u00e4refter f\u00f6ljde Niclas Engdahl som nu joggade och klarade av [&hellip;]<\/p>\n","protected":false},"author":1,"featured_media":3035,"comment_status":"open","ping_status":"open","sticky":false,"template":"","format":"standard","meta":{"footnotes":""},"categories":[122,127],"tags":[],"class_list":["post-3091","post","type-post","status-publish","format-standard","has-post-thumbnail","hentry","category-motion","category-sverige-runt-2020"],"_links":{"self":[{"href":"https:\/\/familjen.larsen.vc\/index.php?rest_route=\/wp\/v2\/posts\/3091","targetHints":{"allow":["GET"]}}],"collection":[{"href":"https:\/\/familjen.larsen.vc\/index.php?rest_route=\/wp\/v2\/posts"}],"about":[{"href":"https:\/\/familjen.larsen.vc\/index.php?rest_route=\/wp\/v2\/types\/post"}],"author":[{"embeddable":true,"href":"https:\/\/familjen.larsen.vc\/index.php?rest_route=\/wp\/v2\/users\/1"}],"replies":[{"embeddable":true,"href":"https:\/\/familjen.larsen.vc\/index.php?rest_route=%2Fwp%2Fv2%2Fcomments&post=3091"}],"version-history":[{"count":4,"href":"https:\/\/familjen.larsen.vc\/index.php?rest_route=\/wp\/v2\/posts\/3091\/revisions"}],"predecessor-version":[{"id":3101,"href":"https:\/\/familjen.larsen.vc\/index.php?rest_route=\/wp\/v2\/posts\/3091\/revisions\/3101"}],"wp:featuredmedia":[{"embeddable":true,"href":"https:\/\/familjen.larsen.vc\/index.php?rest_route=\/wp\/v2\/media\/3035"}],"wp:attachment":[{"href":"https:\/\/familjen.larsen.vc\/index.php?rest_route=%2Fwp%2Fv2%2Fmedia&parent=3091"}],"wp:term":[{"taxonomy":"category","embeddable":true,"href":"https:\/\/familjen.larsen.vc\/index.php?rest_route=%2Fwp%2Fv2%2Fcategories&post=3091"},{"taxonomy":"post_tag","embeddable":true,"href":"https:\/\/familjen.larsen.vc\/index.php?rest_route=%2Fwp%2Fv2%2Ftags&post=3091"}],"curies":[{"name":"wp","href":"https:\/\/api.w.org\/{rel}","templated":true}]}}