{"id":3051,"date":"2019-09-16T18:26:32","date_gmt":"2019-09-16T17:26:32","guid":{"rendered":"http:\/\/familjen.larsen.vc\/?p=3051"},"modified":"2019-09-16T19:34:51","modified_gmt":"2019-09-16T18:34:51","slug":"forsta-dagens-strapatser","status":"publish","type":"post","link":"https:\/\/familjen.larsen.vc\/?p=3051","title":{"rendered":"F\u00f6rsta dagens strapatser"},"content":{"rendered":"<p>F\u00f6rst ut denna morgon var Emelie Sassler som gick hela 0,93 km med sin hund Dexter. Kort d\u00e4rp\u00e5 drog Niclas ig\u00e5ng ordentligt och avverkade 5,3 km. D\u00e4refter klampade Kalle Sj\u00f6gren p\u00e5 och gjorde sitt med sina 7,82 km.<\/p>\n<p>H\u00e4r blev det en liten paus, d\u00e5 flera av oss hade ett jobb att sk\u00f6ta.<\/p>\n<p>J\u00f6rgen Larsen startade mjukt med 0,89 km och under tiden han handlade, passade Kalle Sj\u00f6gren p\u00e5 att g\u00e5 ytterligare 5,21 km! J\u00f6rgen tog en omv\u00e4g hem och fick till slut ihop \u00e4nnu n\u00e5gra meter med sina 1,92 km.<\/p>\n<p>D\u00e4refter gjorde Camilla sitt och gick hela 5,61 km.<\/p>\n<p>Mattias Larsen tog en kv\u00e4llsrunda och gick den f\u00f6r honom hittills l\u00e4ngsta str\u00e4ckan d\u00e5 han avverkade hela 4,05 km.<\/p>\n<p>Lasse Lindberg gjorde sitt p\u00e5 l\u00f6pbandet och gjorde 7,89 km.<\/p>\n<p>Niclas k\u00e4nde sig inspirerad och tog sig ut \u00e4nnu en runda denna m\u00e5ndag och gick hela 4,7 km.<\/p>\n<p>Sidan kommer att uppdateras efter kl. 23:59 varje dag, med totalstr\u00e4cka och kartor n\u00e4stkommande dag.<\/p>\n<div id=\"attachment_3050\" style=\"width: 310px\" class=\"wp-caption aligncenter\"><a href=\"https:\/\/familjen.larsen.vc\/wp-content\/uploads\/2019\/09\/sassler_20190916.png\"><img loading=\"lazy\" decoding=\"async\" aria-describedby=\"caption-attachment-3050\" class=\"size-medium wp-image-3050\" src=\"https:\/\/familjen.larsen.vc\/wp-content\/uploads\/2019\/09\/sassler_20190916-300x300.png\" alt=\"\" width=\"300\" height=\"300\" srcset=\"https:\/\/familjen.larsen.vc\/wp-content\/uploads\/2019\/09\/sassler_20190916-300x300.png 300w, https:\/\/familjen.larsen.vc\/wp-content\/uploads\/2019\/09\/sassler_20190916-150x150.png 150w, https:\/\/familjen.larsen.vc\/wp-content\/uploads\/2019\/09\/sassler_20190916-768x768.png 768w, https:\/\/familjen.larsen.vc\/wp-content\/uploads\/2019\/09\/sassler_20190916-1024x1024.png 1024w, https:\/\/familjen.larsen.vc\/wp-content\/uploads\/2019\/09\/sassler_20190916.png 1312w\" sizes=\"auto, (max-width: 300px) 100vw, 300px\" \/><\/a><p id=\"caption-attachment-3050\" class=\"wp-caption-text\">Emelie Sassler 2019-09-16<\/p><\/div>\n<div id=\"attachment_3049\" style=\"width: 310px\" class=\"wp-caption aligncenter\"><a href=\"https:\/\/familjen.larsen.vc\/wp-content\/uploads\/2019\/09\/engdahl_20190916.jpg\"><img loading=\"lazy\" decoding=\"async\" aria-describedby=\"caption-attachment-3049\" class=\"size-medium wp-image-3049\" src=\"https:\/\/familjen.larsen.vc\/wp-content\/uploads\/2019\/09\/engdahl_20190916-300x300.jpg\" alt=\"\" width=\"300\" height=\"300\" srcset=\"https:\/\/familjen.larsen.vc\/wp-content\/uploads\/2019\/09\/engdahl_20190916-300x300.jpg 300w, https:\/\/familjen.larsen.vc\/wp-content\/uploads\/2019\/09\/engdahl_20190916-150x150.jpg 150w, https:\/\/familjen.larsen.vc\/wp-content\/uploads\/2019\/09\/engdahl_20190916-768x768.jpg 768w, https:\/\/familjen.larsen.vc\/wp-content\/uploads\/2019\/09\/engdahl_20190916-1024x1024.jpg 1024w, https:\/\/familjen.larsen.vc\/wp-content\/uploads\/2019\/09\/engdahl_20190916.jpg 1212w\" sizes=\"auto, (max-width: 300px) 100vw, 300px\" \/><\/a><p id=\"caption-attachment-3049\" class=\"wp-caption-text\">Niclas Engdahl 2019-09-16<\/p><\/div>\n<div id=\"attachment_3048\" style=\"width: 310px\" class=\"wp-caption aligncenter\"><a href=\"https:\/\/familjen.larsen.vc\/wp-content\/uploads\/2019\/09\/kalle_20190916_1.jpg\"><img loading=\"lazy\" decoding=\"async\" aria-describedby=\"caption-attachment-3048\" class=\"size-medium wp-image-3048\" src=\"https:\/\/familjen.larsen.vc\/wp-content\/uploads\/2019\/09\/kalle_20190916_1-300x300.jpg\" alt=\"\" width=\"300\" height=\"300\" srcset=\"https:\/\/familjen.larsen.vc\/wp-content\/uploads\/2019\/09\/kalle_20190916_1-300x300.jpg 300w, https:\/\/familjen.larsen.vc\/wp-content\/uploads\/2019\/09\/kalle_20190916_1-150x150.jpg 150w, https:\/\/familjen.larsen.vc\/wp-content\/uploads\/2019\/09\/kalle_20190916_1-768x768.jpg 768w, https:\/\/familjen.larsen.vc\/wp-content\/uploads\/2019\/09\/kalle_20190916_1.jpg 1024w\" sizes=\"auto, (max-width: 300px) 100vw, 300px\" \/><\/a><p id=\"caption-attachment-3048\" class=\"wp-caption-text\">Kalle Sj\u00f6gren 2019-09-16_1<\/p><\/div>\n<div id=\"attachment_3046\" style=\"width: 310px\" class=\"wp-caption aligncenter\"><a href=\"https:\/\/familjen.larsen.vc\/wp-content\/uploads\/2019\/09\/jorgen_20190916_1.png\"><img loading=\"lazy\" decoding=\"async\" aria-describedby=\"caption-attachment-3046\" class=\"size-medium wp-image-3046\" src=\"https:\/\/familjen.larsen.vc\/wp-content\/uploads\/2019\/09\/jorgen_20190916_1-300x300.png\" alt=\"\" width=\"300\" height=\"300\" srcset=\"https:\/\/familjen.larsen.vc\/wp-content\/uploads\/2019\/09\/jorgen_20190916_1-300x300.png 300w, https:\/\/familjen.larsen.vc\/wp-content\/uploads\/2019\/09\/jorgen_20190916_1-150x150.png 150w, https:\/\/familjen.larsen.vc\/wp-content\/uploads\/2019\/09\/jorgen_20190916_1-768x768.png 768w, https:\/\/familjen.larsen.vc\/wp-content\/uploads\/2019\/09\/jorgen_20190916_1-1024x1024.png 1024w, https:\/\/familjen.larsen.vc\/wp-content\/uploads\/2019\/09\/jorgen_20190916_1.png 1089w\" sizes=\"auto, (max-width: 300px) 100vw, 300px\" \/><\/a><p id=\"caption-attachment-3046\" class=\"wp-caption-text\">J\u00f6rgen Larsen 2019-09-16_1<\/p><\/div>\n<div id=\"attachment_3047\" style=\"width: 310px\" class=\"wp-caption aligncenter\"><a href=\"https:\/\/familjen.larsen.vc\/wp-content\/uploads\/2019\/09\/kalle_20190916_2.jpg\"><img loading=\"lazy\" decoding=\"async\" aria-describedby=\"caption-attachment-3047\" class=\"size-medium wp-image-3047\" src=\"https:\/\/familjen.larsen.vc\/wp-content\/uploads\/2019\/09\/kalle_20190916_2-300x300.jpg\" alt=\"\" width=\"300\" height=\"300\" srcset=\"https:\/\/familjen.larsen.vc\/wp-content\/uploads\/2019\/09\/kalle_20190916_2-300x300.jpg 300w, https:\/\/familjen.larsen.vc\/wp-content\/uploads\/2019\/09\/kalle_20190916_2-150x150.jpg 150w, https:\/\/familjen.larsen.vc\/wp-content\/uploads\/2019\/09\/kalle_20190916_2-768x768.jpg 768w, https:\/\/familjen.larsen.vc\/wp-content\/uploads\/2019\/09\/kalle_20190916_2.jpg 1024w\" sizes=\"auto, (max-width: 300px) 100vw, 300px\" \/><\/a><p id=\"caption-attachment-3047\" class=\"wp-caption-text\">Kalle Sj\u00f6gren 2019-09-16_2<\/p><\/div>\n<div id=\"attachment_3045\" style=\"width: 310px\" class=\"wp-caption aligncenter\"><a href=\"https:\/\/familjen.larsen.vc\/wp-content\/uploads\/2019\/09\/jorgen_20190916_2.png\"><img loading=\"lazy\" decoding=\"async\" aria-describedby=\"caption-attachment-3045\" class=\"size-medium wp-image-3045\" src=\"https:\/\/familjen.larsen.vc\/wp-content\/uploads\/2019\/09\/jorgen_20190916_2-300x300.png\" alt=\"\" width=\"300\" height=\"300\" srcset=\"https:\/\/familjen.larsen.vc\/wp-content\/uploads\/2019\/09\/jorgen_20190916_2-300x300.png 300w, https:\/\/familjen.larsen.vc\/wp-content\/uploads\/2019\/09\/jorgen_20190916_2-150x150.png 150w, https:\/\/familjen.larsen.vc\/wp-content\/uploads\/2019\/09\/jorgen_20190916_2-768x768.png 768w, https:\/\/familjen.larsen.vc\/wp-content\/uploads\/2019\/09\/jorgen_20190916_2-1024x1024.png 1024w, https:\/\/familjen.larsen.vc\/wp-content\/uploads\/2019\/09\/jorgen_20190916_2.png 1089w\" sizes=\"auto, (max-width: 300px) 100vw, 300px\" \/><\/a><p id=\"caption-attachment-3045\" class=\"wp-caption-text\">J\u00f6rgen Larsen 2019-09-16_2<\/p><\/div>\n<div id=\"attachment_3052\" style=\"width: 310px\" class=\"wp-caption aligncenter\"><a href=\"https:\/\/familjen.larsen.vc\/wp-content\/uploads\/2019\/09\/linander_20190916.jpg\"><img loading=\"lazy\" decoding=\"async\" aria-describedby=\"caption-attachment-3052\" class=\"size-medium wp-image-3052\" src=\"https:\/\/familjen.larsen.vc\/wp-content\/uploads\/2019\/09\/linander_20190916-300x300.jpg\" alt=\"\" width=\"300\" height=\"300\" srcset=\"https:\/\/familjen.larsen.vc\/wp-content\/uploads\/2019\/09\/linander_20190916-300x300.jpg 300w, https:\/\/familjen.larsen.vc\/wp-content\/uploads\/2019\/09\/linander_20190916-150x150.jpg 150w, https:\/\/familjen.larsen.vc\/wp-content\/uploads\/2019\/09\/linander_20190916-768x768.jpg 768w, https:\/\/familjen.larsen.vc\/wp-content\/uploads\/2019\/09\/linander_20190916-1024x1024.jpg 1024w, https:\/\/familjen.larsen.vc\/wp-content\/uploads\/2019\/09\/linander_20190916.jpg 1089w\" sizes=\"auto, (max-width: 300px) 100vw, 300px\" \/><\/a><p id=\"caption-attachment-3052\" class=\"wp-caption-text\">Camilla Linander 2019-09-16<\/p><\/div>\n<div id=\"attachment_3056\" style=\"width: 310px\" class=\"wp-caption aligncenter\"><a href=\"https:\/\/familjen.larsen.vc\/wp-content\/uploads\/2019\/09\/mattias_20190916.png\"><img loading=\"lazy\" decoding=\"async\" aria-describedby=\"caption-attachment-3056\" class=\"size-medium wp-image-3056\" src=\"https:\/\/familjen.larsen.vc\/wp-content\/uploads\/2019\/09\/mattias_20190916-300x300.png\" alt=\"\" width=\"300\" height=\"300\" srcset=\"https:\/\/familjen.larsen.vc\/wp-content\/uploads\/2019\/09\/mattias_20190916-300x300.png 300w, https:\/\/familjen.larsen.vc\/wp-content\/uploads\/2019\/09\/mattias_20190916-150x150.png 150w, https:\/\/familjen.larsen.vc\/wp-content\/uploads\/2019\/09\/mattias_20190916-768x768.png 768w, https:\/\/familjen.larsen.vc\/wp-content\/uploads\/2019\/09\/mattias_20190916-1024x1024.png 1024w, https:\/\/familjen.larsen.vc\/wp-content\/uploads\/2019\/09\/mattias_20190916.png 1312w\" sizes=\"auto, (max-width: 300px) 100vw, 300px\" \/><\/a><p id=\"caption-attachment-3056\" class=\"wp-caption-text\">Mattias Larsen 2019-09-16<\/p><\/div>\n<div id=\"attachment_3058\" style=\"width: 235px\" class=\"wp-caption aligncenter\"><a href=\"https:\/\/familjen.larsen.vc\/wp-content\/uploads\/2019\/09\/lindberg_20190916_band-e1568656828973.jpg\"><img loading=\"lazy\" decoding=\"async\" aria-describedby=\"caption-attachment-3058\" class=\"size-medium wp-image-3058\" src=\"https:\/\/familjen.larsen.vc\/wp-content\/uploads\/2019\/09\/lindberg_20190916_band-e1568656828973-225x300.jpg\" alt=\"\" width=\"225\" height=\"300\" srcset=\"https:\/\/familjen.larsen.vc\/wp-content\/uploads\/2019\/09\/lindberg_20190916_band-e1568656828973-225x300.jpg 225w, https:\/\/familjen.larsen.vc\/wp-content\/uploads\/2019\/09\/lindberg_20190916_band-e1568656828973-768x1024.jpg 768w\" sizes=\"auto, (max-width: 225px) 100vw, 225px\" \/><\/a><p id=\"caption-attachment-3058\" class=\"wp-caption-text\">Lasse Lindberg L\u00f6pband 2019-09-16<\/p><\/div>\n<div id=\"attachment_3059\" style=\"width: 310px\" class=\"wp-caption aligncenter\"><a href=\"https:\/\/familjen.larsen.vc\/wp-content\/uploads\/2019\/09\/lindberg_20190916_rk.jpg\"><img loading=\"lazy\" decoding=\"async\" aria-describedby=\"caption-attachment-3059\" class=\"size-medium wp-image-3059\" src=\"https:\/\/familjen.larsen.vc\/wp-content\/uploads\/2019\/09\/lindberg_20190916_rk-300x300.jpg\" alt=\"\" width=\"300\" height=\"300\" srcset=\"https:\/\/familjen.larsen.vc\/wp-content\/uploads\/2019\/09\/lindberg_20190916_rk-300x300.jpg 300w, https:\/\/familjen.larsen.vc\/wp-content\/uploads\/2019\/09\/lindberg_20190916_rk-150x150.jpg 150w, https:\/\/familjen.larsen.vc\/wp-content\/uploads\/2019\/09\/lindberg_20190916_rk-768x768.jpg 768w, https:\/\/familjen.larsen.vc\/wp-content\/uploads\/2019\/09\/lindberg_20190916_rk-1024x1024.jpg 1024w, https:\/\/familjen.larsen.vc\/wp-content\/uploads\/2019\/09\/lindberg_20190916_rk.jpg 1089w\" sizes=\"auto, (max-width: 300px) 100vw, 300px\" \/><\/a><p id=\"caption-attachment-3059\" class=\"wp-caption-text\">Lasse Lindberg 2019-09-16<\/p><\/div>\n<div id=\"attachment_3062\" style=\"width: 310px\" class=\"wp-caption aligncenter\"><a href=\"https:\/\/familjen.larsen.vc\/wp-content\/uploads\/2019\/09\/engdahl_20190916_2.jpg\"><img loading=\"lazy\" decoding=\"async\" aria-describedby=\"caption-attachment-3062\" class=\"size-medium wp-image-3062\" src=\"https:\/\/familjen.larsen.vc\/wp-content\/uploads\/2019\/09\/engdahl_20190916_2-300x300.jpg\" alt=\"\" width=\"300\" height=\"300\" srcset=\"https:\/\/familjen.larsen.vc\/wp-content\/uploads\/2019\/09\/engdahl_20190916_2-300x300.jpg 300w, https:\/\/familjen.larsen.vc\/wp-content\/uploads\/2019\/09\/engdahl_20190916_2-150x150.jpg 150w, https:\/\/familjen.larsen.vc\/wp-content\/uploads\/2019\/09\/engdahl_20190916_2-768x768.jpg 768w, https:\/\/familjen.larsen.vc\/wp-content\/uploads\/2019\/09\/engdahl_20190916_2-1024x1024.jpg 1024w, https:\/\/familjen.larsen.vc\/wp-content\/uploads\/2019\/09\/engdahl_20190916_2.jpg 1212w\" sizes=\"auto, (max-width: 300px) 100vw, 300px\" \/><\/a><p id=\"caption-attachment-3062\" class=\"wp-caption-text\">Niclas Engdahl 2019-09-16<\/p><\/div>\n","protected":false},"excerpt":{"rendered":"<p>F\u00f6rst ut denna morgon var Emelie Sassler som gick hela 0,93 km med sin hund Dexter. Kort d\u00e4rp\u00e5 drog Niclas ig\u00e5ng ordentligt och avverkade 5,3 km. D\u00e4refter klampade Kalle Sj\u00f6gren p\u00e5 och gjorde sitt med sina 7,82 km. H\u00e4r blev det en liten paus, d\u00e5 flera av oss hade ett jobb att sk\u00f6ta. J\u00f6rgen Larsen [&hellip;]<\/p>\n","protected":false},"author":1,"featured_media":3035,"comment_status":"open","ping_status":"open","sticky":false,"template":"","format":"standard","meta":{"footnotes":""},"categories":[122,127],"tags":[],"class_list":["post-3051","post","type-post","status-publish","format-standard","has-post-thumbnail","hentry","category-motion","category-sverige-runt-2020"],"_links":{"self":[{"href":"https:\/\/familjen.larsen.vc\/index.php?rest_route=\/wp\/v2\/posts\/3051","targetHints":{"allow":["GET"]}}],"collection":[{"href":"https:\/\/familjen.larsen.vc\/index.php?rest_route=\/wp\/v2\/posts"}],"about":[{"href":"https:\/\/familjen.larsen.vc\/index.php?rest_route=\/wp\/v2\/types\/post"}],"author":[{"embeddable":true,"href":"https:\/\/familjen.larsen.vc\/index.php?rest_route=\/wp\/v2\/users\/1"}],"replies":[{"embeddable":true,"href":"https:\/\/familjen.larsen.vc\/index.php?rest_route=%2Fwp%2Fv2%2Fcomments&post=3051"}],"version-history":[{"count":5,"href":"https:\/\/familjen.larsen.vc\/index.php?rest_route=\/wp\/v2\/posts\/3051\/revisions"}],"predecessor-version":[{"id":3063,"href":"https:\/\/familjen.larsen.vc\/index.php?rest_route=\/wp\/v2\/posts\/3051\/revisions\/3063"}],"wp:featuredmedia":[{"embeddable":true,"href":"https:\/\/familjen.larsen.vc\/index.php?rest_route=\/wp\/v2\/media\/3035"}],"wp:attachment":[{"href":"https:\/\/familjen.larsen.vc\/index.php?rest_route=%2Fwp%2Fv2%2Fmedia&parent=3051"}],"wp:term":[{"taxonomy":"category","embeddable":true,"href":"https:\/\/familjen.larsen.vc\/index.php?rest_route=%2Fwp%2Fv2%2Fcategories&post=3051"},{"taxonomy":"post_tag","embeddable":true,"href":"https:\/\/familjen.larsen.vc\/index.php?rest_route=%2Fwp%2Fv2%2Ftags&post=3051"}],"curies":[{"name":"wp","href":"https:\/\/api.w.org\/{rel}","templated":true}]}}