{"id":2757,"date":"2019-04-18T23:30:30","date_gmt":"2019-04-18T22:30:30","guid":{"rendered":"http:\/\/familjen.larsen.vc\/?p=2757"},"modified":"2019-04-19T17:16:59","modified_gmt":"2019-04-19T16:16:59","slug":"skartorsdag-ankomstdag","status":"publish","type":"post","link":"https:\/\/familjen.larsen.vc\/?p=2757","title":{"rendered":"Sk\u00e4rtorsdag &#8211; Ankomstdag"},"content":{"rendered":"<p>Idag var det dags att bege sig till Lalandia R\u00f8dby, vilket innebar en resa i bil p\u00e5 ganska exakt 2-timmar.<\/p>\n<p>Tina k\u00f6rde i sin bil SWF-711, med Ellie och Elvira och en hel del packning. Magnus k\u00f6rde i deras r\u00f6da Volvo, med Emelie, Gabriel,Samuel och Felicia. De k\u00f6rde fr\u00e5n Byg\u00e4rdesv\u00e4gen kl. 14:05.<\/p>\n<p>Sj\u00e4lv v\u00e4ntade jag p\u00e5 Elias och Josse som slutade jobba n\u00e5got senare och var p\u00e5 plats vid 14:30. Vi k\u00f6rde i min r\u00f6da Dacia FAF-535.<\/p>\n<p>Trafiken var helt OK, s\u00e5 det rullade p\u00e5 i laglig takt. Ganska exakt 2-timmar senare rullade vi in vid huset B207 och B208, d\u00e4r Tina &amp; Co redan checkat in oss och ganska nyligen anl\u00e4nt.<\/p>\n<p>Tina lagade mat till oss alla som sedan intogs ute i den s\u00e5 kallade tr\u00e4dg\u00e5rden.<\/p>\n<p><img loading=\"lazy\" decoding=\"async\" class=\"aligncenter size-medium wp-image-2761\" src=\"https:\/\/familjen.larsen.vc\/wp-content\/uploads\/2019\/04\/IMG_5430-300x200.jpg\" alt=\"\" width=\"300\" height=\"200\" srcset=\"https:\/\/familjen.larsen.vc\/wp-content\/uploads\/2019\/04\/IMG_5430-300x200.jpg 300w, https:\/\/familjen.larsen.vc\/wp-content\/uploads\/2019\/04\/IMG_5430-768x512.jpg 768w, https:\/\/familjen.larsen.vc\/wp-content\/uploads\/2019\/04\/IMG_5430-1024x683.jpg 1024w\" sizes=\"auto, (max-width: 300px) 100vw, 300px\" \/> <img loading=\"lazy\" decoding=\"async\" class=\"aligncenter size-medium wp-image-2762\" src=\"https:\/\/familjen.larsen.vc\/wp-content\/uploads\/2019\/04\/IMG_5433-300x200.jpg\" alt=\"\" width=\"300\" height=\"200\" srcset=\"https:\/\/familjen.larsen.vc\/wp-content\/uploads\/2019\/04\/IMG_5433-300x200.jpg 300w, https:\/\/familjen.larsen.vc\/wp-content\/uploads\/2019\/04\/IMG_5433-768x512.jpg 768w, https:\/\/familjen.larsen.vc\/wp-content\/uploads\/2019\/04\/IMG_5433-1024x683.jpg 1024w\" sizes=\"auto, (max-width: 300px) 100vw, 300px\" \/><\/p>\n<p>Efter maten, begav Magnus och jag oss av mot f\u00e4rjel\u00e4get och checkade in f\u00f6r en resa \u00f6ver till Tyskland. Vi kom med f\u00e4rjan Deutschland kl. 19:15. Denna resa var gratis, d\u00e5 vi fick den av Lalandia!<\/p>\n<p>Det inhandlades en hel del starkdrycker, fast det mesta var f\u00f6r gillets r\u00e4kning. Dessutom k\u00f6ptes det en del \u00f6l till femkampen.<\/p>\n<p>Det blev \u00e4ven en del godis \ud83d\ude42<\/p>\n<p>F\u00e4rjan tillbaka till R\u00f8dby gick kl. 21:15 och vi k\u00f6rde iland vid 22:00.<\/p>\n<p>V\u00e4l tillbaka till stugan, blev det en del TV-tittande innan vertikalt l\u00e4ge intogs i sovrummet p\u00e5 andra v\u00e5ningen.<\/p>\n","protected":false},"excerpt":{"rendered":"<p>Idag var det dags att bege sig till Lalandia R\u00f8dby, vilket innebar en resa i bil p\u00e5 ganska exakt 2-timmar. Tina k\u00f6rde i sin bil SWF-711, med Ellie och Elvira och en hel del packning. Magnus k\u00f6rde i deras r\u00f6da Volvo, med Emelie, Gabriel,Samuel och Felicia. De k\u00f6rde fr\u00e5n Byg\u00e4rdesv\u00e4gen kl. 14:05. Sj\u00e4lv v\u00e4ntade jag [&hellip;]<\/p>\n","protected":false},"author":1,"featured_media":1630,"comment_status":"open","ping_status":"open","sticky":false,"template":"","format":"standard","meta":{"footnotes":""},"categories":[106],"tags":[],"class_list":["post-2757","post","type-post","status-publish","format-standard","has-post-thumbnail","hentry","category-lalandia-rodby-2019"],"_links":{"self":[{"href":"https:\/\/familjen.larsen.vc\/index.php?rest_route=\/wp\/v2\/posts\/2757","targetHints":{"allow":["GET"]}}],"collection":[{"href":"https:\/\/familjen.larsen.vc\/index.php?rest_route=\/wp\/v2\/posts"}],"about":[{"href":"https:\/\/familjen.larsen.vc\/index.php?rest_route=\/wp\/v2\/types\/post"}],"author":[{"embeddable":true,"href":"https:\/\/familjen.larsen.vc\/index.php?rest_route=\/wp\/v2\/users\/1"}],"replies":[{"embeddable":true,"href":"https:\/\/familjen.larsen.vc\/index.php?rest_route=%2Fwp%2Fv2%2Fcomments&post=2757"}],"version-history":[{"count":3,"href":"https:\/\/familjen.larsen.vc\/index.php?rest_route=\/wp\/v2\/posts\/2757\/revisions"}],"predecessor-version":[{"id":2763,"href":"https:\/\/familjen.larsen.vc\/index.php?rest_route=\/wp\/v2\/posts\/2757\/revisions\/2763"}],"wp:featuredmedia":[{"embeddable":true,"href":"https:\/\/familjen.larsen.vc\/index.php?rest_route=\/wp\/v2\/media\/1630"}],"wp:attachment":[{"href":"https:\/\/familjen.larsen.vc\/index.php?rest_route=%2Fwp%2Fv2%2Fmedia&parent=2757"}],"wp:term":[{"taxonomy":"category","embeddable":true,"href":"https:\/\/familjen.larsen.vc\/index.php?rest_route=%2Fwp%2Fv2%2Fcategories&post=2757"},{"taxonomy":"post_tag","embeddable":true,"href":"https:\/\/familjen.larsen.vc\/index.php?rest_route=%2Fwp%2Fv2%2Ftags&post=2757"}],"curies":[{"name":"wp","href":"https:\/\/api.w.org\/{rel}","templated":true}]}}