{"id":2634,"date":"2019-01-14T22:28:36","date_gmt":"2019-01-14T21:28:36","guid":{"rendered":"http:\/\/familjen.larsen.vc\/?p=2634"},"modified":"2019-01-17T16:42:39","modified_gmt":"2019-01-17T15:42:39","slug":"ganget-samlat-pa-toughest-lab","status":"publish","type":"post","link":"https:\/\/familjen.larsen.vc\/?p=2634","title":{"rendered":"G\u00e4nget samlat p\u00e5 Toughest LAB"},"content":{"rendered":"<p>2018-01-14<\/p>\n<p>Denna m\u00e5ndag blev det till att ta sig hem fr\u00e5n jobb, byta om till tr\u00e4ningskl\u00e4der och tillsammans med Elvira bege sig till Kirseberg och gamla Teater 23:s lokaler, d\u00e4r Toughest LAB idag huserar.<\/p>\n<p>Andra g\u00e5ngen f\u00f6r Elvira och mig, f\u00f6rsta g\u00e5ngen f\u00f6r Lars Lindberg och Simon Larsen. Vilken g\u00e5ng i ordningen f\u00f6r Magnus vet jag inte, men denna kv\u00e4ll var vi alla samlade f\u00f6r att tillsammans testa p\u00e5 n\u00e5gra av de hindren vi st\u00e4lls inf\u00f6r under sommarens race.<\/p>\n<p>Elvira slog sig h\u00e5rt i br\u00f6stet och var inte s\u00e5 sugen p\u00e5 att forts\u00e4tta efter det. Sj\u00e4lv landade jag fel med min redan skadade fot och gjorde den riktigt illa nu, s\u00e5 det tog en stund innan jag kunde st\u00f6dja p\u00e5 den. Det blev inte s\u00e5 m\u00e5nga fler hinder f\u00f6r mig efter det, men Simon och Lars, samt Magnus k\u00e4mpade p\u00e5 och var riktigt duktiga.<\/p>\n<div id=\"attachment_2635\" style=\"width: 310px\" class=\"wp-caption aligncenter\"><img loading=\"lazy\" decoding=\"async\" aria-describedby=\"caption-attachment-2635\" class=\"size-medium wp-image-2635\" src=\"https:\/\/familjen.larsen.vc\/wp-content\/uploads\/2019\/01\/IMG_0110-300x225.jpg\" alt=\"\" width=\"300\" height=\"225\" srcset=\"https:\/\/familjen.larsen.vc\/wp-content\/uploads\/2019\/01\/IMG_0110-300x225.jpg 300w, https:\/\/familjen.larsen.vc\/wp-content\/uploads\/2019\/01\/IMG_0110-768x577.jpg 768w, https:\/\/familjen.larsen.vc\/wp-content\/uploads\/2019\/01\/IMG_0110-1024x769.jpg 1024w\" sizes=\"auto, (max-width: 300px) 100vw, 300px\" \/><p id=\"caption-attachment-2635\" class=\"wp-caption-text\">ADEPTUS ASTARTES<\/p><\/div>\n<p>N\u00e4r vi kom hem, blev det till att linda foten och h\u00e5lla den i h\u00f6gl\u00e4ge. F\u00e5r nog vila ett par dagar fr\u00e5n l\u00f6pningen nu igen!!! \ud83d\ude41<\/p>\n<p>Vi ger aldrig upp!<\/p>\n","protected":false},"excerpt":{"rendered":"<p>2018-01-14 Denna m\u00e5ndag blev det till att ta sig hem fr\u00e5n jobb, byta om till tr\u00e4ningskl\u00e4der och tillsammans med Elvira bege sig till Kirseberg och gamla Teater 23:s lokaler, d\u00e4r Toughest LAB idag huserar. Andra g\u00e5ngen f\u00f6r Elvira och mig, f\u00f6rsta g\u00e5ngen f\u00f6r Lars Lindberg och Simon Larsen. Vilken g\u00e5ng i ordningen f\u00f6r Magnus vet [&hellip;]<\/p>\n","protected":false},"author":1,"featured_media":2505,"comment_status":"open","ping_status":"open","sticky":false,"template":"","format":"standard","meta":{"footnotes":""},"categories":[94,92],"tags":[],"class_list":["post-2634","post","type-post","status-publish","format-standard","has-post-thumbnail","hentry","category-94","category-toughest"],"_links":{"self":[{"href":"https:\/\/familjen.larsen.vc\/index.php?rest_route=\/wp\/v2\/posts\/2634","targetHints":{"allow":["GET"]}}],"collection":[{"href":"https:\/\/familjen.larsen.vc\/index.php?rest_route=\/wp\/v2\/posts"}],"about":[{"href":"https:\/\/familjen.larsen.vc\/index.php?rest_route=\/wp\/v2\/types\/post"}],"author":[{"embeddable":true,"href":"https:\/\/familjen.larsen.vc\/index.php?rest_route=\/wp\/v2\/users\/1"}],"replies":[{"embeddable":true,"href":"https:\/\/familjen.larsen.vc\/index.php?rest_route=%2Fwp%2Fv2%2Fcomments&post=2634"}],"version-history":[{"count":1,"href":"https:\/\/familjen.larsen.vc\/index.php?rest_route=\/wp\/v2\/posts\/2634\/revisions"}],"predecessor-version":[{"id":2636,"href":"https:\/\/familjen.larsen.vc\/index.php?rest_route=\/wp\/v2\/posts\/2634\/revisions\/2636"}],"wp:featuredmedia":[{"embeddable":true,"href":"https:\/\/familjen.larsen.vc\/index.php?rest_route=\/wp\/v2\/media\/2505"}],"wp:attachment":[{"href":"https:\/\/familjen.larsen.vc\/index.php?rest_route=%2Fwp%2Fv2%2Fmedia&parent=2634"}],"wp:term":[{"taxonomy":"category","embeddable":true,"href":"https:\/\/familjen.larsen.vc\/index.php?rest_route=%2Fwp%2Fv2%2Fcategories&post=2634"},{"taxonomy":"post_tag","embeddable":true,"href":"https:\/\/familjen.larsen.vc\/index.php?rest_route=%2Fwp%2Fv2%2Ftags&post=2634"}],"curies":[{"name":"wp","href":"https:\/\/api.w.org\/{rel}","templated":true}]}}