{"id":1927,"date":"2016-03-26T21:40:36","date_gmt":"2016-03-26T20:40:36","guid":{"rendered":"http:\/\/familjen.larsen.vc\/?p=1927"},"modified":"2016-03-27T11:41:47","modified_gmt":"2016-03-27T10:41:47","slug":"jorgen-tinas-efterdyningar","status":"publish","type":"post","link":"https:\/\/familjen.larsen.vc\/?p=1927","title":{"rendered":"J\u00f6rgen &#038; Tina&#8217;s efterdyningar"},"content":{"rendered":"<p style=\"text-align: center;\">Sista g\u00e4sterna har l\u00e4mnat och endast st\u00e4dning \u00e5terst\u00e5r.<\/p>\n<p style=\"text-align: center;\"><img loading=\"lazy\" decoding=\"async\" class=\"aligncenter size-medium wp-image-1928\" src=\"https:\/\/familjen.larsen.vc\/wp-content\/uploads\/2016\/03\/IMG_0904_red-300x220.jpg\" alt=\"IMG_0904_red\" width=\"300\" height=\"220\" srcset=\"https:\/\/familjen.larsen.vc\/wp-content\/uploads\/2016\/03\/IMG_0904_red-300x220.jpg 300w, https:\/\/familjen.larsen.vc\/wp-content\/uploads\/2016\/03\/IMG_0904_red-768x562.jpg 768w, https:\/\/familjen.larsen.vc\/wp-content\/uploads\/2016\/03\/IMG_0904_red.jpg 896w\" sizes=\"auto, (max-width: 300px) 100vw, 300px\" \/><\/p>\n","protected":false},"excerpt":{"rendered":"<p>Sista g\u00e4sterna har l\u00e4mnat och endast st\u00e4dning \u00e5terst\u00e5r.<\/p>\n","protected":false},"author":1,"featured_media":1881,"comment_status":"open","ping_status":"open","sticky":false,"template":"","format":"standard","meta":{"footnotes":""},"categories":[74,73],"tags":[],"class_list":["post-1927","post","type-post","status-publish","format-standard","has-post-thumbnail","hentry","category-74","category-pasken"],"_links":{"self":[{"href":"https:\/\/familjen.larsen.vc\/index.php?rest_route=\/wp\/v2\/posts\/1927","targetHints":{"allow":["GET"]}}],"collection":[{"href":"https:\/\/familjen.larsen.vc\/index.php?rest_route=\/wp\/v2\/posts"}],"about":[{"href":"https:\/\/familjen.larsen.vc\/index.php?rest_route=\/wp\/v2\/types\/post"}],"author":[{"embeddable":true,"href":"https:\/\/familjen.larsen.vc\/index.php?rest_route=\/wp\/v2\/users\/1"}],"replies":[{"embeddable":true,"href":"https:\/\/familjen.larsen.vc\/index.php?rest_route=%2Fwp%2Fv2%2Fcomments&post=1927"}],"version-history":[{"count":1,"href":"https:\/\/familjen.larsen.vc\/index.php?rest_route=\/wp\/v2\/posts\/1927\/revisions"}],"predecessor-version":[{"id":1929,"href":"https:\/\/familjen.larsen.vc\/index.php?rest_route=\/wp\/v2\/posts\/1927\/revisions\/1929"}],"wp:featuredmedia":[{"embeddable":true,"href":"https:\/\/familjen.larsen.vc\/index.php?rest_route=\/wp\/v2\/media\/1881"}],"wp:attachment":[{"href":"https:\/\/familjen.larsen.vc\/index.php?rest_route=%2Fwp%2Fv2%2Fmedia&parent=1927"}],"wp:term":[{"taxonomy":"category","embeddable":true,"href":"https:\/\/familjen.larsen.vc\/index.php?rest_route=%2Fwp%2Fv2%2Fcategories&post=1927"},{"taxonomy":"post_tag","embeddable":true,"href":"https:\/\/familjen.larsen.vc\/index.php?rest_route=%2Fwp%2Fv2%2Ftags&post=1927"}],"curies":[{"name":"wp","href":"https:\/\/api.w.org\/{rel}","templated":true}]}}