{"id":1722,"date":"2015-05-02T17:55:43","date_gmt":"2015-05-02T16:55:43","guid":{"rendered":"http:\/\/familjen.larsen.vc\/?p=1722"},"modified":"2015-05-02T17:55:43","modified_gmt":"2015-05-02T16:55:43","slug":"andra-dagen-i-aquadome","status":"publish","type":"post","link":"https:\/\/familjen.larsen.vc\/?p=1722","title":{"rendered":"Andra dagen i Aquadome"},"content":{"rendered":"<p>Efter \u00e4nnu en morgon med nybakade bullar, till dagens frukost h\u00e4mtade av Magnus, begav vi oss av till badlandet igen. Det var varmt och fuktigt och Gabriel tyckte det var sk\u00f6nt. En annan blev bara s\u00e5sig i huvudet.<\/p>\n<p>Robert &amp; Co kom ocks\u00e5 och vi tr\u00e4ffade \u00e4ven p\u00e5 Jos\u00e9! Kul<\/p>\n<p>Lite bilder fr\u00e5n dagen.<img loading=\"lazy\" decoding=\"async\" class=\"aligncenter size-medium wp-image-1723\" src=\"https:\/\/familjen.larsen.vc\/wp-content\/uploads\/2015\/05\/SAM_4769-300x225.jpg\" alt=\"SAM_4769\" width=\"300\" height=\"225\" srcset=\"https:\/\/familjen.larsen.vc\/wp-content\/uploads\/2015\/05\/SAM_4769-300x225.jpg 300w, https:\/\/familjen.larsen.vc\/wp-content\/uploads\/2015\/05\/SAM_4769-1024x768.jpg 1024w\" sizes=\"auto, (max-width: 300px) 100vw, 300px\" \/> <img loading=\"lazy\" decoding=\"async\" class=\"aligncenter size-medium wp-image-1724\" src=\"https:\/\/familjen.larsen.vc\/wp-content\/uploads\/2015\/05\/SAM_4776-300x225.jpg\" alt=\"SAM_4776\" width=\"300\" height=\"225\" srcset=\"https:\/\/familjen.larsen.vc\/wp-content\/uploads\/2015\/05\/SAM_4776-300x225.jpg 300w, https:\/\/familjen.larsen.vc\/wp-content\/uploads\/2015\/05\/SAM_4776-1024x768.jpg 1024w\" sizes=\"auto, (max-width: 300px) 100vw, 300px\" \/> <img loading=\"lazy\" decoding=\"async\" class=\"aligncenter size-medium wp-image-1725\" src=\"https:\/\/familjen.larsen.vc\/wp-content\/uploads\/2015\/05\/SAM_4786-300x225.jpg\" alt=\"SAM_4786\" width=\"300\" height=\"225\" srcset=\"https:\/\/familjen.larsen.vc\/wp-content\/uploads\/2015\/05\/SAM_4786-300x225.jpg 300w, https:\/\/familjen.larsen.vc\/wp-content\/uploads\/2015\/05\/SAM_4786-1024x768.jpg 1024w\" sizes=\"auto, (max-width: 300px) 100vw, 300px\" \/> <img loading=\"lazy\" decoding=\"async\" class=\"aligncenter size-medium wp-image-1726\" src=\"https:\/\/familjen.larsen.vc\/wp-content\/uploads\/2015\/05\/SAM_4793-300x225.jpg\" alt=\"SAM_4793\" width=\"300\" height=\"225\" srcset=\"https:\/\/familjen.larsen.vc\/wp-content\/uploads\/2015\/05\/SAM_4793-300x225.jpg 300w, https:\/\/familjen.larsen.vc\/wp-content\/uploads\/2015\/05\/SAM_4793-1024x768.jpg 1024w\" sizes=\"auto, (max-width: 300px) 100vw, 300px\" \/> <img loading=\"lazy\" decoding=\"async\" class=\"aligncenter size-medium wp-image-1727\" src=\"https:\/\/familjen.larsen.vc\/wp-content\/uploads\/2015\/05\/SAM_4794-300x225.jpg\" alt=\"SAM_4794\" width=\"300\" height=\"225\" srcset=\"https:\/\/familjen.larsen.vc\/wp-content\/uploads\/2015\/05\/SAM_4794-300x225.jpg 300w, https:\/\/familjen.larsen.vc\/wp-content\/uploads\/2015\/05\/SAM_4794-1024x768.jpg 1024w\" sizes=\"auto, (max-width: 300px) 100vw, 300px\" \/> <img loading=\"lazy\" decoding=\"async\" class=\"aligncenter size-medium wp-image-1728\" src=\"https:\/\/familjen.larsen.vc\/wp-content\/uploads\/2015\/05\/SAM_4796-300x225.jpg\" alt=\"SAM_4796\" width=\"300\" height=\"225\" srcset=\"https:\/\/familjen.larsen.vc\/wp-content\/uploads\/2015\/05\/SAM_4796-300x225.jpg 300w, https:\/\/familjen.larsen.vc\/wp-content\/uploads\/2015\/05\/SAM_4796-1024x768.jpg 1024w\" sizes=\"auto, (max-width: 300px) 100vw, 300px\" \/> <img loading=\"lazy\" decoding=\"async\" class=\"aligncenter size-medium wp-image-1729\" src=\"https:\/\/familjen.larsen.vc\/wp-content\/uploads\/2015\/05\/SAM_4803-300x225.jpg\" alt=\"SAM_4803\" width=\"300\" height=\"225\" srcset=\"https:\/\/familjen.larsen.vc\/wp-content\/uploads\/2015\/05\/SAM_4803-300x225.jpg 300w, https:\/\/familjen.larsen.vc\/wp-content\/uploads\/2015\/05\/SAM_4803-1024x768.jpg 1024w\" sizes=\"auto, (max-width: 300px) 100vw, 300px\" \/> <img loading=\"lazy\" decoding=\"async\" class=\"aligncenter size-medium wp-image-1730\" src=\"https:\/\/familjen.larsen.vc\/wp-content\/uploads\/2015\/05\/SAM_4809-300x225.jpg\" alt=\"SAM_4809\" width=\"300\" height=\"225\" srcset=\"https:\/\/familjen.larsen.vc\/wp-content\/uploads\/2015\/05\/SAM_4809-300x225.jpg 300w, https:\/\/familjen.larsen.vc\/wp-content\/uploads\/2015\/05\/SAM_4809-1024x768.jpg 1024w\" sizes=\"auto, (max-width: 300px) 100vw, 300px\" \/><\/p>\n<p>D\u00e4refter blev det Monky Tonky show, med en avslutande tr\u00e4ff med Maja och Monky Tonky.<\/p>\n<p><img loading=\"lazy\" decoding=\"async\" class=\"aligncenter size-medium wp-image-1731\" src=\"https:\/\/familjen.larsen.vc\/wp-content\/uploads\/2015\/05\/SAM_4839-300x225.jpg\" alt=\"SAM_4839\" width=\"300\" height=\"225\" srcset=\"https:\/\/familjen.larsen.vc\/wp-content\/uploads\/2015\/05\/SAM_4839-300x225.jpg 300w, https:\/\/familjen.larsen.vc\/wp-content\/uploads\/2015\/05\/SAM_4839-1024x768.jpg 1024w\" sizes=\"auto, (max-width: 300px) 100vw, 300px\" \/> <img loading=\"lazy\" decoding=\"async\" class=\"aligncenter size-medium wp-image-1732\" src=\"https:\/\/familjen.larsen.vc\/wp-content\/uploads\/2015\/05\/SAM_4842-300x225.jpg\" alt=\"SAM_4842\" width=\"300\" height=\"225\" srcset=\"https:\/\/familjen.larsen.vc\/wp-content\/uploads\/2015\/05\/SAM_4842-300x225.jpg 300w, https:\/\/familjen.larsen.vc\/wp-content\/uploads\/2015\/05\/SAM_4842-1024x768.jpg 1024w\" sizes=\"auto, (max-width: 300px) 100vw, 300px\" \/><\/p>\n","protected":false},"excerpt":{"rendered":"<p>Efter \u00e4nnu en morgon med nybakade bullar, till dagens frukost h\u00e4mtade av Magnus, begav vi oss av till badlandet igen. Det var varmt och fuktigt och Gabriel tyckte det var sk\u00f6nt. En annan blev bara s\u00e5sig i huvudet. Robert &amp; Co kom ocks\u00e5 och vi tr\u00e4ffade \u00e4ven p\u00e5 Jos\u00e9! Kul Lite bilder fr\u00e5n dagen. D\u00e4refter [&hellip;]<\/p>\n","protected":false},"author":1,"featured_media":0,"comment_status":"open","ping_status":"open","sticky":false,"template":"","format":"standard","meta":{"footnotes":""},"categories":[65],"tags":[],"class_list":["post-1722","post","type-post","status-publish","format-standard","hentry","category-lalandia-rodby-2015"],"_links":{"self":[{"href":"https:\/\/familjen.larsen.vc\/index.php?rest_route=\/wp\/v2\/posts\/1722","targetHints":{"allow":["GET"]}}],"collection":[{"href":"https:\/\/familjen.larsen.vc\/index.php?rest_route=\/wp\/v2\/posts"}],"about":[{"href":"https:\/\/familjen.larsen.vc\/index.php?rest_route=\/wp\/v2\/types\/post"}],"author":[{"embeddable":true,"href":"https:\/\/familjen.larsen.vc\/index.php?rest_route=\/wp\/v2\/users\/1"}],"replies":[{"embeddable":true,"href":"https:\/\/familjen.larsen.vc\/index.php?rest_route=%2Fwp%2Fv2%2Fcomments&post=1722"}],"version-history":[{"count":1,"href":"https:\/\/familjen.larsen.vc\/index.php?rest_route=\/wp\/v2\/posts\/1722\/revisions"}],"predecessor-version":[{"id":1733,"href":"https:\/\/familjen.larsen.vc\/index.php?rest_route=\/wp\/v2\/posts\/1722\/revisions\/1733"}],"wp:attachment":[{"href":"https:\/\/familjen.larsen.vc\/index.php?rest_route=%2Fwp%2Fv2%2Fmedia&parent=1722"}],"wp:term":[{"taxonomy":"category","embeddable":true,"href":"https:\/\/familjen.larsen.vc\/index.php?rest_route=%2Fwp%2Fv2%2Fcategories&post=1722"},{"taxonomy":"post_tag","embeddable":true,"href":"https:\/\/familjen.larsen.vc\/index.php?rest_route=%2Fwp%2Fv2%2Ftags&post=1722"}],"curies":[{"name":"wp","href":"https:\/\/api.w.org\/{rel}","templated":true}]}}