{"id":1477,"date":"2013-07-08T22:23:11","date_gmt":"2013-07-08T21:23:11","guid":{"rendered":"http:\/\/familjen.larsen.vc\/?p=1477"},"modified":"2013-07-08T22:25:03","modified_gmt":"2013-07-08T21:25:03","slug":"trofea-restaurangen","status":"publish","type":"post","link":"https:\/\/familjen.larsen.vc\/?p=1477","title":{"rendered":"Trof\u00e9a Restaurangen"},"content":{"rendered":"<p>Denna dag b\u00f6rjade med att Emelie kom in och h\u00e4mtade Ellie, f\u00f6r att sedan g\u00e5 och handla in frukostbullar, vilka inmundigades inne hos Svensson&#8217;s och Emelie.<\/p>\n<p>Efter frukosten begav Axelsson&#8217;s och Larsen&#8217;s sig av med den gula linjen till inomhusmarknaden, d\u00e4r det inhandlades allehanda varor. Det blev ett kort stopp i baren d\u00e4r f\u00f6rfriskningar intogs.<\/p>\n<p><img loading=\"lazy\" decoding=\"async\" class=\"aligncenter size-medium wp-image-1478\" title=\"SAM_3045\" src=\"https:\/\/familjen.larsen.vc\/wp-content\/uploads\/2013\/07\/SAM_3045-300x225.jpg\" alt=\"\" width=\"300\" height=\"225\" srcset=\"https:\/\/familjen.larsen.vc\/wp-content\/uploads\/2013\/07\/SAM_3045-300x225.jpg 300w, https:\/\/familjen.larsen.vc\/wp-content\/uploads\/2013\/07\/SAM_3045-1024x768.jpg 1024w, https:\/\/familjen.larsen.vc\/wp-content\/uploads\/2013\/07\/SAM_3045-500x375.jpg 500w\" sizes=\"auto, (max-width: 300px) 100vw, 300px\" \/><\/p>\n<p>Efter marknaden begav vi oss \u00e5terigen ut p\u00e5 den gula linjen och fick se n\u00e5gra av de turistattraktioner som fanns l\u00e4ngs den v\u00e4gen. Vi bytte till den r\u00f6da linjen, d\u00e4r det passade b\u00e4st och tog den till &#8221;Hj\u00e4ltarnas torg&#8221;, varifr\u00e5n vi gick till den restaurang d\u00e4r Leif, Katja, Baba, Anita och Ursula skulle m\u00f6ta upp klockan 14:00. Vi var framme i tid och Leif och Katja v\u00e4ntade p\u00e5 oss. De andra tre kom, som s\u00e5 m\u00e5nga andra ungrare, n\u00e5got sent. Vi fick dock v\u00e4nta till 14:30 innan vi kunde g\u00e5 in.<\/p>\n<p>I denna restaurang serverades ett otal olika r\u00e4tter, vilka man sj\u00e4lv gick och plockade ihop i en buff\u00e9. Det r\u00e5a k\u00f6ttet l\u00e4mnade man p\u00e5 en tallrik \u00f6ver till kocken, varvid han tillagade det p\u00e5 b\u00e4sta s\u00e4tt. Under tiden gick man tillbaka till buff\u00e9n och plockade ihop de tillbeh\u00f6r, eller andra godsaker man ville ha till k\u00f6ttet. D\u00e5 det var obegr\u00e4nsat med hur mycket man fick \u00e4ta och dricka, blev det m\u00e5nga turer fr\u00e5n bordet och tillbaka.<\/p>\n<p>Dessutom firade vi &#8211; p\u00e5 Baba&#8217;s beg\u00e4ran &#8211; Elviras f\u00f6delsedag, varvid hela restaurangen appl\u00e5derade vid int\u00e5gandet med chokladf\u00f6delsedagst\u00e5rtan med fyrverkerier. Efter restaurangbes\u00f6ket skiljdes vi och det blev taxi till l\u00e4genheten.<\/p>\n<p>Efter lite vila, samlades vi i v\u00e5r l\u00e4genhet, d\u00e4r de som orkade, smakade p\u00e5 chokladt\u00e5rtan och drack en kopp kaffe. D\u00e4refter begav Axelsson&#8217;s och Larsen&#8217;s sig ut i Budapest f\u00f6r att se staden i m\u00f6rker. Innan det blev m\u00f6rkt, tog Elvira, Ellie och jag en tur i Pariserhjulet, 65-meter upp i luften.<\/p>\n\n\t\t<style type=\"text\/css\">\n\t\t\t#gallery-1 {\n\t\t\t\tmargin: auto;\n\t\t\t}\n\t\t\t#gallery-1 .gallery-item {\n\t\t\t\tfloat: left;\n\t\t\t\tmargin-top: 10px;\n\t\t\t\ttext-align: center;\n\t\t\t\twidth: 50%;\n\t\t\t}\n\t\t\t#gallery-1 img {\n\t\t\t\tborder: 2px solid #cfcfcf;\n\t\t\t}\n\t\t\t#gallery-1 .gallery-caption {\n\t\t\t\tmargin-left: 0;\n\t\t\t}\n\t\t\t\/* see gallery_shortcode() in wp-includes\/media.php *\/\n\t\t<\/style>\n\t\t<div id='gallery-1' class='gallery galleryid-1477 gallery-columns-2 gallery-size-thumbnail'><dl class='gallery-item'>\n\t\t\t<dt class='gallery-icon landscape'>\n\t\t\t\t<a href='https:\/\/familjen.larsen.vc\/wp-content\/uploads\/2013\/07\/SAM_3045.jpg'><img loading=\"lazy\" decoding=\"async\" width=\"150\" height=\"150\" src=\"https:\/\/familjen.larsen.vc\/wp-content\/uploads\/2013\/07\/SAM_3045-150x150.jpg\" class=\"attachment-thumbnail size-thumbnail\" alt=\"\" \/><\/a>\n\t\t\t<\/dt><\/dl><dl class='gallery-item'>\n\t\t\t<dt class='gallery-icon landscape'>\n\t\t\t\t<a href='https:\/\/familjen.larsen.vc\/wp-content\/uploads\/2013\/07\/DSCN0635.jpg'><img loading=\"lazy\" decoding=\"async\" width=\"150\" height=\"150\" src=\"https:\/\/familjen.larsen.vc\/wp-content\/uploads\/2013\/07\/DSCN0635-150x150.jpg\" class=\"attachment-thumbnail size-thumbnail\" alt=\"\" \/><\/a>\n\t\t\t<\/dt><\/dl><br style=\"clear: both\" \/><dl class='gallery-item'>\n\t\t\t<dt class='gallery-icon landscape'>\n\t\t\t\t<a href='https:\/\/familjen.larsen.vc\/wp-content\/uploads\/2013\/07\/SAM_3054.jpg'><img loading=\"lazy\" decoding=\"async\" width=\"150\" height=\"150\" src=\"https:\/\/familjen.larsen.vc\/wp-content\/uploads\/2013\/07\/SAM_3054-150x150.jpg\" class=\"attachment-thumbnail size-thumbnail\" alt=\"\" \/><\/a>\n\t\t\t<\/dt><\/dl><dl class='gallery-item'>\n\t\t\t<dt class='gallery-icon portrait'>\n\t\t\t\t<a href='https:\/\/familjen.larsen.vc\/wp-content\/uploads\/2013\/07\/SAM_3081.jpg'><img loading=\"lazy\" decoding=\"async\" width=\"150\" height=\"150\" src=\"https:\/\/familjen.larsen.vc\/wp-content\/uploads\/2013\/07\/SAM_3081-150x150.jpg\" class=\"attachment-thumbnail size-thumbnail\" alt=\"\" \/><\/a>\n\t\t\t<\/dt><\/dl><br style=\"clear: both\" \/><dl class='gallery-item'>\n\t\t\t<dt class='gallery-icon landscape'>\n\t\t\t\t<a href='https:\/\/familjen.larsen.vc\/wp-content\/uploads\/2013\/07\/SAM_3094.jpg'><img loading=\"lazy\" decoding=\"async\" width=\"150\" height=\"150\" src=\"https:\/\/familjen.larsen.vc\/wp-content\/uploads\/2013\/07\/SAM_3094-150x150.jpg\" class=\"attachment-thumbnail size-thumbnail\" alt=\"\" \/><\/a>\n\t\t\t<\/dt><\/dl>\n\t\t\t<br style='clear: both' \/>\n\t\t<\/div>\n\n<p>L\u00e4ngs Donau gick vi, efter ett stopp p\u00e5 en restaurang f\u00f6r lite f\u00f6rfriskningar, och tittade p\u00e5 de upplysta byggnaderna, innan vi begav oss tillbaka till l\u00e4genheterna. D\u00e4r blev det packning inf\u00f6r morgondagens ca: 2,5 h bilresa till Sopron.<\/p>\n","protected":false},"excerpt":{"rendered":"<p>Denna dag b\u00f6rjade med att Emelie kom in och h\u00e4mtade Ellie, f\u00f6r att sedan g\u00e5 och handla in frukostbullar, vilka inmundigades inne hos Svensson&#8217;s och Emelie. Efter frukosten begav Axelsson&#8217;s och Larsen&#8217;s sig av med den gula linjen till inomhusmarknaden, d\u00e4r det inhandlades allehanda varor. Det blev ett kort stopp i baren d\u00e4r f\u00f6rfriskningar intogs. [&hellip;]<\/p>\n","protected":false},"author":1,"featured_media":0,"comment_status":"open","ping_status":"open","sticky":false,"template":"","format":"standard","meta":{"footnotes":""},"categories":[55],"tags":[],"class_list":["post-1477","post","type-post","status-publish","format-standard","hentry","category-budapest-2013"],"_links":{"self":[{"href":"https:\/\/familjen.larsen.vc\/index.php?rest_route=\/wp\/v2\/posts\/1477","targetHints":{"allow":["GET"]}}],"collection":[{"href":"https:\/\/familjen.larsen.vc\/index.php?rest_route=\/wp\/v2\/posts"}],"about":[{"href":"https:\/\/familjen.larsen.vc\/index.php?rest_route=\/wp\/v2\/types\/post"}],"author":[{"embeddable":true,"href":"https:\/\/familjen.larsen.vc\/index.php?rest_route=\/wp\/v2\/users\/1"}],"replies":[{"embeddable":true,"href":"https:\/\/familjen.larsen.vc\/index.php?rest_route=%2Fwp%2Fv2%2Fcomments&post=1477"}],"version-history":[{"count":2,"href":"https:\/\/familjen.larsen.vc\/index.php?rest_route=\/wp\/v2\/posts\/1477\/revisions"}],"predecessor-version":[{"id":1484,"href":"https:\/\/familjen.larsen.vc\/index.php?rest_route=\/wp\/v2\/posts\/1477\/revisions\/1484"}],"wp:attachment":[{"href":"https:\/\/familjen.larsen.vc\/index.php?rest_route=%2Fwp%2Fv2%2Fmedia&parent=1477"}],"wp:term":[{"taxonomy":"category","embeddable":true,"href":"https:\/\/familjen.larsen.vc\/index.php?rest_route=%2Fwp%2Fv2%2Fcategories&post=1477"},{"taxonomy":"post_tag","embeddable":true,"href":"https:\/\/familjen.larsen.vc\/index.php?rest_route=%2Fwp%2Fv2%2Ftags&post=1477"}],"curies":[{"name":"wp","href":"https:\/\/api.w.org\/{rel}","templated":true}]}}