{"id":1442,"date":"2013-06-30T17:56:21","date_gmt":"2013-06-30T16:56:21","guid":{"rendered":"http:\/\/familjen.larsen.vc\/?p=1442"},"modified":"2013-07-01T05:39:19","modified_gmt":"2013-07-01T04:39:19","slug":"balaton-2","status":"publish","type":"post","link":"https:\/\/familjen.larsen.vc\/?p=1442","title":{"rendered":"Balaton 2"},"content":{"rendered":"<p>Andra dagen vaknade man efter en god natts s\u00f6mn under ett tungt t\u00e4cke. Per och J\u00f6rgen gick och k\u00f6pte frukostbullar och d\u00e4refter ordnades en helt underbar semesterfrukost, vilken intogs p\u00e5 terrassen i gemenskap.<\/p>\n<p>Efter frukosten gick Elin, Elvira, Per och J\u00f6rgen p\u00e5 uppt\u00e4cktsf\u00e4rd, nu mot motsatta h\u00e5llet mot g\u00e5rdagen. Promenaden p\u00e5gick i ca: 1-timme varvid det konstaterades att g\u00e5rdagens promenad hade presenterat den b\u00e4sta badplatsen som synts till.<\/p>\n<p>Efter \u00e5terkomsten till Villa Bella, startades grillen medan f\u00f6rberedelser p\u00e5gick \u00a0i k\u00f6ket. K\u00f6ttet lades p\u00e5 grillen efter det att potatisen varit i ugnen en stund. D\u00e4refter intogs en underbart god middag.<\/p>\n<p>Efter middagen delades meningarna om bland annat val av badplats och s\u00e4ttet p\u00e5mvilket det skulle v\u00e4ljas, varvid alla honk\u00f6n begav sig ut p\u00e5 en promenadtur, medan Per gick en egen lugnande runda och Leif och J\u00f6rgen blev kvar i huset f\u00f6r att endast insupa kv\u00e4llsatmosf\u00e4ren.<\/p>\n<p>Honk\u00f6nen \u00e5terkom med glass till alla, vilken intogs med tacksamhet.<\/p>\n<p>D\u00e4refter blev det till att ta det lugnt i samlingsrummet, framf\u00f6r en film &#8221;Hugo&#8221;, tills det var dags att g\u00e5 och knyta sig.<\/p>\n","protected":false},"excerpt":{"rendered":"<p>Andra dagen vaknade man efter en god natts s\u00f6mn under ett tungt t\u00e4cke. Per och J\u00f6rgen gick och k\u00f6pte frukostbullar och d\u00e4refter ordnades en helt underbar semesterfrukost, vilken intogs p\u00e5 terrassen i gemenskap. Efter frukosten gick Elin, Elvira, Per och J\u00f6rgen p\u00e5 uppt\u00e4cktsf\u00e4rd, nu mot motsatta h\u00e5llet mot g\u00e5rdagen. Promenaden p\u00e5gick i ca: 1-timme varvid [&hellip;]<\/p>\n","protected":false},"author":1,"featured_media":0,"comment_status":"open","ping_status":"open","sticky":false,"template":"","format":"standard","meta":{"footnotes":""},"categories":[53],"tags":[],"class_list":["post-1442","post","type-post","status-publish","format-standard","hentry","category-balaton-2013"],"_links":{"self":[{"href":"https:\/\/familjen.larsen.vc\/index.php?rest_route=\/wp\/v2\/posts\/1442","targetHints":{"allow":["GET"]}}],"collection":[{"href":"https:\/\/familjen.larsen.vc\/index.php?rest_route=\/wp\/v2\/posts"}],"about":[{"href":"https:\/\/familjen.larsen.vc\/index.php?rest_route=\/wp\/v2\/types\/post"}],"author":[{"embeddable":true,"href":"https:\/\/familjen.larsen.vc\/index.php?rest_route=\/wp\/v2\/users\/1"}],"replies":[{"embeddable":true,"href":"https:\/\/familjen.larsen.vc\/index.php?rest_route=%2Fwp%2Fv2%2Fcomments&post=1442"}],"version-history":[{"count":3,"href":"https:\/\/familjen.larsen.vc\/index.php?rest_route=\/wp\/v2\/posts\/1442\/revisions"}],"predecessor-version":[{"id":1444,"href":"https:\/\/familjen.larsen.vc\/index.php?rest_route=\/wp\/v2\/posts\/1442\/revisions\/1444"}],"wp:attachment":[{"href":"https:\/\/familjen.larsen.vc\/index.php?rest_route=%2Fwp%2Fv2%2Fmedia&parent=1442"}],"wp:term":[{"taxonomy":"category","embeddable":true,"href":"https:\/\/familjen.larsen.vc\/index.php?rest_route=%2Fwp%2Fv2%2Fcategories&post=1442"},{"taxonomy":"post_tag","embeddable":true,"href":"https:\/\/familjen.larsen.vc\/index.php?rest_route=%2Fwp%2Fv2%2Ftags&post=1442"}],"curies":[{"name":"wp","href":"https:\/\/api.w.org\/{rel}","templated":true}]}}