{"id":11011,"date":"2026-08-30T12:23:00","date_gmt":"2026-08-30T11:23:00","guid":{"rendered":"https:\/\/familjen.larsen.vc\/?p=11011"},"modified":"2026-09-05T07:29:59","modified_gmt":"2026-09-05T06:29:59","slug":"visning-omradet-nygards-dammar-svedala","status":"publish","type":"post","link":"https:\/\/familjen.larsen.vc\/?p=11011","title":{"rendered":"Visning omr\u00e5det Nyg\u00e5rds dammar Svedala"},"content":{"rendered":"\n<p class=\"wp-block-paragraph\">Idag var Tina och jag p\u00e5 husvisning i Svedala. Omr\u00e5det hette Nyg\u00e5rds dammar och visningen g\u00e4llde nybyggnation av hus.<\/p>\n\n\n\n<p class=\"wp-block-paragraph\">Vi hade sett ut en av de lediga tomterna till salu och fick g\u00e5 in i ett av de \u00e4nnu ej f\u00e4rdigst\u00e4llda husen. Tyv\u00e4rr var det inte ett s\u00e5dant hus som det var t\u00e4nkt att vi skulle bygga, men rummen var ungef\u00e4r i samma storlek.<\/p>\n\n\n\n<p class=\"wp-block-paragraph\">Vi kom ganska snart fram till att rummen var alldeles f\u00f6r sm\u00e5 f\u00f6r v\u00e5ra \u00e4ndam\u00e5l, s\u00e5 vi b\u00f6rjade titta p\u00e5 annat.<\/p>\n","protected":false},"excerpt":{"rendered":"<p>Idag var Tina och jag p\u00e5 husvisning i Svedala. Omr\u00e5det hette Nyg\u00e5rds dammar och visningen g\u00e4llde nybyggnation av hus. Vi hade sett ut en av de lediga tomterna till salu och fick g\u00e5 in i ett av de \u00e4nnu ej f\u00e4rdigst\u00e4llda husen. Tyv\u00e4rr var det inte ett s\u00e5dant hus som det var t\u00e4nkt att vi [&hellip;]<\/p>\n","protected":false},"author":1,"featured_media":5161,"comment_status":"closed","ping_status":"open","sticky":false,"template":"","format":"standard","meta":{"footnotes":""},"categories":[188],"tags":[],"class_list":["post-11011","post","type-post","status-publish","format-standard","has-post-thumbnail","hentry","category-renoveringar"],"_links":{"self":[{"href":"https:\/\/familjen.larsen.vc\/index.php?rest_route=\/wp\/v2\/posts\/11011","targetHints":{"allow":["GET"]}}],"collection":[{"href":"https:\/\/familjen.larsen.vc\/index.php?rest_route=\/wp\/v2\/posts"}],"about":[{"href":"https:\/\/familjen.larsen.vc\/index.php?rest_route=\/wp\/v2\/types\/post"}],"author":[{"embeddable":true,"href":"https:\/\/familjen.larsen.vc\/index.php?rest_route=\/wp\/v2\/users\/1"}],"replies":[{"embeddable":true,"href":"https:\/\/familjen.larsen.vc\/index.php?rest_route=%2Fwp%2Fv2%2Fcomments&post=11011"}],"version-history":[{"count":1,"href":"https:\/\/familjen.larsen.vc\/index.php?rest_route=\/wp\/v2\/posts\/11011\/revisions"}],"predecessor-version":[{"id":11012,"href":"https:\/\/familjen.larsen.vc\/index.php?rest_route=\/wp\/v2\/posts\/11011\/revisions\/11012"}],"wp:featuredmedia":[{"embeddable":true,"href":"https:\/\/familjen.larsen.vc\/index.php?rest_route=\/wp\/v2\/media\/5161"}],"wp:attachment":[{"href":"https:\/\/familjen.larsen.vc\/index.php?rest_route=%2Fwp%2Fv2%2Fmedia&parent=11011"}],"wp:term":[{"taxonomy":"category","embeddable":true,"href":"https:\/\/familjen.larsen.vc\/index.php?rest_route=%2Fwp%2Fv2%2Fcategories&post=11011"},{"taxonomy":"post_tag","embeddable":true,"href":"https:\/\/familjen.larsen.vc\/index.php?rest_route=%2Fwp%2Fv2%2Ftags&post=11011"}],"curies":[{"name":"wp","href":"https:\/\/api.w.org\/{rel}","templated":true}]}}