{"id":10184,"date":"2026-03-22T20:26:00","date_gmt":"2026-03-22T19:26:00","guid":{"rendered":"https:\/\/familjen.larsen.vc\/?p=10184"},"modified":"2026-03-25T07:30:46","modified_gmt":"2026-03-25T06:30:46","slug":"2026-03-22-sondagsmiddag","status":"publish","type":"post","link":"https:\/\/familjen.larsen.vc\/?p=10184","title":{"rendered":"2026-03-22 S\u00f6ndagsmiddag"},"content":{"rendered":"\n<p>Idag samlades vi som kunde p\u00e5 en s\u00f6ndagsmiddag.<\/p>\n\n\n\n<p>Emelie deltog i b\u00f6rjan, men blev senare k\u00f6rd till t\u00e5gstationen, f\u00f6r en resa \u00f6ver \u00d6resundsbron och sedan en flygresa till Nederl\u00e4nderna f\u00f6r en arbetsresa.<\/p>\n\n\n\n<figure class=\"wp-block-image size-large\"><img loading=\"lazy\" decoding=\"async\" width=\"576\" height=\"1024\" src=\"https:\/\/familjen.larsen.vc\/wp-content\/uploads\/2026\/03\/2026-03-22_IMG_3135-576x1024.jpg\" alt=\"\" class=\"wp-image-10183\" srcset=\"https:\/\/familjen.larsen.vc\/wp-content\/uploads\/2026\/03\/2026-03-22_IMG_3135-576x1024.jpg 576w, https:\/\/familjen.larsen.vc\/wp-content\/uploads\/2026\/03\/2026-03-22_IMG_3135-169x300.jpg 169w, https:\/\/familjen.larsen.vc\/wp-content\/uploads\/2026\/03\/2026-03-22_IMG_3135-768x1365.jpg 768w, https:\/\/familjen.larsen.vc\/wp-content\/uploads\/2026\/03\/2026-03-22_IMG_3135-864x1536.jpg 864w, https:\/\/familjen.larsen.vc\/wp-content\/uploads\/2026\/03\/2026-03-22_IMG_3135-1152x2048.jpg 1152w, https:\/\/familjen.larsen.vc\/wp-content\/uploads\/2026\/03\/2026-03-22_IMG_3135-1320x2347.jpg 1320w, https:\/\/familjen.larsen.vc\/wp-content\/uploads\/2026\/03\/2026-03-22_IMG_3135-scaled.jpg 1440w\" sizes=\"auto, (max-width: 576px) 100vw, 576px\" \/><\/figure>\n","protected":false},"excerpt":{"rendered":"<p>Idag samlades vi som kunde p\u00e5 en s\u00f6ndagsmiddag. Emelie deltog i b\u00f6rjan, men blev senare k\u00f6rd till t\u00e5gstationen, f\u00f6r en resa \u00f6ver \u00d6resundsbron och sedan en flygresa till Nederl\u00e4nderna f\u00f6r en arbetsresa.<\/p>\n","protected":false},"author":1,"featured_media":8408,"comment_status":"closed","ping_status":"open","sticky":false,"template":"","format":"standard","meta":{"footnotes":""},"categories":[104,384],"tags":[],"class_list":["post-10184","post","type-post","status-publish","format-standard","has-post-thumbnail","hentry","category-familjesammankomster","category-sondagsmiddag"],"_links":{"self":[{"href":"https:\/\/familjen.larsen.vc\/index.php?rest_route=\/wp\/v2\/posts\/10184","targetHints":{"allow":["GET"]}}],"collection":[{"href":"https:\/\/familjen.larsen.vc\/index.php?rest_route=\/wp\/v2\/posts"}],"about":[{"href":"https:\/\/familjen.larsen.vc\/index.php?rest_route=\/wp\/v2\/types\/post"}],"author":[{"embeddable":true,"href":"https:\/\/familjen.larsen.vc\/index.php?rest_route=\/wp\/v2\/users\/1"}],"replies":[{"embeddable":true,"href":"https:\/\/familjen.larsen.vc\/index.php?rest_route=%2Fwp%2Fv2%2Fcomments&post=10184"}],"version-history":[{"count":2,"href":"https:\/\/familjen.larsen.vc\/index.php?rest_route=\/wp\/v2\/posts\/10184\/revisions"}],"predecessor-version":[{"id":10186,"href":"https:\/\/familjen.larsen.vc\/index.php?rest_route=\/wp\/v2\/posts\/10184\/revisions\/10186"}],"wp:featuredmedia":[{"embeddable":true,"href":"https:\/\/familjen.larsen.vc\/index.php?rest_route=\/wp\/v2\/media\/8408"}],"wp:attachment":[{"href":"https:\/\/familjen.larsen.vc\/index.php?rest_route=%2Fwp%2Fv2%2Fmedia&parent=10184"}],"wp:term":[{"taxonomy":"category","embeddable":true,"href":"https:\/\/familjen.larsen.vc\/index.php?rest_route=%2Fwp%2Fv2%2Fcategories&post=10184"},{"taxonomy":"post_tag","embeddable":true,"href":"https:\/\/familjen.larsen.vc\/index.php?rest_route=%2Fwp%2Fv2%2Ftags&post=10184"}],"curies":[{"name":"wp","href":"https:\/\/api.w.org\/{rel}","templated":true}]}}