{"id":10072,"date":"2026-01-02T18:04:19","date_gmt":"2026-01-02T17:04:19","guid":{"rendered":"https:\/\/familjen.larsen.vc\/?p=10072"},"modified":"2026-01-02T18:04:42","modified_gmt":"2026-01-02T17:04:42","slug":"samuel-anmald-till-conquer-2026","status":"publish","type":"post","link":"https:\/\/familjen.larsen.vc\/?p=10072","title":{"rendered":"Samuel anm\u00e4ld till Conquer 2026"},"content":{"rendered":"\n<p>Jag f\u00f6reslog under kv\u00e4llens middag, att Samuel ocks\u00e5 skulle f\u00e5 vara med och g\u00f6ra utmaningen Conquer 2026! Eftersom Tina hade en Fitbit \u00f6ver, sedan hennes utv\u00e4rdering, s\u00e5 t\u00e4nkte hon att Samuel kunde f\u00e5 den.<\/p>\n\n\n\n<p>Tina ringde Emelie och fr\u00e5gade om det var OK &#8211; S\u00e5 blev det!<\/p>\n\n\n\n<p>Jag anm\u00e4lde honom och han fick sitt startnummer.<\/p>\n\n\n\n<figure class=\"wp-block-image size-large is-resized\"><img loading=\"lazy\" decoding=\"async\" width=\"1024\" height=\"675\" src=\"https:\/\/familjen.larsen.vc\/wp-content\/uploads\/2026\/01\/20260101_Con2026_Bib_SR-1-1024x675.jpg\" alt=\"\" class=\"wp-image-10073\" style=\"width:600px\" srcset=\"https:\/\/familjen.larsen.vc\/wp-content\/uploads\/2026\/01\/20260101_Con2026_Bib_SR-1-1024x675.jpg 1024w, https:\/\/familjen.larsen.vc\/wp-content\/uploads\/2026\/01\/20260101_Con2026_Bib_SR-1-300x198.jpg 300w, https:\/\/familjen.larsen.vc\/wp-content\/uploads\/2026\/01\/20260101_Con2026_Bib_SR-1-768x506.jpg 768w, https:\/\/familjen.larsen.vc\/wp-content\/uploads\/2026\/01\/20260101_Con2026_Bib_SR-1-1536x1013.jpg 1536w, https:\/\/familjen.larsen.vc\/wp-content\/uploads\/2026\/01\/20260101_Con2026_Bib_SR-1-1320x870.jpg 1320w, https:\/\/familjen.larsen.vc\/wp-content\/uploads\/2026\/01\/20260101_Con2026_Bib_SR-1-rotated.jpg 1788w\" sizes=\"auto, (max-width: 1024px) 100vw, 1024px\" \/><\/figure>\n","protected":false},"excerpt":{"rendered":"<p>Jag f\u00f6reslog under kv\u00e4llens middag, att Samuel ocks\u00e5 skulle f\u00e5 vara med och g\u00f6ra utmaningen Conquer 2026! Eftersom Tina hade en Fitbit \u00f6ver, sedan hennes utv\u00e4rdering, s\u00e5 t\u00e4nkte hon att Samuel kunde f\u00e5 den. Tina ringde Emelie och fr\u00e5gade om det var OK &#8211; S\u00e5 blev det! Jag anm\u00e4lde honom och han fick sitt startnummer.<\/p>\n","protected":false},"author":1,"featured_media":10066,"comment_status":"closed","ping_status":"open","sticky":false,"template":"","format":"standard","meta":{"footnotes":""},"categories":[374,72],"tags":[],"class_list":["post-10072","post","type-post","status-publish","format-standard","has-post-thumbnail","hentry","category-conquer_2026","category-samuel"],"_links":{"self":[{"href":"https:\/\/familjen.larsen.vc\/index.php?rest_route=\/wp\/v2\/posts\/10072","targetHints":{"allow":["GET"]}}],"collection":[{"href":"https:\/\/familjen.larsen.vc\/index.php?rest_route=\/wp\/v2\/posts"}],"about":[{"href":"https:\/\/familjen.larsen.vc\/index.php?rest_route=\/wp\/v2\/types\/post"}],"author":[{"embeddable":true,"href":"https:\/\/familjen.larsen.vc\/index.php?rest_route=\/wp\/v2\/users\/1"}],"replies":[{"embeddable":true,"href":"https:\/\/familjen.larsen.vc\/index.php?rest_route=%2Fwp%2Fv2%2Fcomments&post=10072"}],"version-history":[{"count":1,"href":"https:\/\/familjen.larsen.vc\/index.php?rest_route=\/wp\/v2\/posts\/10072\/revisions"}],"predecessor-version":[{"id":10074,"href":"https:\/\/familjen.larsen.vc\/index.php?rest_route=\/wp\/v2\/posts\/10072\/revisions\/10074"}],"wp:featuredmedia":[{"embeddable":true,"href":"https:\/\/familjen.larsen.vc\/index.php?rest_route=\/wp\/v2\/media\/10066"}],"wp:attachment":[{"href":"https:\/\/familjen.larsen.vc\/index.php?rest_route=%2Fwp%2Fv2%2Fmedia&parent=10072"}],"wp:term":[{"taxonomy":"category","embeddable":true,"href":"https:\/\/familjen.larsen.vc\/index.php?rest_route=%2Fwp%2Fv2%2Fcategories&post=10072"},{"taxonomy":"post_tag","embeddable":true,"href":"https:\/\/familjen.larsen.vc\/index.php?rest_route=%2Fwp%2Fv2%2Ftags&post=10072"}],"curies":[{"name":"wp","href":"https:\/\/api.w.org\/{rel}","templated":true}]}}